{"id":167847,"date":"2025-10-10T16:23:11","date_gmt":"2025-10-10T16:23:11","guid":{"rendered":"https:\/\/www.europesays.com\/es\/167847\/"},"modified":"2025-10-10T16:23:11","modified_gmt":"2025-10-10T16:23:11","slug":"replasa-beti-onak-jugara-su-eliminatoria-europea-en-villava-los-dias-15-y-16-de-noviembre","status":"publish","type":"post","link":"https:\/\/www.europesays.com\/es\/167847\/","title":{"rendered":"Replasa Beti Onak jugar\u00e1 su eliminatoria europea en Villava los d\u00edas 15 y 16 de noviembre"},"content":{"rendered":"<p>La <strong>Federaci\u00f3n Europea de Balonmano<\/strong>\u00a0(EHF) lo ha hecho oficial. La pr\u00f3xima eliminatoria que el <strong>Replasa Beti Onak<\/strong> va a disputar en la competici\u00f3n europea se celebrar\u00e1 en el<strong> Hermanos Indur\u00e1in de Villava<\/strong>. Tanto el encuentro de ida como el de vuelta. El primero de los partidos se ha fijado, seg\u00fan la informaci\u00f3n publicada por la EHF, para el<strong> s\u00e1bado<\/strong>\u00a0<strong>15 de noviembre<\/strong> a las 18.00 horas y el segundo, en teor\u00eda el que deb\u00eda haberse disputado en tierras suiza, el <strong>domingo 16<\/strong> tambi\u00e9n a las 18.00 horas y de nuevo en Villava.\u00a0<\/p>\n<p>Una situaci\u00f3n habitual en la<strong> EHF European Cup<\/strong> que necesita de la negociaci\u00f3n y un acuerdo previo de los dos equipos protagonistas, algo que en esta ocasi\u00f3n parece que ha sido posible.<\/p>\n<p>De esta forma, <strong>Villava y su afici\u00f3n<\/strong> tendr\u00e1n un mayor peso y protagonismo en el futuro del conjunto navarro, que en la temporada de <strong>debut en la competici\u00f3n europea<\/strong> ya elimin\u00f3 en segunda ronda al <strong>HC Galychanka<\/strong> ucraniano disputando el primer partido en tierras navarras y el segundo en Polonia (exilio del conjunto de Ucrania por la situaci\u00f3n b\u00e9lica que azota su pa\u00eds), en la tercera competici\u00f3n continental.\u00a0<\/p>\n<p>Esta designaci\u00f3n obligar\u00e1 a variar el horario del partido que las de <strong>Miguel Etxeberria<\/strong> deben afrontar, dentro de la und\u00e9cima jornada de la <strong>Liga Guerreras Iberdrola<\/strong>, en Villava frente al Super Amara Bera Bera, se\u00f1alado inicialmente para el s\u00e1bado 15. No obstante, el cambio de d\u00eda y hora de ese encuentro liguero a\u00fan no se ha fijado oficialmente por la <strong>Real Federaci\u00f3n Espa\u00f1ola de Balonmano<\/strong> en un calendario cargado de partidos para las de Villava, que tienen fijado para el <strong>mi\u00e9rcoles 5 de noviembre<\/strong>, en Logro\u00f1o a las 20.30h, su duelo con el <strong>Grafometal La Rioja <\/strong>de la 10\u00aa jornada de liga.\u00a0 \u00a0De esa forma, y siempre que\u00a0 no se se\u00f1ale ese duelo con el Bera Bera en esa semana, tendr\u00edan casi 10 d\u00edas para preparar la eliminatoria continental.<\/p>\n","protected":false},"excerpt":{"rendered":"La Federaci\u00f3n Europea de Balonmano\u00a0(EHF) lo ha hecho oficial. La pr\u00f3xima eliminatoria que el Replasa Beti Onak va&hellip;\n","protected":false},"author":2,"featured_media":167848,"comment_status":"","ping_status":"","sticky":false,"template":"","format":"standard","meta":{"footnotes":""},"categories":[278],"tags":[376,7952,168,25,24,375,10660,7953,3850,7951,23,167],"class_list":{"0":"post-167847","1":"post","2":"type-post","3":"status-publish","4":"format-standard","5":"has-post-thumbnail","7":"category-balonmano","8":"tag-balonmano","9":"tag-beti","10":"tag-deportes","11":"tag-es","12":"tag-espana","13":"tag-handball","14":"tag-jugara","15":"tag-onak","16":"tag-proxima","17":"tag-replasa","18":"tag-spain","19":"tag-sports"},"share_on_mastodon":{"url":"","error":""},"_links":{"self":[{"href":"https:\/\/www.europesays.com\/es\/wp-json\/wp\/v2\/posts\/167847","targetHints":{"allow":["GET"]}}],"collection":[{"href":"https:\/\/www.europesays.com\/es\/wp-json\/wp\/v2\/posts"}],"about":[{"href":"https:\/\/www.europesays.com\/es\/wp-json\/wp\/v2\/types\/post"}],"author":[{"embeddable":true,"href":"https:\/\/www.europesays.com\/es\/wp-json\/wp\/v2\/users\/2"}],"replies":[{"embeddable":true,"href":"https:\/\/www.europesays.com\/es\/wp-json\/wp\/v2\/comments?post=167847"}],"version-history":[{"count":0,"href":"https:\/\/www.europesays.com\/es\/wp-json\/wp\/v2\/posts\/167847\/revisions"}],"wp:featuredmedia":[{"embeddable":true,"href":"https:\/\/www.europesays.com\/es\/wp-json\/wp\/v2\/media\/167848"}],"wp:attachment":[{"href":"https:\/\/www.europesays.com\/es\/wp-json\/wp\/v2\/media?parent=167847"}],"wp:term":[{"taxonomy":"category","embeddable":true,"href":"https:\/\/www.europesays.com\/es\/wp-json\/wp\/v2\/categories?post=167847"},{"taxonomy":"post_tag","embeddable":true,"href":"https:\/\/www.europesays.com\/es\/wp-json\/wp\/v2\/tags?post=167847"}],"curies":[{"name":"wp","href":"https:\/\/api.w.org\/{rel}","templated":true}]}}