{"id":167851,"date":"2025-10-10T16:29:07","date_gmt":"2025-10-10T16:29:07","guid":{"rendered":"https:\/\/www.europesays.com\/es\/167851\/"},"modified":"2025-10-10T16:29:07","modified_gmt":"2025-10-10T16:29:07","slug":"asi-seran-la-q1-q2-y-q3","status":"publish","type":"post","link":"https:\/\/www.europesays.com\/es\/167851\/","title":{"rendered":"as\u00ed ser\u00e1n la Q1, Q2 y Q3"},"content":{"rendered":"<p class=\"L6-news-detail__text\">Se avecinan grandes cambios en la<b> F\u00f3rmula 1<\/b> de cara a <b>2026<\/b>. Adem\u00e1s de la implementaci\u00f3n de un nuevo reglamento t\u00e9cnico aerodin\u00e1mico y en las unidades de potencia, la incorporaci\u00f3n del nuevo equipo <b>Cadillac <\/b>obligar\u00e1 a reajustar el<b> formato de clasificaci\u00f3n<\/b>.<\/p>\n<p class=\"L6-news-detail__text\">La parrilla estar\u00e1 formada por<b> 22 monoplazas <\/b>por lo que la actual estructura de Q1, Q2 y Q3 tendr\u00e1 que actualizarse despu\u00e9s de haberse mantenido durante 9 temporadas con el mismo procedimiento. Atr\u00e1s quedar\u00e1 un sistema en el que en la Q1 se eliminaban cinco pilotos, en la Q2 otros cinco, y los diez restantes defin\u00edan sus posiciones en la Q3.<\/p>\n<p class=\"L6-news-detail__text\">Ahora, con 22 monoplazas, las sesiones aumentar\u00e1n su exigencia con un tr\u00e1fico m\u00e1s intenso. El nuevo sistema mantendr\u00e1 la estructura con <b>tres rondas clasificatorias<\/b> y lo que variar\u00e1 ser\u00e1 el <b>n\u00famero de monoplazas eliminados en cada ronda<\/b>.<\/p>\n<p class=\"L6-news-detail__text\">Los 22 pilotos arrancar\u00e1n en la Q1 y <b>los seis m\u00e1s lentos<\/b> ser\u00e1n eliminados. De esta forma, en la Q2 ser\u00e1n 16 los coches que rueden para eliminar nuevamente a los seis m\u00e1s lentos y llegar a la<b> Q3 con 10 monoplazas<\/b>. La Q3 proceder\u00e1 sin cambios, con los 10 mejores tiempos preparados para disputarse las primeras posiciones de la parrilla de salida.<\/p>\n<p class=\"L6-news-detail__text\">El nuevo sistema se ajustar\u00e1 al utilizado en <b>2016<\/b>, ultima referencia del &#8216;Gran Circo&#8217; con <b>11 escuder\u00edas<\/b>. La actualizaci\u00f3n en las sesiones clasificatorias afectar\u00e1n especialmente a aquellos circuitos donde el tr\u00e1fico acostumbra a ser motivo de quejas, como por ejemplo en <b>M\u00f3naco<\/b>, d\u00f3nde la Q1 puede suponer un verdadero problema.<\/p>\n<p class=\"L6-support-news-video__title\">\u00abCon Fernando y con Adrian Newey\u2026\u00bb<\/p>\n<p>            <a href=\"https:\/\/www.lasexta.com\/noticias\/deportes\/motor\/formula1\/fernando-alonso-puede-ganar-2026-alguersuari-ensalza-combo-newey_2025100868e667ac0e3c6c5098282fb6.html\" class=\"L6-news__link\" rel=\"nofollow noopener\" target=\"_blank\"><br \/>\n                \u00abFernando Alonso puede ganar en 2026\u00bb: Alguersuari ensalza el &#8216;combo&#8217; con Newey<\/p>\n<p class=\"recirculation-video-desc\">El expiloto de F\u00f3rmula 1 Jaime Alguersuari ha analizado en &#8216;Jugones&#8217; las opciones que tiene el piloto de Aston Martin de volver a lo m\u00e1s alto con el nuevo reglamento.<\/p>\n<p>            <\/a><\/p>\n","protected":false},"excerpt":{"rendered":"Se avecinan grandes cambios en la F\u00f3rmula 1 de cara a 2026. Adem\u00e1s de la implementaci\u00f3n de un&hellip;\n","protected":false},"author":2,"featured_media":167852,"comment_status":"","ping_status":"","sticky":false,"template":"","format":"standard","meta":{"footnotes":""},"categories":[270],"tags":[168,25,24,306,271,272,23,167],"class_list":{"0":"post-167851","1":"post","2":"type-post","3":"status-publish","4":"format-standard","5":"has-post-thumbnail","7":"category-formula-1","8":"tag-deportes","9":"tag-es","10":"tag-espana","11":"tag-f1","12":"tag-formula-1","13":"tag-formula1","14":"tag-spain","15":"tag-sports"},"share_on_mastodon":{"url":"","error":""},"_links":{"self":[{"href":"https:\/\/www.europesays.com\/es\/wp-json\/wp\/v2\/posts\/167851","targetHints":{"allow":["GET"]}}],"collection":[{"href":"https:\/\/www.europesays.com\/es\/wp-json\/wp\/v2\/posts"}],"about":[{"href":"https:\/\/www.europesays.com\/es\/wp-json\/wp\/v2\/types\/post"}],"author":[{"embeddable":true,"href":"https:\/\/www.europesays.com\/es\/wp-json\/wp\/v2\/users\/2"}],"replies":[{"embeddable":true,"href":"https:\/\/www.europesays.com\/es\/wp-json\/wp\/v2\/comments?post=167851"}],"version-history":[{"count":0,"href":"https:\/\/www.europesays.com\/es\/wp-json\/wp\/v2\/posts\/167851\/revisions"}],"wp:featuredmedia":[{"embeddable":true,"href":"https:\/\/www.europesays.com\/es\/wp-json\/wp\/v2\/media\/167852"}],"wp:attachment":[{"href":"https:\/\/www.europesays.com\/es\/wp-json\/wp\/v2\/media?parent=167851"}],"wp:term":[{"taxonomy":"category","embeddable":true,"href":"https:\/\/www.europesays.com\/es\/wp-json\/wp\/v2\/categories?post=167851"},{"taxonomy":"post_tag","embeddable":true,"href":"https:\/\/www.europesays.com\/es\/wp-json\/wp\/v2\/tags?post=167851"}],"curies":[{"name":"wp","href":"https:\/\/api.w.org\/{rel}","templated":true}]}}