{"id":167859,"date":"2025-10-10T16:33:19","date_gmt":"2025-10-10T16:33:19","guid":{"rendered":"https:\/\/www.europesays.com\/es\/167859\/"},"modified":"2025-10-10T16:33:19","modified_gmt":"2025-10-10T16:33:19","slug":"world-sports-photography-awards-2026-abierto-el-plazo-para-el-concurso-de-foto-deportiva-mas-importante-del-mundo-ahora-patrocinado-por-canon","status":"publish","type":"post","link":"https:\/\/www.europesays.com\/es\/167859\/","title":{"rendered":"World Sports Photography Awards 2026: abierto el plazo para el concurso de foto deportiva m\u00e1s importante del mundo, ahora patrocinado por Canon"},"content":{"rendered":"<p><img fetchpriority=\"high\" decoding=\"async\" data-attachment-id=\"82037\" data-permalink=\"https:\/\/photolari.com\/world-sports-photography-awards-2026-canon-sera-partner-oficial-y-ya-esta-abierto-el-plazo-de-inscripcion\/magdalena-strakova-world-sports-photography-awards\/\" data-orig-file=\"https:\/\/www.europesays.com\/es\/wp-content\/uploads\/2025\/10\/magdalena-strakova-world-sports-photography-awards.jpg\" data-orig-size=\"1200,800\" data-comments-opened=\"1\" data-image-meta=\"{&quot;aperture&quot;:&quot;0&quot;,&quot;credit&quot;:&quot;&quot;,&quot;camera&quot;:&quot;&quot;,&quot;caption&quot;:&quot;&quot;,&quot;created_timestamp&quot;:&quot;0&quot;,&quot;copyright&quot;:&quot;&quot;,&quot;focal_length&quot;:&quot;0&quot;,&quot;iso&quot;:&quot;0&quot;,&quot;shutter_speed&quot;:&quot;0&quot;,&quot;title&quot;:&quot;&quot;,&quot;orientation&quot;:&quot;1&quot;}\" data-image-title=\"\u00a9 Magdalena Strakova \u2013 World Sports Photography Awards\" data-image-description=\"\" data-image-caption=\"\" data-medium-file=\"https:\/\/photolari.com\/wp-content\/uploads\/2025\/10\/magdalena-strakova-world-sports-photography-awards-300x200.jpg\" data-large-file=\"https:\/\/photolari.com\/wp-content\/uploads\/2025\/10\/magdalena-strakova-world-sports-photography-awards-1030x687.jpg\" class=\"alignnone size-full wp-image-82037\" src=\"https:\/\/www.europesays.com\/es\/wp-content\/uploads\/2025\/10\/magdalena-strakova-world-sports-photography-awards.jpg\" alt=\"\u00a9 Magdalena Strakova \u2013 World Sports Photography Awards\" width=\"1200\" height=\"800\"  \/><\/p>\n<p>El concurso de fotograf\u00eda deportiva m\u00e1s importante del mundo, los <a href=\"https:\/\/www.worldsportsphotographyawards.com\/\" rel=\"nofollow noopener\" target=\"_blank\">World Sports Photography Awards<\/a>, ya tiene partner oficial de imagen para la edici\u00f3n de 2026: <strong>Canon<\/strong>. No es precisamente una sorpresa, porque si hay una marca que todo el mundo asocia con fot\u00f3grafos y fot\u00f3grafas a pie de campo es la japonesa. Basta con echar un ojo a las gradas de prensa de cualquier Mundial o Juegos Ol\u00edmpicos para comprobar que es una de las mayoritarias.<\/p>\n<p>\nPublicidad&#13;<br \/>\n  &#13;\n<\/p>\n<p><img loading=\"lazy\" decoding=\"async\" data-attachment-id=\"39300\" data-permalink=\"https:\/\/photolari.com\/malestar-entre-los-fotografos-por-quedarse-fuera-de-los-entrenamientos-de-los-clubes-de-futbol\/fotografos-futbol-eduardo-parra\/\" data-orig-file=\"https:\/\/www.europesays.com\/es\/wp-content\/uploads\/2025\/10\/fotografos-futbol-eduardo-parra.jpg\" data-orig-size=\"1200,955\" data-comments-opened=\"1\" data-image-meta=\"{&quot;aperture&quot;:&quot;0&quot;,&quot;credit&quot;:&quot;&quot;,&quot;camera&quot;:&quot;&quot;,&quot;caption&quot;:&quot;&quot;,&quot;created_timestamp&quot;:&quot;0&quot;,&quot;copyright&quot;:&quot;&quot;,&quot;focal_length&quot;:&quot;0&quot;,&quot;iso&quot;:&quot;0&quot;,&quot;shutter_speed&quot;:&quot;0&quot;,&quot;title&quot;:&quot;&quot;,&quot;orientation&quot;:&quot;0&quot;}\" data-image-title=\"Fotografos-futbol-Eduardo-Parra\" data-image-description=\"\" data-image-caption=\"&lt;p&gt;\u00a9 Eduardo Parra&lt;\/p&gt;&#10;\" data-medium-file=\"https:\/\/photolari.com\/wp-content\/uploads\/2020\/05\/fotografos-futbol-eduardo-parra-300x239.jpg\" data-large-file=\"https:\/\/photolari.com\/wp-content\/uploads\/2020\/05\/fotografos-futbol-eduardo-parra-1030x820.jpg\" class=\"size-full wp-image-39300\" src=\"https:\/\/www.europesays.com\/es\/wp-content\/uploads\/2025\/10\/fotografos-futbol-eduardo-parra.jpg\" alt=\"Fotografos-futbol-Eduardo-Parra\" width=\"1200\" height=\"955\"  \/>\u00a9 Eduardo Parra<\/p>\n<p>M\u00e1s all\u00e1 de poner su logo, Canon introduce un nuevo premio:<strong> Canon Emerging Talent<\/strong>, dirigido a fot\u00f3grafos menores de 30 a\u00f1os, con el objetivo de reconocer a j\u00f3venes talentos en fotograf\u00eda deportiva. \u201cEste premio celebra la creatividad y la pasi\u00f3n por los fot\u00f3grafos emergentes y refleja nuestro compromiso de apoyar a la pr\u00f3xima generaci\u00f3n de narradores visuales\u201d remarc\u00f3 Richard Shepherd, Product Marketing Senior Manager de Canon.<\/p>\n<p><img loading=\"lazy\" decoding=\"async\" data-attachment-id=\"82036\" data-permalink=\"https:\/\/photolari.com\/world-sports-photography-awards-2026-canon-sera-partner-oficial-y-ya-esta-abierto-el-plazo-de-inscripcion\/henrique-casinhas-world-sports-photography-awards\/\" data-orig-file=\"https:\/\/www.europesays.com\/es\/wp-content\/uploads\/2025\/10\/henrique-casinhas-world-sports-photography-awards.jpg\" data-orig-size=\"1200,800\" data-comments-opened=\"1\" data-image-meta=\"{&quot;aperture&quot;:&quot;0&quot;,&quot;credit&quot;:&quot;&quot;,&quot;camera&quot;:&quot;&quot;,&quot;caption&quot;:&quot;&quot;,&quot;created_timestamp&quot;:&quot;0&quot;,&quot;copyright&quot;:&quot;&quot;,&quot;focal_length&quot;:&quot;0&quot;,&quot;iso&quot;:&quot;0&quot;,&quot;shutter_speed&quot;:&quot;0&quot;,&quot;title&quot;:&quot;&quot;,&quot;orientation&quot;:&quot;1&quot;}\" data-image-title=\"\u00a9 Henrique Casinhas \u2013 World Sports Photography Awards\" data-image-description=\"\" data-image-caption=\"\" data-medium-file=\"https:\/\/photolari.com\/wp-content\/uploads\/2025\/10\/henrique-casinhas-world-sports-photography-awards-300x200.jpg\" data-large-file=\"https:\/\/photolari.com\/wp-content\/uploads\/2025\/10\/henrique-casinhas-world-sports-photography-awards-1030x687.jpg\" class=\"wp-image-82036 size-full\" src=\"https:\/\/www.europesays.com\/es\/wp-content\/uploads\/2025\/10\/henrique-casinhas-world-sports-photography-awards.jpg\" alt=\"\u00a9 Henrique Casinhas \u2013 World Sports Photography Awards\" width=\"1200\" height=\"800\"  \/>\u00a9 Henrique Casinhas \u2013 World Sports Photography Awards<\/p>\n<p><strong>\u00bfQuieres participar?<\/strong> Las inscripciones gratuitas estar\u00e1n abiertas a partir del d\u00eda 1 de octubre de 2025 y la fecha l\u00edmite para la presentaci\u00f3n es el 24 de noviembre. En <a href=\"https:\/\/worldsportsphotographyawards.awardmgt.com\/entries\/\" rel=\"nofollow noopener\" target=\"_blank\"><strong>este enlace<\/strong><\/a> pod\u00e9is revisar las bases y las condiciones para poder participar en las 24 disciplinas deportivas que recoge el concurso.\u00a0<\/p>\n<p>En la competici\u00f3n de 2025 participaron m\u00e1s de 2.200 fot\u00f3grafos y fot\u00f3grafas de 97 pa\u00edses, mostrando im\u00e1genes de m\u00e1s de 50 deportes diferentes. El jurado est\u00e1 formado por representantes de los sectores de deporte, medios de comunicaci\u00f3n, fotograf\u00eda, marcas e industria creativa.\u00a0<\/p>\n<p>\n\tRelacionado<\/p>\n","protected":false},"excerpt":{"rendered":"El concurso de fotograf\u00eda deportiva m\u00e1s importante del mundo, los World Sports Photography Awards, ya tiene partner oficial&hellip;\n","protected":false},"author":2,"featured_media":167860,"comment_status":"","ping_status":"","sticky":false,"template":"","format":"standard","meta":{"footnotes":""},"categories":[173],"tags":[229,233,231,230,14417,48059,232,234,146,147,25,24,23],"class_list":{"0":"post-167859","1":"post","2":"type-post","3":"status-publish","4":"format-standard","5":"has-post-thumbnail","7":"category-arte-y-diseno","8":"tag-arte","9":"tag-arte-y-diseno","10":"tag-arts","11":"tag-arts-and-design","12":"tag-canon","13":"tag-concurso-fotografia","14":"tag-design","15":"tag-diseno","16":"tag-entertainment","17":"tag-entretenimiento","18":"tag-es","19":"tag-espana","20":"tag-spain"},"share_on_mastodon":{"url":"","error":""},"_links":{"self":[{"href":"https:\/\/www.europesays.com\/es\/wp-json\/wp\/v2\/posts\/167859","targetHints":{"allow":["GET"]}}],"collection":[{"href":"https:\/\/www.europesays.com\/es\/wp-json\/wp\/v2\/posts"}],"about":[{"href":"https:\/\/www.europesays.com\/es\/wp-json\/wp\/v2\/types\/post"}],"author":[{"embeddable":true,"href":"https:\/\/www.europesays.com\/es\/wp-json\/wp\/v2\/users\/2"}],"replies":[{"embeddable":true,"href":"https:\/\/www.europesays.com\/es\/wp-json\/wp\/v2\/comments?post=167859"}],"version-history":[{"count":0,"href":"https:\/\/www.europesays.com\/es\/wp-json\/wp\/v2\/posts\/167859\/revisions"}],"wp:featuredmedia":[{"embeddable":true,"href":"https:\/\/www.europesays.com\/es\/wp-json\/wp\/v2\/media\/167860"}],"wp:attachment":[{"href":"https:\/\/www.europesays.com\/es\/wp-json\/wp\/v2\/media?parent=167859"}],"wp:term":[{"taxonomy":"category","embeddable":true,"href":"https:\/\/www.europesays.com\/es\/wp-json\/wp\/v2\/categories?post=167859"},{"taxonomy":"post_tag","embeddable":true,"href":"https:\/\/www.europesays.com\/es\/wp-json\/wp\/v2\/tags?post=167859"}],"curies":[{"name":"wp","href":"https:\/\/api.w.org\/{rel}","templated":true}]}}