{"id":167861,"date":"2025-10-10T16:34:08","date_gmt":"2025-10-10T16:34:08","guid":{"rendered":"https:\/\/www.europesays.com\/es\/167861\/"},"modified":"2025-10-10T16:34:08","modified_gmt":"2025-10-10T16:34:08","slug":"literatura-de-altura-creciente-la-feria-del-libro-de-sevilla-2025-invita-a-ninos-y-familias-a-volar-con-los-libros-radio-sevilla","status":"publish","type":"post","link":"https:\/\/www.europesays.com\/es\/167861\/","title":{"rendered":"\u201cLiteratura de Altura Creciente\u201d: la Feria del Libro de Sevilla 2025 invita a ni\u00f1os y familias a volar con los libros | Radio Sevilla"},"content":{"rendered":"<p class=\"loc\">Sevilla <\/p>\n<p>La Feria del Libro de Sevilla 2025 se eleva este a\u00f1o con su propuesta infantil \u201cLiteratura de Altura Creciente\u201d, un programa que convierte la lectura en una aventura compartida donde ni\u00f1os, ni\u00f1as y familias ser\u00e1n protagonistas de su propio vuelo lector.<\/p>\n<p>La iniciativa re\u00fane a escritoras, ilustradores, narradores y compa\u00f1\u00edas teatrales que transformar\u00e1n los libros en experiencias sensoriales y creativas. Figuras como Margarita del Mazo, Concha Pasamar, Mar\u00eda Pascual de la Torre, Andrea Antinori, la Compa\u00f1\u00eda Planas y Ardila y el Colectivo Esc\u00e9nico L\u00e9golas liderar\u00e1n una programaci\u00f3n que mezcla literatura, arte y juego.<\/p>\n<p>Entre las actividades destacan los talleres de ilustraci\u00f3n en familia, los espect\u00e1culos de narraci\u00f3n oral, los bebecuentos y una edici\u00f3n especial del programa de radio \u201cMenudo Castillo\u201d, que convertir\u00e1 el recinto ferial en un estudio en directo con reporteros infantiles.<\/p>\n<p>Los talleres \u201cHacemos un libro-bosque\u201d, \u201cAnimatopeyas\u201d y \u201cLa Monta\u00f1a\u201d permitir\u00e1n a los peque\u00f1os crear sus propios mundos imaginarios a trav\u00e9s del dibujo, el sonido y la palabra. Tambi\u00e9n habr\u00e1 espacio para los m\u00e1s peque\u00f1os con propuestas como \u201cTras Tras Cuc\u00fa Tras\u201d o \u201cPon Gallinita Pon\u201d, donde la narraci\u00f3n temprana se convierte en una caricia sonora.<\/p>\n<p>Adem\u00e1s, los cuentos de Margarita del Mazo y las funciones de L\u00e9golas y Planas y Ardila pondr\u00e1n voz, humor y m\u00fasica a las historias que llenar\u00e1n la feria de magia y emoci\u00f3n.<\/p>\n","protected":false},"excerpt":{"rendered":"Sevilla La Feria del Libro de Sevilla 2025 se eleva este a\u00f1o con su propuesta infantil \u201cLiteratura de&hellip;\n","protected":false},"author":2,"featured_media":167862,"comment_status":"","ping_status":"","sticky":false,"template":"","format":"standard","meta":{"footnotes":""},"categories":[172],"tags":[224,146,147,25,24,225,23],"class_list":{"0":"post-167861","1":"post","2":"type-post","3":"status-publish","4":"format-standard","5":"has-post-thumbnail","7":"category-libros","8":"tag-books","9":"tag-entertainment","10":"tag-entretenimiento","11":"tag-es","12":"tag-espana","13":"tag-libros","14":"tag-spain"},"share_on_mastodon":{"url":"","error":""},"_links":{"self":[{"href":"https:\/\/www.europesays.com\/es\/wp-json\/wp\/v2\/posts\/167861","targetHints":{"allow":["GET"]}}],"collection":[{"href":"https:\/\/www.europesays.com\/es\/wp-json\/wp\/v2\/posts"}],"about":[{"href":"https:\/\/www.europesays.com\/es\/wp-json\/wp\/v2\/types\/post"}],"author":[{"embeddable":true,"href":"https:\/\/www.europesays.com\/es\/wp-json\/wp\/v2\/users\/2"}],"replies":[{"embeddable":true,"href":"https:\/\/www.europesays.com\/es\/wp-json\/wp\/v2\/comments?post=167861"}],"version-history":[{"count":0,"href":"https:\/\/www.europesays.com\/es\/wp-json\/wp\/v2\/posts\/167861\/revisions"}],"wp:featuredmedia":[{"embeddable":true,"href":"https:\/\/www.europesays.com\/es\/wp-json\/wp\/v2\/media\/167862"}],"wp:attachment":[{"href":"https:\/\/www.europesays.com\/es\/wp-json\/wp\/v2\/media?parent=167861"}],"wp:term":[{"taxonomy":"category","embeddable":true,"href":"https:\/\/www.europesays.com\/es\/wp-json\/wp\/v2\/categories?post=167861"},{"taxonomy":"post_tag","embeddable":true,"href":"https:\/\/www.europesays.com\/es\/wp-json\/wp\/v2\/tags?post=167861"}],"curies":[{"name":"wp","href":"https:\/\/api.w.org\/{rel}","templated":true}]}}