{"id":167878,"date":"2025-10-10T16:47:08","date_gmt":"2025-10-10T16:47:08","guid":{"rendered":"https:\/\/www.europesays.com\/es\/167878\/"},"modified":"2025-10-10T16:47:08","modified_gmt":"2025-10-10T16:47:08","slug":"el-fandi-sustituye-a-escribano-en-jaen-avance-taurino","status":"publish","type":"post","link":"https:\/\/www.europesays.com\/es\/167878\/","title":{"rendered":"El Fandi sustituye a Escribano en Ja\u00e9n \u2013 Avance Taurino"},"content":{"rendered":"<p>Al cortar la temporada el diestro sevillano.<\/p>\n<p>\u00a0<\/p>\n<p>Tras el anuncio de Manuel Escribano d dar por terminada su temporada espa\u00f1ola, debido la lesi\u00f3n en el hombro derecho que sufri\u00f3 el pasado 28 de septiembre durante su actuaci\u00f3n en la plaza navarra de Corella, la empresa gestora de la plaza de toros de Ja\u00e9n ha decidido que su puesto sea ocupado por otro torero banderillero, David Fandila \u201cEl Fandi\u201d en la corrida del pr\u00f3ximo domingo.<\/p>\n<p>El cartel queda como sigue: toros de Juan Pedro Domecq, Jandilla y Garcigrande para El Fandi, Talavante y Borja Jim\u00e9nez.<\/p>\n","protected":false},"excerpt":{"rendered":"Al cortar la temporada el diestro sevillano. \u00a0 Tras el anuncio de Manuel Escribano d dar por terminada&hellip;\n","protected":false},"author":2,"featured_media":167879,"comment_status":"","ping_status":"","sticky":false,"template":"","format":"standard","meta":{"footnotes":""},"categories":[277],"tags":[373,168,25,24,23,167,374],"class_list":{"0":"post-167878","1":"post","2":"type-post","3":"status-publish","4":"format-standard","5":"has-post-thumbnail","7":"category-toreo","8":"tag-bullfighting","9":"tag-deportes","10":"tag-es","11":"tag-espana","12":"tag-spain","13":"tag-sports","14":"tag-toreo"},"share_on_mastodon":{"url":"","error":""},"_links":{"self":[{"href":"https:\/\/www.europesays.com\/es\/wp-json\/wp\/v2\/posts\/167878","targetHints":{"allow":["GET"]}}],"collection":[{"href":"https:\/\/www.europesays.com\/es\/wp-json\/wp\/v2\/posts"}],"about":[{"href":"https:\/\/www.europesays.com\/es\/wp-json\/wp\/v2\/types\/post"}],"author":[{"embeddable":true,"href":"https:\/\/www.europesays.com\/es\/wp-json\/wp\/v2\/users\/2"}],"replies":[{"embeddable":true,"href":"https:\/\/www.europesays.com\/es\/wp-json\/wp\/v2\/comments?post=167878"}],"version-history":[{"count":0,"href":"https:\/\/www.europesays.com\/es\/wp-json\/wp\/v2\/posts\/167878\/revisions"}],"wp:featuredmedia":[{"embeddable":true,"href":"https:\/\/www.europesays.com\/es\/wp-json\/wp\/v2\/media\/167879"}],"wp:attachment":[{"href":"https:\/\/www.europesays.com\/es\/wp-json\/wp\/v2\/media?parent=167878"}],"wp:term":[{"taxonomy":"category","embeddable":true,"href":"https:\/\/www.europesays.com\/es\/wp-json\/wp\/v2\/categories?post=167878"},{"taxonomy":"post_tag","embeddable":true,"href":"https:\/\/www.europesays.com\/es\/wp-json\/wp\/v2\/tags?post=167878"}],"curies":[{"name":"wp","href":"https:\/\/api.w.org\/{rel}","templated":true}]}}