{"id":16789,"date":"2025-07-31T17:21:08","date_gmt":"2025-07-31T17:21:08","guid":{"rendered":"https:\/\/www.europesays.com\/es\/16789\/"},"modified":"2025-07-31T17:21:08","modified_gmt":"2025-07-31T17:21:08","slug":"los-ingresos-de-cellnex-crecen-un-6-en-el-primer-semestre-expansion","status":"publish","type":"post","link":"https:\/\/www.europesays.com\/es\/16789\/","title":{"rendered":"Los ingresos de Cellnex crecen un 6% en el primer semestre &#8211; Expansi\u00f3n"},"content":{"rendered":"<ol>\n<li><a href=\"https:\/\/news.google.com\/rss\/articles\/CBMijwFBVV95cUxQcC1QbWlETHZ1OS1BRHdvcm0xMDE5VHdXODdZdW5wLWFENUtpbEpYMUtaVGkxT18tenZVXzlvLW1ra0NDUTZ6RjgxbEJBNDZsejRTQUNDRmhzM1FOSS03MTdNRVlIS04tdktuQ3h2dmxGTjdWRmxKQU5USVZiajZWdkhLUldYd2U0SjJvWV9RNNIBjwFBVV95cUxQZDBGNkx1bmtPTlBHQTg4VFhrNkNHOVFlV1lzTHkwb3NQd0tUSWtJQk4yaFJ3ZTYzdGdMbDRaYXlGeTNQWFVYeHZ5TTRJRDZBdFNYQXJEVTQ0VGFaMFJDTXA0eFU5LUI4dlo0c0lJR1ZUa0c3MzhnNmZDTkhHRXhNcFk4M21pbldmbXhjalI5TQ?oc=5\" target=\"_blank\" rel=\"nofollow noopener\">Los ingresos de Cellnex crecen un 6% en el primer semestre<\/a>&nbsp;&nbsp;Expansi\u00f3n<\/li>\n<li><a href=\"https:\/\/news.google.com\/rss\/articles\/CBMiiAFBVV95cUxQR1JtQWJtUjIwTFVoRm4wT3N5alQwcmNSUGRYYlZvbndHeEJaeDRBYXVOWWhYNkwyUWNnZklNR1ZpcjNXbjRrVXpOOWNuYWxpZjNXS3lydTRuMlBUaXIwLTV6azZWREZKaGpqLVRDZWRmSlViaGhWWGtaTjI1QWJhQ29JQWR6MXd10gGIAUFVX3lxTE5qX3VnRzNZZ2J5Nm5pbTJkRkJEMDZKVjFNZ1NUOV8tSjd2R21BcGFuY1NkOG96MXJUOW1hVUZ5MW5pVnVDWVZmRnk5RWFBc0hQZDVkM25acjZHZFg1X0N4MDV3b0ZXakFhVm4tQWdxcnZBRVczRDVZVHduM2RPdXE2MzhadnJDRnc?oc=5\" target=\"_blank\" rel=\"nofollow noopener\">Cellnex rebaja en un 73% sus p\u00e9rdidas y cierra nuevos acuerdos con Telef\u00f3nica y Digi en Espa\u00f1a<\/a>&nbsp;&nbsp;El Mundo<\/li>\n<li><a href=\"https:\/\/news.google.com\/rss\/articles\/CBMi1wFBVV95cUxPV2luOUlBbDRTQWFDbjVPcGk4M0NzQm9kZXQyV2lYNHNCQ2huNE16LXNoalNBbC1TNmZYMktwX3Faa0c3QjBIQUpjajFOZnllc1FiSklHMV9fZ0lBUHgtUm9pY0hSUm1OU0YwckF0ckRKdFB2aWdYUV94UGFhU1o0dHhKSlp4NzlmNm1PYTFQLUlYMlhkcXZUeUlRRVVkZHAyck1BR3N4dWhwbUdvSGdCeDQtQWg5Vmw5YkgtMTRDekp4QWszRXliQlpaTEZLaXlMR0dlREZ4VdIBwgFBVV95cUxQYmFYVjBKNkNOTUpTTFN4ejVMNFdJbGlQcnVmV3VtdG9PU0hCM0YtVXNUbTAtRnpfVlI2TFpyazI1RTI3Mlh6OHk3VHVQY0UtN3ZfR3BRVTZlWlhvNW84VmRIWmp5MTYzcG5fbXJTZkRodDh2a29jZ2JDaVQ4Yy1DV1NfanNaMFJodFE4VTdBSlJkZWRodzZyYm13SmMwNTR0VXBmcUpwSWNINUFVOFZ2NER1WXdpYlE1cWM1ZzF0OGhFdw?oc=5\" target=\"_blank\" rel=\"nofollow noopener\">Cellnex se acerca al crecimiento tras reducir sus p\u00e9rdidas el 72%<\/a>&nbsp;&nbsp;El Economista<\/li>\n<li><a href=\"https:\/\/news.google.com\/rss\/articles\/CBMiqgFBVV95cUxOeklRUVJQT2FBNkEyZkhwYnhHLXlxc2xER3lidnZHN0EtTmg1SHJPRTdDTTlNYmFGVFlDb2RpZDRxNDdiRVA0NGRhVDJ4Z1FQZURlQ2dtM0QzbThRdTFSMlA4d3NMSkdCUG84NmFzb3ZrS29KaF9iM2FzNUFMQVBYLUhrcFJrQmJDLVVwOGNuOU5xUUUtUVoxNDN3aUxCeG1ENmVWYnYwbWRGZw?oc=5\" target=\"_blank\" rel=\"nofollow noopener\">Cellnex reduce en un 78% sus p\u00e9rdidas del primer semestre y recibe una mejora de &#8216;rating&#8217;<\/a>&nbsp;&nbsp;El Confidencial<\/li>\n<li><a href=\"https:\/\/news.google.com\/rss\/articles\/CBMixAFBVV95cUxOTjQ0WTBpQTdjTHJ0em5zT05jZi1PLU1qYkNJQmc3ZHpXbDhhYnBQeXlrR1Z5OG5qMmpxVERpakJlVjh2RlVPS3ZTclo2aHVuYlJzTG1mZldLX1hadnAtVjZTUnlWMkhGOXZHSzlIaExCNElNbVZ3VDJTUmdSRDJVS0ZWLWRkTUJQOExTNElUVHF6ZkJuVFVmdWduTVBkU1dBMTBRNHFsWlJubFdoS01FVVphcUpCR1VLck84eF9paGJsRHhH?oc=5\" target=\"_blank\" rel=\"nofollow noopener\">Cellnex reduce un 72,5% sus &#8216;n\u00fameros rojos&#8217;, hasta 115 millones<\/a>&nbsp;&nbsp;La Vanguardia<\/li>\n<\/ol>\n","protected":false},"excerpt":{"rendered":"Los ingresos de Cellnex crecen un 6% en el primer semestre&nbsp;&nbsp;Expansi\u00f3n Cellnex rebaja en un 73% sus p\u00e9rdidas&hellip;\n","protected":false},"author":2,"featured_media":16790,"comment_status":"","ping_status":"","sticky":false,"template":"","format":"standard","meta":{"footnotes":""},"categories":[80],"tags":[82,95,94,2308,10853,25,24,23],"class_list":{"0":"post-16789","1":"post","2":"type-post","3":"status-publish","4":"format-standard","5":"has-post-thumbnail","7":"category-economia","8":"tag-business","9":"tag-economia","10":"tag-economy","11":"tag-empresas","12":"tag-empresas-tecnologia","13":"tag-es","14":"tag-espana","15":"tag-spain"},"share_on_mastodon":{"url":"","error":""},"_links":{"self":[{"href":"https:\/\/www.europesays.com\/es\/wp-json\/wp\/v2\/posts\/16789","targetHints":{"allow":["GET"]}}],"collection":[{"href":"https:\/\/www.europesays.com\/es\/wp-json\/wp\/v2\/posts"}],"about":[{"href":"https:\/\/www.europesays.com\/es\/wp-json\/wp\/v2\/types\/post"}],"author":[{"embeddable":true,"href":"https:\/\/www.europesays.com\/es\/wp-json\/wp\/v2\/users\/2"}],"replies":[{"embeddable":true,"href":"https:\/\/www.europesays.com\/es\/wp-json\/wp\/v2\/comments?post=16789"}],"version-history":[{"count":0,"href":"https:\/\/www.europesays.com\/es\/wp-json\/wp\/v2\/posts\/16789\/revisions"}],"wp:featuredmedia":[{"embeddable":true,"href":"https:\/\/www.europesays.com\/es\/wp-json\/wp\/v2\/media\/16790"}],"wp:attachment":[{"href":"https:\/\/www.europesays.com\/es\/wp-json\/wp\/v2\/media?parent=16789"}],"wp:term":[{"taxonomy":"category","embeddable":true,"href":"https:\/\/www.europesays.com\/es\/wp-json\/wp\/v2\/categories?post=16789"},{"taxonomy":"post_tag","embeddable":true,"href":"https:\/\/www.europesays.com\/es\/wp-json\/wp\/v2\/tags?post=16789"}],"curies":[{"name":"wp","href":"https:\/\/api.w.org\/{rel}","templated":true}]}}