{"id":167890,"date":"2025-10-10T16:55:08","date_gmt":"2025-10-10T16:55:08","guid":{"rendered":"https:\/\/www.europesays.com\/es\/167890\/"},"modified":"2025-10-10T16:55:08","modified_gmt":"2025-10-10T16:55:08","slug":"yo-no-pense-jamas-que-era-la-mala-pero-entiendo-que-se-interpreto-asi","status":"publish","type":"post","link":"https:\/\/www.europesays.com\/es\/167890\/","title":{"rendered":"\u201cYo no pens\u00e9 jam\u00e1s que era la mala, pero entiendo que se interpret\u00f3 as\u00ed\u201d"},"content":{"rendered":"<p id=\"ewbeouS3adP\" data-wc=\"146\">Patricia Pardo y Christian G\u00e1lvez han escrito una bonita historia de amor que dura ya m\u00e1s de tres a\u00f1os. Se casaron en 2022 y tienen un hijo, Luca, quien soplar\u00e1 dos velas en diciembre. Pero hay un cap\u00edtulo de su relaci\u00f3n que siempre ha suscitado muchos comentarios: los comienzos. La periodista se sincer\u00f3 recientemente en el podcast Lo que t\u00fa digas y quiso dejar claro que tiene la conciencia muy tranquila. \u00abA m\u00ed me han puesto la etiqueta de la mala de Espa\u00f1a, sin conocerme y juzg\u00e1ndome por algo que no pas\u00f3\u00bb, declar\u00f3 tajante, asegurando que cuando ya se hablaba p\u00fablicamente de relaci\u00f3n, en realidad, estaban empezando a conocerse. \u00ab\u00c9ramos dos personas divorciadas o separadas que se hab\u00edan conocido en los pasillos de Telecinco y hab\u00eda un tonteo\u00bb, a\u00f1adi\u00f3. <strong>Ahora, ha explicado c\u00f3mo recuerda aquella \u00e9poca y qu\u00e9 balance hace<\/strong>, como puedes ver en este v\u00eddeo.<\/p>\n","protected":false},"excerpt":{"rendered":"Patricia Pardo y Christian G\u00e1lvez han escrito una bonita historia de amor que dura ya m\u00e1s de tres&hellip;\n","protected":false},"author":2,"featured_media":33944,"comment_status":"","ping_status":"","sticky":false,"template":"","format":"standard","meta":{"footnotes":""},"categories":[174],"tags":[517,255,146,147,25,24,256,9756,23],"class_list":{"0":"post-167890","1":"post","2":"type-post","3":"status-publish","4":"format-standard","5":"has-post-thumbnail","7":"category-famosos","8":"tag-actualidad","9":"tag-celebrities","10":"tag-entertainment","11":"tag-entretenimiento","12":"tag-es","13":"tag-espana","14":"tag-famosos","15":"tag-patricia-pardo","16":"tag-spain"},"share_on_mastodon":{"url":"","error":""},"_links":{"self":[{"href":"https:\/\/www.europesays.com\/es\/wp-json\/wp\/v2\/posts\/167890","targetHints":{"allow":["GET"]}}],"collection":[{"href":"https:\/\/www.europesays.com\/es\/wp-json\/wp\/v2\/posts"}],"about":[{"href":"https:\/\/www.europesays.com\/es\/wp-json\/wp\/v2\/types\/post"}],"author":[{"embeddable":true,"href":"https:\/\/www.europesays.com\/es\/wp-json\/wp\/v2\/users\/2"}],"replies":[{"embeddable":true,"href":"https:\/\/www.europesays.com\/es\/wp-json\/wp\/v2\/comments?post=167890"}],"version-history":[{"count":0,"href":"https:\/\/www.europesays.com\/es\/wp-json\/wp\/v2\/posts\/167890\/revisions"}],"wp:featuredmedia":[{"embeddable":true,"href":"https:\/\/www.europesays.com\/es\/wp-json\/wp\/v2\/media\/33944"}],"wp:attachment":[{"href":"https:\/\/www.europesays.com\/es\/wp-json\/wp\/v2\/media?parent=167890"}],"wp:term":[{"taxonomy":"category","embeddable":true,"href":"https:\/\/www.europesays.com\/es\/wp-json\/wp\/v2\/categories?post=167890"},{"taxonomy":"post_tag","embeddable":true,"href":"https:\/\/www.europesays.com\/es\/wp-json\/wp\/v2\/tags?post=167890"}],"curies":[{"name":"wp","href":"https:\/\/api.w.org\/{rel}","templated":true}]}}