{"id":167911,"date":"2025-10-10T17:11:08","date_gmt":"2025-10-10T17:11:08","guid":{"rendered":"https:\/\/www.europesays.com\/es\/167911\/"},"modified":"2025-10-10T17:11:08","modified_gmt":"2025-10-10T17:11:08","slug":"la-jornada-dwayne-johnson-la-roca-da-vida-a-un-emblema-poco-recordado-de-la-ufc","status":"publish","type":"post","link":"https:\/\/www.europesays.com\/es\/167911\/","title":{"rendered":"La Jornada &#8211; Dwayne Johnson \u2018La Roca\u2019 da vida a un emblema poco recordado de la UFC"},"content":{"rendered":"<p class=\"nota-justify\">Londres. En La M\u00e1quina, The Smashing Machine\u2019, un Dwayne La Roca Johnson casi irreconocible da vida a la leyenda de la UFC Mark Kerr.<\/p>\n<p class=\"nota-justify\">El actor y ex estrella de la lucha libre, de 52 a\u00f1os, utiliza pr\u00f3tesis faciales para asemejarse al peleador, considerado una de las figuras m\u00e1s fascinantes y tr\u00e1gicas de las artes marciales mixtas.<\/p>\n<p class=\"nota-justify\">La cinta, producida por el estudio independiente A24, est\u00e1 escrita y dirigida por Benny Safdie, codirector de Diamantes en bruto, y se inspira en el documental de HBO de 2002 dirigido por John Hyams, tambi\u00e9n titulado The Smashing Machine.<\/p>\n<p class=\"nota-justify\">El tr\u00e1iler revel\u00f3 que la pel\u00edcula se ce\u00f1ir\u00eda estrechamente a su fuente de inspiraci\u00f3n, llegando incluso a recrear una de las escenas m\u00e1s famosas de la pel\u00edcula anterior. El tr\u00e1iler revel\u00f3 que la pel\u00edcula seguir\u00e1 de cerca la obra original, al punto de recrear una de sus escenas m\u00e1s recordadas. Al inicio del documental, Mark Kerr aparece en una sala de espera antes de ser examinado por un m\u00e9dico y conversa con una mujer mayor sobre el origen de sus lesiones, lo que deriva en un debate sobre la naturaleza violenta de las peleas de la UFC.<\/p>\n<p class=\"nota-justify\">\u201c\u00bfSe odian entre ustedes?\u201d, pregunta la mujer.<\/p>\n<p class=\"nota-justify\">\u201cAbsolutamente no\u201d, responde Kerr.<\/p>\n<p class=\"nota-justify\">El verdadero Mark Kerr, hoy de 56 a\u00f1os, naci\u00f3 en Toledo, Ohio, el 21 de diciembre de 1968. Fue el menor de siete hijos de un padre irland\u00e9s y una madre puertorrique\u00f1a. A los 12 a\u00f1os, sus padres lo enviaron a vivir con su hermano mayor, Michael, en Davenport, Iowa, con la instrucci\u00f3n de mantenerlo ocupado a trav\u00e9s del deporte.<\/p>\n<p class=\"nota-justify\">A los 15 a\u00f1os, mientras cursaba el bachillerato en Iowa, Mark Kerr inici\u00f3 su carrera como luchador. M\u00e1s adelante ingres\u00f3 a la Universidad de Siracusa, en Nueva York, donde se destac\u00f3 como campe\u00f3n de lucha libre y represent\u00f3 a su pa\u00eds en la Copa del Mundo y en el Campeonato Mundial de la disciplina.<\/p>\n<p class=\"nota-justify\">Kerr tambi\u00e9n form\u00f3 parte del Team Foxcatcher, el equipo financiado por el pol\u00e9mico multimillonario John du Pont, cuya relaci\u00f3n con los atletas y el asesinato del luchador Dave Schultz inspiraron la pel\u00edcula Foxcatcher (2014), protagonizada por Steve Carell. Tras quedar a un paso de clasificar a los Juegos Ol\u00edmpicos de 1996, Kerr volc\u00f3 su carrera hacia las artes marciales mixtas (MMA).<\/p>\n<p class=\"nota-justify\">Su debut competitivo se produjo en enero de 1997, en Brasil, durante el Campeonato Mundial de Vale Tudo, donde se coron\u00f3 campe\u00f3n despu\u00e9s de derrotar a tres rivales en una sola noche. El dominio absoluto que ejerc\u00eda sobre sus oponentes, gracias a su t\u00e9cnica de lucha de \u00e9lite combinada con potentes golpes en el suelo, le vali\u00f3 el apodo de The Smashing Machine (La m\u00e1quina de aplastar).<\/p>\n<p class=\"nota-justify\">Nueve de los primeros once combates de Mark Kerr terminaron en menos de 184 segundos. \u201cNo creo que a Mark le gustara hacer da\u00f1o a la gente, pero se le daba muy bien\u201d, record\u00f3 despu\u00e9s John Hyams, director del documental The Smashing Machine. \u201cCreo que eso formaba parte de su lucha interna\u201d, a\u00f1adi\u00f3.<\/p>\n<p class=\"nota-justify\">El \u00e9xito en Brasil lo llev\u00f3 a recibir una invitaci\u00f3n para competir en el Ultimate Fighting Championship (UFC) en Alabama ese mismo a\u00f1o. La organizaci\u00f3n, fundada en 1993, todav\u00eda se encontraba en una etapa temprana, y Kerr se convirti\u00f3 r\u00e1pidamente en una de sus primeras grandes estrellas. En aquel entonces, el uso de esteroides era habitual dentro del torneo.<\/p>\n<p class=\"nota-justify\">A pesar de su popularidad, la UFC era considerada altamente controvertida. Varios pol\u00edticos estadunidenses impulsaban iniciativas para prohibirla por completo, mientras que las principales ciudades del pa\u00eds rechazaban organizar eventos y la cobertura televisiva comenz\u00f3 a desaparecer.<\/p>\n<p class=\"nota-justify\">En busca de un ingreso m\u00e1s estable y lucrativo, Mark Kerr viaj\u00f3 a Jap\u00f3n para competir en el PRIDE Fighting Championship, donde los eventos reun\u00edan con frecuencia a m\u00e1s de 50 mil espectadores. Seg\u00fan sus c\u00e1lculos, gan\u00f3 alrededor de 1,8 millones de d\u00f3lares durante su paso por el circuito japon\u00e9s, una cifra extraordinaria para las artes marciales mixtas de aquella \u00e9poca. Con esas ganancias, Kerr compr\u00f3 una casa \u201cincre\u00edblemente cara\u201d en Santa M\u00f3nica, California, adem\u00e1s de su vivienda en Phoenix, y adquiri\u00f3 dos autom\u00f3viles en cada lugar.<\/p>\n<p class=\"nota-justify\">\u201cNecesitaba al menos tres combates al a\u00f1o para mantener ese estilo de vida\u201d, reconoci\u00f3. \u201cBaj\u00e9 el ritmo a un combate anual y no me mostr\u00e9 agresivo en las renegociaciones con Pride. Llegu\u00e9 al agotamiento y ya no ten\u00eda tantas ganas de pelear. El dinero se acaba. Si fueran 100 millones ser\u00eda distinto. Yo bromeaba con la gente: si Mike Tyson pudo gastar 300 millones de d\u00f3lares, yo pod\u00eda gastar un mill\u00f3n\u201d, record\u00f3.<\/p>\n<p class=\"nota-justify\">Aunque se convirti\u00f3 en una de las m\u00e1ximas estrellas del circuito japon\u00e9s, las constantes lesiones lo empujaron hacia una dependencia cada vez m\u00e1s fuerte de los analg\u00e9sicos, lo que marcar\u00eda el inicio de su declive personal. \u201cCada vez que se acercaba un combate estaba bastante asustado\u201d, record\u00f3 el luchador de MMA Mark Coleman al hablar de la etapa de Mark Kerr en Jap\u00f3n. Seg\u00fan \u00e9l, \u201ctoda la situaci\u00f3n lo intimidaba y probablemente eso fue lo que lo llev\u00f3 a consumir analg\u00e9sicos\u201d.<\/p>\n<p class=\"nota-justify\">En el documental The Smashing Machine, se mostraron im\u00e1genes expl\u00edcitas de Mark Kerr inyect\u00e1ndose narc\u00f3ticos en un intento por adormecer el dolor de las lesiones. Su entonces novia, y posteriormente esposa, Dawn, personaje que en la adaptaci\u00f3n cinematogr\u00e1fica interpretar\u00e1 Emily Blunt, le rog\u00f3 que iniciara un proceso de desintoxicaci\u00f3n.<\/p>\n<p class=\"nota-justify\">La pareja tuvo un hijo, Bryce, en 2005. Sin embargo, la relaci\u00f3n se quebr\u00f3 un a\u00f1o m\u00e1s tarde y el matrimonio termin\u00f3 en divorcio poco despu\u00e9s.<\/p>\n<p class=\"nota-justify\">En 1999, Mark Kerr fue hospitalizado tras sufrir una sobredosis de narc\u00f3ticos, aunque regres\u00f3 al oct\u00e1gono al a\u00f1o siguiente. Despu\u00e9s del estreno del documental en 2002, continu\u00f3 peleando de manera espor\u00e1dica durante gran parte de la d\u00e9cada. Sus \u00faltimos cinco combates terminaron en derrota, incluido un enfrentamiento en 2009 en el que fue noqueado en apenas 25 segundos.<\/p>\n<p class=\"nota-justify\">Un a\u00f1o m\u00e1s tarde, Kerr anunci\u00f3 que estaba \u201cretirado en un 99,9%\u201d y revel\u00f3 que hab\u00eda retomado sus estudios con la intenci\u00f3n de ingresar al sector de las ventas farmac\u00e9uticas. En 2015, su vida hab\u00eda dado un giro radical: trabajaba en un concesionario de autom\u00f3viles Toyota.<\/p>\n<p class=\"nota-justify\">En 2019, Kerr revel\u00f3 a trav\u00e9s de una campa\u00f1a en GoFundMe que llevaba tres a\u00f1os enfrentando una neuropat\u00eda perif\u00e9rica. Seg\u00fan explic\u00f3, su situaci\u00f3n se complicaba por el historial de adicciones, ya que \u201cla medicaci\u00f3n para el dolor no era una opci\u00f3n\u201d.<\/p>\n<p class=\"nota-justify\">Durante el UFC 316, celebrado en junio de 2025, se anunci\u00f3 que Kerr ser\u00eda incorporado al \u201cala pionera\u201d del Sal\u00f3n de la Fama del UFC, en el marco de la Semana Internacional de la Lucha en Las Vegas. El encargado de darle la noticia fue Dwayne Johnson.<\/p>\n<p class=\"nota-justify\">Para conmemorar el reconocimiento, Johnson escribi\u00f3 en Instagram:<\/p>\n<p class=\"nota-justify\">\u201cMark fue uno de los mejores luchadores del planeta y, en ese mismo tiempo, sufri\u00f3 dos sobredosis mientras luchaba contra sus adicciones fuera de la jaula. Hoy, Mark es un pilar de esperanza para quienes se aferran a la fe y combaten sus propios demonios: un d\u00eda, una hora, un minuto a la vez. Te quiero, hermano, y gracias por vivir tu vida \u2014porque tu vida ha cambiado la m\u00eda\u201d.<\/p>\n<p class=\"nota-justify\">\u00a0<\/p>\n<p class=\"nota-justify\">\u00a0<\/p>\n","protected":false},"excerpt":{"rendered":"Londres. En La M\u00e1quina, The Smashing Machine\u2019, un Dwayne La Roca Johnson casi irreconocible da vida a la&hellip;\n","protected":false},"author":2,"featured_media":167912,"comment_status":"","ping_status":"","sticky":false,"template":"","format":"standard","meta":{"footnotes":""},"categories":[276],"tags":[4555,177,168,49098,25,24,49097,35313,49099,7080,23,167,33475,343],"class_list":{"0":"post-167911","1":"post","2":"type-post","3":"status-publish","4":"format-standard","5":"has-post-thumbnail","7":"category-ufc","8":"tag-artes-marciales-mixtas","9":"tag-cine","10":"tag-deportes","11":"tag-dwayne-johnson","12":"tag-es","13":"tag-espana","14":"tag-la-maquina","15":"tag-la-roca","16":"tag-mark-kerr","17":"tag-noticia","18":"tag-spain","19":"tag-sports","20":"tag-the-smashing-machine","21":"tag-ufc"},"share_on_mastodon":{"url":"","error":""},"_links":{"self":[{"href":"https:\/\/www.europesays.com\/es\/wp-json\/wp\/v2\/posts\/167911","targetHints":{"allow":["GET"]}}],"collection":[{"href":"https:\/\/www.europesays.com\/es\/wp-json\/wp\/v2\/posts"}],"about":[{"href":"https:\/\/www.europesays.com\/es\/wp-json\/wp\/v2\/types\/post"}],"author":[{"embeddable":true,"href":"https:\/\/www.europesays.com\/es\/wp-json\/wp\/v2\/users\/2"}],"replies":[{"embeddable":true,"href":"https:\/\/www.europesays.com\/es\/wp-json\/wp\/v2\/comments?post=167911"}],"version-history":[{"count":0,"href":"https:\/\/www.europesays.com\/es\/wp-json\/wp\/v2\/posts\/167911\/revisions"}],"wp:featuredmedia":[{"embeddable":true,"href":"https:\/\/www.europesays.com\/es\/wp-json\/wp\/v2\/media\/167912"}],"wp:attachment":[{"href":"https:\/\/www.europesays.com\/es\/wp-json\/wp\/v2\/media?parent=167911"}],"wp:term":[{"taxonomy":"category","embeddable":true,"href":"https:\/\/www.europesays.com\/es\/wp-json\/wp\/v2\/categories?post=167911"},{"taxonomy":"post_tag","embeddable":true,"href":"https:\/\/www.europesays.com\/es\/wp-json\/wp\/v2\/tags?post=167911"}],"curies":[{"name":"wp","href":"https:\/\/api.w.org\/{rel}","templated":true}]}}