{"id":167921,"date":"2025-10-10T17:17:10","date_gmt":"2025-10-10T17:17:10","guid":{"rendered":"https:\/\/www.europesays.com\/es\/167921\/"},"modified":"2025-10-10T17:17:10","modified_gmt":"2025-10-10T17:17:10","slug":"la-real-brasil-de-ancelotti-vinicius-y-rodrygo-recupera-el-jogo-bonito-en-el-homenaje-a-pele","status":"publish","type":"post","link":"https:\/\/www.europesays.com\/es\/167921\/","title":{"rendered":"La &#8216;Real Brasil&#8217; de Ancelotti, Vinicius y Rodrygo recupera el &#8216;jogo bonito&#8217; en el homenaje a Pel\u00e9"},"content":{"rendered":"<p data-mrf-recirculation=\"Links P\u00e1rrafos\" class=\"ue-c-article__paragraph paragraph ue-c-article--first-letter-highlighted\">Carlo <strong>Ancelotti<\/strong> puede estar m\u00e1s que satisfecho. No dejaba de ser un amistoso, pero <strong>Brasil ha goleado a Corea del Sur (0-5)<\/strong> para reafirmar su candidatura a conquistar el Mundial 2026.\u00a0<\/p>\n<p data-mrf-recirculation=\"Links P\u00e1rrafos\" class=\"ue-c-article__paragraph paragraph\">Mejor a\u00fan que el resultado fueron las sensaciones. <strong>&#8216;Carletto&#8217; homenaje\u00f3 a Pel\u00e9<\/strong> -la &#8216;Sele\u00e7ao&#8217; luci\u00f3 una escarapela en honor al 85 aniversario de su nacimiento- <strong>con un atrevido 1-4-2-4 con marcado acento madridista<\/strong>. El capit\u00e1n Casemiro, ahora en el Manchester United, escoltaba a<strong> Militao, Rodrygo y Vinicius.<\/strong><\/p>\n<p data-mrf-recirculation=\"Links P\u00e1rrafos\" class=\"ue-c-article__paragraph paragraph\"><strong>Corr\u00edan el riesgo de partirse<\/strong>, pero la solidaridad en la presi\u00f3n de<strong> Vinicius, Rodrygo Cunha<\/strong> (segundo punta) y Estevao (derecha) y la movilidad constante de la dupla madridista -alternaron permanentemente la izquierda y el centro del ataque- permitieron a la &#8216;Sele\u00e7ao&#8217; recuperar la sonrisa. Ayud\u00f3 tambi\u00e9n, por qu\u00e9 no decirlo, la escasa oposici\u00f3n que plantearon <strong>Son Heung-min, Kang-in Lee <\/strong>y compa\u00f1\u00eda.<\/p>\n<p data-mrf-recirculation=\"Links P\u00e1rrafos\" class=\"ue-c-article__paragraph paragraph\"><strong>Avisaron Rodrygo (4&#8242;) y Vinicius (10&#8242;)<\/strong> con dos disparos desde fuera del \u00e1rea que salieron rozando el poste. <strong>Estevao, en el 13&#8242;, no perdon\u00f3.<\/strong> Bruno Guimaraes recibi\u00f3 de <strong>Rodrygo y filtr\u00f3 un gran pase cruzado a la espalda de la zaga <\/strong>para que el extremo del Chelsea s\u00f3lo la tuviera que empujar.\u00a0<\/p>\n<p data-mrf-recirculation=\"Links P\u00e1rrafos\" class=\"ue-c-article__paragraph paragraph\"><strong>Casemiro pudo ampliar distancias en el 17&#8242;. <\/strong>Cabece\u00f3 a la red un centro de Estevao aprovechando una mala salida de Jo Hyeonwoo, pero<strong> el gol no subi\u00f3 al marcador: estaba adelantado.<\/strong><\/p>\n<p data-mrf-recirculation=\"Links P\u00e1rrafos\" class=\"ue-c-article__paragraph paragraph\"><strong>Se divert\u00eda Brasil, con triangulaciones r\u00e1pidas<\/strong>. Necesitaban muy pocos toques para llegar al \u00e1rea. Vini habilit\u00f3 a Rodrygo en el 21&#8242;, pero su disparo lo desvi\u00f3 el meta con los pies. <strong>Militao tambi\u00e9n roz\u00f3 el segundo en el 28<\/strong>&#8216; con un cabezazo a la salida de un c\u00f3rner que sali\u00f3 rozando el larguero.<\/p>\n<p data-mrf-recirculation=\"Links P\u00e1rrafos\" class=\"ue-c-article__paragraph paragraph\">El 0-2, sin embargo, lleg\u00f3 en el 42&#8242; y <strong>llev\u00f3 la firma de Rodrygo<\/strong>, que volv\u00eda despu\u00e9s de 195 d\u00edas ausente. Vini cedi\u00f3 atr\u00e1s desde la l\u00ednea de fondo, Rodrygo la dej\u00f3 pasar, pero, acto seguido, recibi\u00f3 de Casemiro para marcar con un disparo al palo largo.<strong> Desde el 7 de septiembre de 2024<\/strong>, hace m\u00e1s de un a\u00f1o, contra Ecuador (1-0) no marcaba con su pa\u00eds.<\/p>\n<p><img decoding=\"async\" src=\"https:\/\/www.europesays.com\/es\/wp-content\/uploads\/2025\/10\/68e906179cec9.jpeg\" class=\"ue-c-article__image\" alt=\"\"\/><\/p>\n<p>Ancelotti da instrucciones ante Corea del Sur.LAPRESSE<\/p>\n<p data-mrf-recirculation=\"Links P\u00e1rrafos\" class=\"ue-c-article__paragraph paragraph\"><strong>La presi\u00f3n y el &#8216;jogo bonito&#8217; continuaron nada m\u00e1s salir del descanso<\/strong>. Literal. Estevao Willian aprovech\u00f3 una p\u00e9rdida del experimentado Kim Min-jae en el 48&#8242; para, mano a mano marcar su tercer gol en ocho internacionalidades.<\/p>\n<p data-mrf-recirculation=\"Links P\u00e1rrafos\" class=\"ue-c-article__paragraph paragraph\">Un minuto despu\u00e9s, en el 49&#8242;, <strong>volvi\u00f3 a emerger el &#8216;Real Brasil&#8217;<\/strong>. Recuper\u00f3 Casemiro, dobl\u00f3 Vini sobre la subida de Rodrygo y \u00e9ste, mano a mano, no perdon\u00f3. Ocho goles acumula con Brasil el madridista, que no firmaba un doblete desde finales de enero, contra el Brest en Champions (0-3) con el Real Madrid.<\/p>\n<p><img decoding=\"async\" src=\"https:\/\/www.europesays.com\/es\/wp-content\/uploads\/2025\/10\/68e90640a2f7b.jpeg\" class=\"ue-c-article__image\" alt=\"\"\/><\/p>\n<p>Rodrygo marca el 0-4 para Brasil.LAPRESSE<\/p>\n<p data-mrf-recirculation=\"Links P\u00e1rrafos\" class=\"ue-c-article__paragraph paragraph\">La &#8216;Sele\u00e7ao&#8217;, de inmediato, <strong>quit\u00f3 un pie del acelerador<\/strong>. No quer\u00eda hacer sangre. Hubo que esperar hasta el 66&#8242; para ver el primer disparo de Corea del Sur: un tiro lejano de Kim Jin-Gyu a las manos de Bento.<\/p>\n<p data-mrf-recirculation=\"Links P\u00e1rrafos\" class=\"ue-c-article__paragraph paragraph\"><strong>En el 77&#8242;, a la contra, lleg\u00f3 la &#8216;manita&#8217;. Cunha lanz\u00f3 Vinicius y el madridista<\/strong>, con tiempo y espacio por delante, no dud\u00f3 en adornarse. Se plant\u00f3 mano a mano, pero prefiri\u00f3 &#8216;sentar&#8217; a Kim Ju-sung antes de batir a Jo Hyeonwoo.<\/p>\n<p><img decoding=\"async\" src=\"https:\/\/www.europesays.com\/es\/wp-content\/uploads\/2025\/10\/68e9069b220f4.jpeg\" class=\"ue-c-article__image\" alt=\"\"\/><\/p>\n<p>Vinicius celebra su gol a la contra.LAPRESSE<\/p>\n<p data-mrf-recirculation=\"Links P\u00e1rrafos\" class=\"ue-c-article__paragraph paragraph\"><strong>Fue su \u00faltimo servicio antes de dejar su lugar a Richarlison <\/strong>en el 79&#8242;. Esta vez no le import\u00f3. Sonre\u00eda Vini, sonre\u00eda Ancelotti&#8230; y sonr\u00ede Brasil. El &#8216;jogo bonito&#8217; ha vuelto. Veremos cu\u00e1nto dura.<\/p>\n","protected":false},"excerpt":{"rendered":"Carlo Ancelotti puede estar m\u00e1s que satisfecho. No dejaba de ser un amistoso, pero Brasil ha goleado a&hellip;\n","protected":false},"author":2,"featured_media":167922,"comment_status":"","ping_status":"","sticky":false,"template":"","format":"standard","meta":{"footnotes":""},"categories":[268],"tags":[168,25,24,280,282,281,23,167],"class_list":{"0":"post-167921","1":"post","2":"type-post","3":"status-publish","4":"format-standard","5":"has-post-thumbnail","7":"category-futbol","8":"tag-deportes","9":"tag-es","10":"tag-espana","11":"tag-football","12":"tag-futbol","13":"tag-soccer","14":"tag-spain","15":"tag-sports"},"share_on_mastodon":{"url":"","error":""},"_links":{"self":[{"href":"https:\/\/www.europesays.com\/es\/wp-json\/wp\/v2\/posts\/167921","targetHints":{"allow":["GET"]}}],"collection":[{"href":"https:\/\/www.europesays.com\/es\/wp-json\/wp\/v2\/posts"}],"about":[{"href":"https:\/\/www.europesays.com\/es\/wp-json\/wp\/v2\/types\/post"}],"author":[{"embeddable":true,"href":"https:\/\/www.europesays.com\/es\/wp-json\/wp\/v2\/users\/2"}],"replies":[{"embeddable":true,"href":"https:\/\/www.europesays.com\/es\/wp-json\/wp\/v2\/comments?post=167921"}],"version-history":[{"count":0,"href":"https:\/\/www.europesays.com\/es\/wp-json\/wp\/v2\/posts\/167921\/revisions"}],"wp:featuredmedia":[{"embeddable":true,"href":"https:\/\/www.europesays.com\/es\/wp-json\/wp\/v2\/media\/167922"}],"wp:attachment":[{"href":"https:\/\/www.europesays.com\/es\/wp-json\/wp\/v2\/media?parent=167921"}],"wp:term":[{"taxonomy":"category","embeddable":true,"href":"https:\/\/www.europesays.com\/es\/wp-json\/wp\/v2\/categories?post=167921"},{"taxonomy":"post_tag","embeddable":true,"href":"https:\/\/www.europesays.com\/es\/wp-json\/wp\/v2\/tags?post=167921"}],"curies":[{"name":"wp","href":"https:\/\/api.w.org\/{rel}","templated":true}]}}