{"id":167931,"date":"2025-10-10T17:24:08","date_gmt":"2025-10-10T17:24:08","guid":{"rendered":"https:\/\/www.europesays.com\/es\/167931\/"},"modified":"2025-10-10T17:24:08","modified_gmt":"2025-10-10T17:24:08","slug":"estevao-y-rodrygo-firman-dobletes-y-brasil-aplasta-a-corea-del-sur-en-amistoso","status":"publish","type":"post","link":"https:\/\/www.europesays.com\/es\/167931\/","title":{"rendered":"Estevao y Rodrygo firman dobletes y Brasil aplasta a Corea del Sur en amistoso"},"content":{"rendered":"\n<p>SE\u00daL\u00a0\u2014\u00a0Con sendos dobletes de Estevao y Rodrygo, Brasil vapule\u00f3 el viernes 5-0 a Corea del Sur en un fogueo rumbo a la Copa del Mundo del pr\u00f3ximo a\u00f1o.<\/p>\n<p>Brasil, que derrot\u00f3 4-1 a Corea del Sur en los octavos de final del Mundial 2022, demostr\u00f3 nuevamente ser demasiado superior para los anfitriones en el partido amistoso presenciado por 66.000 aficionados en una lluviosa noche en Se\u00fal.<\/p>\n<p>Fue apenas la tercera victoria de Brasil en sus \u00faltimos 12 partidos como visitante.<\/p>\n<p>\u201cEstoy muy satisfecho con el rendimiento\u201d, destac\u00f3 Carlo Ancelotti, el t\u00e9cnico italiano de la Verdeamarela. \u201cObviamente, si se construyen bases s\u00f3lidas, con una defensa s\u00f3lida, la calidad individual en ataque se nota. El equipo jug\u00f3 muy bien, porque Rodrygo hizo un gran partido, al igual que Estevao. En ataque, el equipo tiene mucha variantes muchas soluciones ofensivas, y hoy aprovechamos la calidad individual de estos jugadores\u201d.<\/p>\n<p>Brasil, que termin\u00f3 quinto en las eliminatorias de Sudam\u00e9rica para el Mundial 2026 que se disputar\u00e1 en Estados Unidos, Canad\u00e1 y M\u00e9xico, abri\u00f3 el marcador a los 11 minutos cuando Bruno Guimaraes filtr\u00f3 un pase a Estevao. El delantero del Chelsea no perdon\u00f3 al definir desde corta distancia. <\/p>\n<p>Siete minutos despu\u00e9s, un gol de Casemiro fue anulado por posici\u00f3n adelantada y el disparo rasante de Rodrygo antes de la media hora fue repelido por el portero Jo Hyeon-woo.<\/p>\n<p>Cuatro minutos antes del descanso, Brasil duplic\u00f3 su ventaja con una jugada bien elaborada. Casemiro encontr\u00f3 a Rodrygo dentro del \u00e1rea, y la estrella del Real Madrid remat\u00f3 combeado para poner el 2-0.<\/p>\n<p>A los 47, Estevao a\u00f1adi\u00f3 su segundo gol tras aprovechar un error de Kim Min-jae, el defensor del Bayern M\u00fanich, al borde del \u00e1rea. Rodrygo volvi\u00f3 a marcar poco despu\u00e9s, convirtiendo sin marca desde dentro del \u00e1rea para el 4-0.<\/p>\n<p>Vinicius Junior, su compa\u00f1ero del Real Madrid, complet\u00f3 la goleada a los 77, sellando una actuaci\u00f3n dominante para los cinco veces campeones del mundo.<\/p>\n<p>Fue una noche nefasta para los anfitriones, que apenas inquietaron la defensa brasile\u00f1a.<\/p>\n<p>El martes, Brasil enfrentar\u00e1 a Jap\u00f3n, que empat\u00f3 2-2 con Paraguay m\u00e1s temprano el viernes.<\/p>\n<p>Miguel Almir\u00f3n abri\u00f3 el marcador en Osaka a los 21 antes de que Koki Ogawa igualara poco despu\u00e9s. Diego G\u00f3mez restaur\u00f3 la ventaja de Paraguay justo despu\u00e9s de la hora, pero Ayase Ueda rescat\u00f3 un empate para los locales con un gol en el cuarto minuto de tiempo agregado.<\/p>\n<p>Ambos goles japoneses tuvieron la complicidad de errores de Roberto Junior Fern\u00e1ndez, el arquero de Paraguay. En el tanto del empate definitivo, el veterano de 37 a\u00f1os midi\u00f3 mal el centro que acab\u00f3 con la anotaci\u00f3n de Ueda. Fern\u00e1ndez tampoco supo controlar un remate de larga distancia Ogawa, dejando que el bal\u00f3n se colara al fondo de la red.<\/p>\n<p>\u201cFue un partido complejo. Estuvimos ajustados, nos cost\u00f3 f\u00edsicamente el partido, por el cambio de horario, la distancia\u201d, se\u00f1al\u00f3 Gustavo Alfaro, el t\u00e9cnico argentino de Paraguay. \u201cNos vamos satisfechos por el rendimiento del equipo, por el rival que enfrentamos, m\u00e1s all\u00e1 de que ve\u00eda en la cara de los jugadores al final por esos gestos de bronca, de desaz\u00f3n por no haber ganado. Es un poco la personalidad el car\u00e1cter y esa mentalidad que uno pretende de esta selecci\u00f3n\u201d.<\/p>\n<p>La Albirroja se las ver\u00e1 el martes contra Corea del Sur.<\/p>\n<p>___<\/p>\n<p>Deportes AP: <a class=\"link\" href=\"https:\/\/apnews.com\/hub\/deportes\" target=\"_blank\" rel=\"nofollow noopener\">https:\/\/apnews.com\/hub\/deportes<\/a><\/p>\n","protected":false},"excerpt":{"rendered":"SE\u00daL\u00a0\u2014\u00a0Con sendos dobletes de Estevao y Rodrygo, Brasil vapule\u00f3 el viernes 5-0 a Corea del Sur en un&hellip;\n","protected":false},"author":2,"featured_media":167932,"comment_status":"","ping_status":"","sticky":false,"template":"","format":"standard","meta":{"footnotes":""},"categories":[93],"tags":[3331,29167,3216,1435,14131,1616,168,622,25,24,42003,3689,10100,14499,18249,1045,19677,23,167,14132],"class_list":{"0":"post-167931","1":"post","2":"type-post","3":"status-publish","4":"format-standard","5":"has-post-thumbnail","7":"category-deportes","8":"tag-amistoso","9":"tag-area","10":"tag-brasil","11":"tag-calidad","12":"tag-corea","13":"tag-defensa","14":"tag-deportes","15":"tag-equipo","16":"tag-es","17":"tag-espana","18":"tag-estevao","19":"tag-gol","20":"tag-individual","21":"tag-minuto","22":"tag-paraguay","23":"tag-partido","24":"tag-rodrygo","25":"tag-spain","26":"tag-sports","27":"tag-sur"},"share_on_mastodon":{"url":"","error":""},"_links":{"self":[{"href":"https:\/\/www.europesays.com\/es\/wp-json\/wp\/v2\/posts\/167931","targetHints":{"allow":["GET"]}}],"collection":[{"href":"https:\/\/www.europesays.com\/es\/wp-json\/wp\/v2\/posts"}],"about":[{"href":"https:\/\/www.europesays.com\/es\/wp-json\/wp\/v2\/types\/post"}],"author":[{"embeddable":true,"href":"https:\/\/www.europesays.com\/es\/wp-json\/wp\/v2\/users\/2"}],"replies":[{"embeddable":true,"href":"https:\/\/www.europesays.com\/es\/wp-json\/wp\/v2\/comments?post=167931"}],"version-history":[{"count":0,"href":"https:\/\/www.europesays.com\/es\/wp-json\/wp\/v2\/posts\/167931\/revisions"}],"wp:featuredmedia":[{"embeddable":true,"href":"https:\/\/www.europesays.com\/es\/wp-json\/wp\/v2\/media\/167932"}],"wp:attachment":[{"href":"https:\/\/www.europesays.com\/es\/wp-json\/wp\/v2\/media?parent=167931"}],"wp:term":[{"taxonomy":"category","embeddable":true,"href":"https:\/\/www.europesays.com\/es\/wp-json\/wp\/v2\/categories?post=167931"},{"taxonomy":"post_tag","embeddable":true,"href":"https:\/\/www.europesays.com\/es\/wp-json\/wp\/v2\/tags?post=167931"}],"curies":[{"name":"wp","href":"https:\/\/api.w.org\/{rel}","templated":true}]}}