{"id":167942,"date":"2025-10-10T17:30:11","date_gmt":"2025-10-10T17:30:11","guid":{"rendered":"https:\/\/www.europesays.com\/es\/167942\/"},"modified":"2025-10-10T17:30:11","modified_gmt":"2025-10-10T17:30:11","slug":"paco-cerda-premio-nacional-de-narrativa-2025-cultura","status":"publish","type":"post","link":"https:\/\/www.europesays.com\/es\/167942\/","title":{"rendered":"Paco Cerd\u00e0, premio Nacional de Narrativa 2025 | Cultura"},"content":{"rendered":"<p class=\"\">Una obra de no ficci\u00f3n literaria ha ganado el Premio Nacional de Narrativa: Presentes (Alfaguara) de Paco Cerd\u00e0 (Genov\u00e9s, Valencia, 40 a\u00f1os). A\u00fan impactado tras recibir la llamada del Ministro de Cultura y despu\u00e9s de haber salido a la calle para airearse tras haber colgado el tel\u00e9fono, Cerd\u00e0 recuerda cu\u00e1l fue el origen de este libro cuyo n\u00facleo argumental es la procesi\u00f3n que traslad\u00f3 el cad\u00e1ver de <a href=\"https:\/\/elpais.com\/noticias\/jose-antonio-primo-de-rivera\/\" target=\"_self\" rel=\"nofollow noopener\" title=\"https:\/\/elpais.com\/noticias\/jose-antonio-primo-de-rivera\/\">Jos\u00e9 Antonio Primo de Rivera al Monasterio de El Escorial a finales de 1939<\/a>. \u201cFue el algoritmo\u201d. Mientras buscaba informaci\u00f3n sobre El pe\u00f3n, cuya traducci\u00f3n inglesa present\u00f3 la semana pasada en Chicago y Dallas, el algoritmo de YouTube le hizo ver im\u00e1genes de aquel pavoroso espect\u00e1culo falangista. Presentes, publicado en septiembre 2024, se traducir\u00e1 a seis lenguas en las editoriales de m\u00e1ximo prestigio (Gallimard, Mondadori, Simon &amp; Schuster\u2026) y se distribuir\u00e1 en 15 pa\u00edses. <\/p>\n<p>M\u00e1s informaci\u00f3n<\/p>\n<p class=\"\">\u201cEl material era incre\u00edble, yo no invent\u00e9 nada, este Premio Nacional es a la realidad\u201d, cuenta Cerd\u00e0 mientras cierra la puerta del ascensor y entra a su piso en Valencia. <a href=\"https:\/\/elpais.com\/noticias\/premio-nacional-narrativa\/\" target=\"_self\" rel=\"nofollow noopener\" title=\"https:\/\/elpais.com\/noticias\/premio-nacional-narrativa\/\">El jurado que concede el Premio Nacional de Narrativa<\/a>, dotado con 30.000 euros, ha argumentado su decisi\u00f3n con otras palabras: \u201cEs una particular cr\u00f3nica coral que permite entrelazar, gracias a sus hallazgos estructurales, las diferentes voces sin perder el ritmo para abordar un episodio de nuestra historia solemne y grotesco a la vez\u201d. A estas voces s\u00ed se refiere tambi\u00e9n Cerd\u00e0 en conversaci\u00f3n con EL PA\u00cdS. \u201cEl Premio es para el coro de voces peque\u00f1as a las que Presentes por fin da voz\u201d. Porque a la vez que el lector del libro contempla la descripci\u00f3n precisa de \u201cun episodio de nuestra historia solemne y grotesco\u201d, Cerd\u00e0 intercala otras miniaturas a trav\u00e9s de las cuales se escucha lo silenciado: el miedo, el dolor y la muerte de los represaliados tras el fin de la Guerra Civil.<\/p>\n<p><img decoding=\"auto\" class=\"_re lazyload a_m-h\" height=\"265\"  width=\"414\"  src=\"https:\/\/www.europesays.com\/es\/wp-content\/uploads\/2025\/10\/3F5DA6P77FFF3HBXAWPAQ6DD5A.jpg\" loading=\"lazy\"\/>El cortejo f\u00fanebre que conduc\u00eda los restos mortales de Jos\u00e9 Antonio Primo de Rivera desde Alicante hasta el Monasterio de El Escorial.HERMES PATO \/ EFE<\/p>\n<p class=\"\">Paco Cerd\u00e0, que fue editor, <a href=\"https:\/\/elpais.com\/autor\/francisco-cerda-arroyo\/\" target=\"_blank\" rel=\"nofollow noopener\" title=\"https:\/\/elpais.com\/autor\/francisco-cerda-arroyo\/\">es periodista y escritor y es una de las figuras de las letras espa\u00f1olas<\/a> que mejor representa una de las tendencias m\u00e1s potentes de la literatura europea desde hace un cuarto de siglo: la no ficci\u00f3n literaria. El Premio Nacional es un reconocimiento institucional de este g\u00e9nero h\u00edbrido. Es colaborador habitual de estas p\u00e1ginas, tambi\u00e9n del suplemento cultural Quadern. Si Los \u00faltimos (2017), su primer libro, era una descripci\u00f3n de la Espa\u00f1a despoblada, con El pe\u00f3n (2020) encontr\u00f3 la forma para explorar la esencia de su proyecto c\u00edvico y literario: recuperar a los an\u00f3nimos barridos por la historia. Una partida de ajedrez entre el mito de la Guerra Fr\u00eda Bobby Fischer y el ni\u00f1o prodigio espa\u00f1ol Arturito Pomar era la an\u00e9cdota que le permit\u00eda contar un mundo. Cuando present\u00f3 el proyecto 14 de abril (2022) al Premio de No Ficci\u00f3n Libros del Asteroide, el jurado no dud\u00f3: aquella minuciosa reconstrucci\u00f3n de las personas fallecidas ese d\u00eda de alegr\u00eda permit\u00eda otra vez dar voz a los que nadie ha escuchado. <\/p>\n<p class=\"\">\u201cEs el mejor escritor de nuestra generaci\u00f3n\u201d, escribi\u00f3 en X el periodista Fernando Navarro. La editora Carme Riera apost\u00f3 fuerte para incorporarlo al cat\u00e1logo de Alfaguara. \u201cSu habilidad para sondear lo real y transformarlo en una literatura que vuela y emociona esconde un trabajo minucioso y un respeto absoluto por la verdad, el rigor y el detalle\u201d, declar\u00f3 la editora a los pocos minutos de conocer la noticia de la concesi\u00f3n. Cerd\u00e0 se recordaba fascinado de peque\u00f1o viendo los libros de esa editorial, leyendo en el lomo de los vol\u00famenes el nombre de Manuel Vicent. <\/p>\n<p class=\"\">La precisa m\u00e1quina narrativa que es Presentes funciona contraponiendo dos planos perfectamente coet\u00e1neos: la procesi\u00f3n falangista y la represi\u00f3n, el espect\u00e1culo y el silencio. \u201cEn la escuela te robaban la memoria \/ hac\u00edan mentira del presente\u201d <a href=\"https:\/\/elpais.com\/noticias\/raimon\/\" target=\"_blank\" rel=\"nofollow noopener\" title=\"https:\/\/elpais.com\/noticias\/raimon\/\">dice el cantautor Raimon en unos versos que fascinan a Cerd\u00e0<\/a>. La primera entrevista que concedi\u00f3 antes de la salida de Presentes fue a Ferran Bono y M\u00f2nica Torres lo fotograf\u00eda en el cementerio de Alicante. All\u00ed Cerd\u00e0 <a href=\"https:\/\/elpais.com\/babelia\/2024-09-12\/presentes-el-viaje-de-paco-cerda-a-la-cultura-de-la-muerte-y-la-mitificacion-del-falangista-jose-antonio.html\" target=\"_blank\" rel=\"nofollow noopener\" title=\"https:\/\/elpais.com\/babelia\/2024-09-12\/presentes-el-viaje-de-paco-cerda-a-la-cultura-de-la-muerte-y-la-mitificacion-del-falangista-jose-antonio.html\">desvel\u00f3 una de las claves c\u00edvicas de su proyecto<\/a> literario: su bisabuelo fue fusilado el a\u00f1o 1943 en Paterna. \u201cSu abuelo Pepe cumple 99 a\u00f1os en noviembre. Se qued\u00f3 hu\u00e9rfano de padre a los 17. Nunca quiso hablar apenas de c\u00f3mo su progenitor, Francisco Arroyo Rubio, electricista que fue concejal de Uni\u00f3n Republicana en Burjassot, fue fusilado\u201d, explicaba Ferran Bono. <\/p>\n<p class=\"\">En una biblioteca de Zaragoza, pocos d\u00edas antes de la presentaci\u00f3n de Presentes en la librer\u00eda C\u00e1lamo, el usuario de una biblioteca vio el ejemplar y le pregunt\u00f3 al bibliotecario si se lo recomendaba. Dijo que s\u00ed con entusiasmo y se refiri\u00f3 a otra historia familiar. El abuelo del bibliotecario hab\u00eda formado parte de uno de los pelotones que fusilaron presos republicanos en Paterna. Y hasta el \u00faltimo d\u00eda repiti\u00f3 \u201c\u00a1qu\u00e9 guapo era!\u201d refiri\u00e9ndose a un joven al que tuvo que disparar. Cerd\u00e0 no sabe si la v\u00edctima podr\u00eda ser su abuelo, pero tampoco sabremos nunca <a href=\"https:\/\/elpais.com\/diario\/2001\/09\/03\/opinion\/999468046_850215.html\" target=\"_blank\" rel=\"nofollow noopener\" title=\"https:\/\/elpais.com\/diario\/2001\/09\/03\/opinion\/999468046_850215.html\">si el Miralles de Soldados de Salamina salv\u00f3 a S\u00e1nchez Mazas<\/a>. Aunque s\u00ed sabemos que a aquel hombre se le encasquill\u00f3 el fusil cuando deb\u00eda disparar, lo abroncaron sus superiores y al final mat\u00f3. Pero nunca olvid\u00f3 el rostro de aquella v\u00edctima. Ellos, los silenciados, son ahora los presentes. <\/p>\n","protected":false},"excerpt":{"rendered":"Una obra de no ficci\u00f3n literaria ha ganado el Premio Nacional de Narrativa: Presentes (Alfaguara) de Paco Cerd\u00e0&hellip;\n","protected":false},"author":2,"featured_media":167943,"comment_status":"","ping_status":"","sticky":false,"template":"","format":"standard","meta":{"footnotes":""},"categories":[8],"tags":[17,18,209,25,24,13,14,11,448,5001,19,20,225,9,10,15,16,49103,49104,23,12,21,22],"class_list":{"0":"post-167942","1":"post","2":"type-post","3":"status-publish","4":"format-standard","5":"has-post-thumbnail","7":"category-espana","8":"tag-breaking-news","9":"tag-breakingnews","10":"tag-cultura","11":"tag-es","12":"tag-espana","13":"tag-featured-news","14":"tag-featurednews","15":"tag-headlines","16":"tag-historia","17":"tag-jose-antonio-primo-de-rivera","18":"tag-latest-news","19":"tag-latestnews","20":"tag-libros","21":"tag-news","22":"tag-noticias","23":"tag-noticias-destacadas","24":"tag-noticiasdestacadas","25":"tag-premio-nacional-narrativa","26":"tag-premios-nacionales-cultura","27":"tag-spain","28":"tag-titulares","29":"tag-ultimas-noticias","30":"tag-ultimasnoticias"},"share_on_mastodon":{"url":"","error":""},"_links":{"self":[{"href":"https:\/\/www.europesays.com\/es\/wp-json\/wp\/v2\/posts\/167942","targetHints":{"allow":["GET"]}}],"collection":[{"href":"https:\/\/www.europesays.com\/es\/wp-json\/wp\/v2\/posts"}],"about":[{"href":"https:\/\/www.europesays.com\/es\/wp-json\/wp\/v2\/types\/post"}],"author":[{"embeddable":true,"href":"https:\/\/www.europesays.com\/es\/wp-json\/wp\/v2\/users\/2"}],"replies":[{"embeddable":true,"href":"https:\/\/www.europesays.com\/es\/wp-json\/wp\/v2\/comments?post=167942"}],"version-history":[{"count":0,"href":"https:\/\/www.europesays.com\/es\/wp-json\/wp\/v2\/posts\/167942\/revisions"}],"wp:featuredmedia":[{"embeddable":true,"href":"https:\/\/www.europesays.com\/es\/wp-json\/wp\/v2\/media\/167943"}],"wp:attachment":[{"href":"https:\/\/www.europesays.com\/es\/wp-json\/wp\/v2\/media?parent=167942"}],"wp:term":[{"taxonomy":"category","embeddable":true,"href":"https:\/\/www.europesays.com\/es\/wp-json\/wp\/v2\/categories?post=167942"},{"taxonomy":"post_tag","embeddable":true,"href":"https:\/\/www.europesays.com\/es\/wp-json\/wp\/v2\/tags?post=167942"}],"curies":[{"name":"wp","href":"https:\/\/api.w.org\/{rel}","templated":true}]}}