{"id":167999,"date":"2025-10-10T18:12:19","date_gmt":"2025-10-10T18:12:19","guid":{"rendered":"https:\/\/www.europesays.com\/es\/167999\/"},"modified":"2025-10-10T18:12:19","modified_gmt":"2025-10-10T18:12:19","slug":"estrena-el-mismo-en-color-rojo-de-una-firma-espanola","status":"publish","type":"post","link":"https:\/\/www.europesays.com\/es\/167999\/","title":{"rendered":"estrena el mismo, en color rojo, de una firma espa\u00f1ola"},"content":{"rendered":"<p data-journey-content=\"true\" data-node-id=\"1\" class=\"body-dropcap css-1vn2egp emevuu60\">El D\u00eda Mundial de la Salud Mental que se celebra cada 1o de octubre es una de las fechas que la reina Letizia tiene marcada en rojo en su calendario. Hace dos a\u00f1os su <a href=\"https:\/\/www.harpersbazaar.com\/es\/famosas\/el-estilo-de\/a45494434\/reina-letizia-rapear-cancion-el-chojin-salud-mental-video-viral\/\" target=\"_blank\" data-vars-ga-outbound-link=\"https:\/\/www.harpersbazaar.com\/es\/famosas\/el-estilo-de\/a45494434\/reina-letizia-rapear-cancion-el-chojin-salud-mental-video-viral\/\" data-vars-ga-ux-element=\"Hyperlink\" data-vars-ga-call-to-action=\"rap partiendo de una canci\u00f3n del m\u00fasico El Choj\u00edn se hizo viral\" data-node-id=\"1.1\" class=\"body-link css-156jt4g emevuu60\" rel=\"nofollow noopener\">rap partiendo de una canci\u00f3n del m\u00fasico El Choj\u00edn se hizo viral<\/a> y sus discursos siempre calan por su cercan\u00eda y significado. Este a\u00f1o la <strong data-node-id=\"1.3\">reina Letizia <\/strong>ha reivindicado la importancia de la lectura para poner palabras a lo que sentimos, al duelo, a la p\u00e9rdida, a la incertidumbre&#8230; No solo su discurso ha llamado la atenci\u00f3n, sino tambi\u00e9n su look. La reina ha estrenado un <strong data-node-id=\"1.5\">vestido rojo de Adolfo Dom\u00ednguez <\/strong>igual al que la princesa Leonor estren\u00f3 en 2023 en verde.<\/p>\n<p data-journey-content=\"true\" data-node-id=\"4\" class=\"css-6wxqfj emevuu60\">El acto, organizado por la Confederaci\u00f3n Salud Mental Espa\u00f1a, se ha celebrado en Madrid bajo el lema Compartimos vulnerabilidad, defendemos nuestra salud mental, y la reina Letizia ha sido, un a\u00f1o, la encargada de inaugurar la jornada. Para este acto, la reina ha vuelto a recurrir a su <strong data-node-id=\"4.3\">color fetiche, <a href=\"https:\/\/www.harpersbazaar.com\/es\/famosas\/el-estilo-de\/a63952317\/reina-letizia-estrena-vestido-rojo-burdeos-combinacion-colores-moda\/\" target=\"_blank\" data-vars-ga-outbound-link=\"https:\/\/www.harpersbazaar.com\/es\/famosas\/el-estilo-de\/a63952317\/reina-letizia-estrena-vestido-rojo-burdeos-combinacion-colores-moda\/\" data-vars-ga-ux-element=\"Hyperlink\" data-vars-ga-call-to-action=\"el rojo\" data-node-id=\"4.3.1\" class=\"body-link css-156jt4g emevuu60\" rel=\"nofollow noopener\">el rojo<\/a>, <\/strong>que te\u00f1\u00eda la mayor\u00eda de sus looks hace dos d\u00e9cadas, cuando comenz\u00f3 su andadura como princesa de Asturias.<\/p>\n<p><img draggable=\"true\" alt=\"reina letizia\" title=\"Reina Letizia\" loading=\"lazy\" width=\"2500\" height=\"3750\" decoding=\"async\" data-nimg=\"1\" style=\"color:transparent;width:100%;height:auto;\"   src=\"https:\/\/www.europesays.com\/es\/wp-content\/uploads\/2025\/10\/gettyimages-2240230527-68e8e71b1c9ac.jpg\" class=\"css-0 e1g79fud0\"\/><\/p>\n<p>Europa Press Entertainment<\/p>\n<p data-journey-content=\"true\" data-node-id=\"7\" class=\"css-6wxqfj emevuu60\">En esta ocasi\u00f3n, la reina ha lucido un favorecedor dise\u00f1o de<strong data-node-id=\"7.1\"> Adolfo Dom\u00ednguez<\/strong> de largo midi y manga corta, con cuello redondo, cuerpo entallado y una falda evas\u00e9 con un pliegue central que a\u00f1ade volumen y sienta bien a todo tipo de cuerpos. La reina ha querido apostarlo todo al rojo, eligiendo los complementos en el mismo tono: unos<strong data-node-id=\"7.3\"> nuevos zapatos de Polin et Moi,<\/strong> de tac\u00f3n cuadrado, destalonados, <a href=\"https:\/\/www.harpersbazaar.com\/es\/moda\/tendencias\/a63782564\/zapatos-punta-cuadrada-tendencia-mujer-2025-moda-nueva-york\/\" target=\"_blank\" data-vars-ga-outbound-link=\"https:\/\/www.harpersbazaar.com\/es\/moda\/tendencias\/a63782564\/zapatos-punta-cuadrada-tendencia-mujer-2025-moda-nueva-york\/\" data-vars-ga-ux-element=\"Hyperlink\" data-vars-ga-call-to-action=\"punta cuadrada\" data-node-id=\"7.5\" class=\"body-link css-156jt4g emevuu60\" rel=\"nofollow noopener\">punta cuadrada<\/a> y con efecto charol, y una cartera de mano grande.<\/p>\n<p><img draggable=\"true\" alt=\"reina letizia\" title=\"Reina Letizia\" loading=\"lazy\" width=\"2500\" height=\"3750\" decoding=\"async\" data-nimg=\"1\" style=\"color:transparent;width:100%;height:auto;\"   src=\"https:\/\/www.europesays.com\/es\/wp-content\/uploads\/2025\/10\/gettyimages-2240230540-68e8e73685de7.jpg\" class=\"css-0 e1g79fud0\"\/><\/p>\n<p>Europa Press Entertainment<\/p>\n<p data-journey-content=\"true\" data-node-id=\"12\" class=\"css-6wxqfj emevuu60\">Se da la casualidad de que la <strong data-node-id=\"12.1\">princesa Leonor<\/strong> tiene el <a href=\"https:\/\/www.harpersbazaar.com\/es\/famosas\/el-estilo-de\/a45984317\/leonor-princesa-vestido-adolfo-dominguez-249-euros-dona-letizia\/\" target=\"_blank\" data-vars-ga-outbound-link=\"https:\/\/www.harpersbazaar.com\/es\/famosas\/el-estilo-de\/a45984317\/leonor-princesa-vestido-adolfo-dominguez-249-euros-dona-letizia\/\" data-vars-ga-ux-element=\"Hyperlink\" data-vars-ga-call-to-action=\"mismo vestido en su armario\" data-node-id=\"12.3\" class=\"body-link css-156jt4g emevuu60\" rel=\"nofollow noopener\">mismo vestido en su armario<\/a>, pero ella en color verde. Lo estren\u00f3 en noviembre de 2023 para asistir a la Sesi\u00f3n de Apertura de la XV Legislatura de las Cortes Generales, combin\u00e1ndolo con un abrigo camel, un look que recordaba mucho al estilo de su madre. Y ahora hemos podido comprobar que tienen el mismo vestido.<\/p>\n<p data-journey-content=\"true\" data-node-id=\"14\" class=\"css-6wxqfj emevuu60\">El dise\u00f1o, de aquella temporada, costaba <strong data-node-id=\"14.1\">249 euros<\/strong>, y es muy probable que ambas lo adquirieran juntas en una tarde de compras. La princesa Leonor no tard\u00f3 en estrenarlo y ahora ha sido la reina Letizia quien ha lucido este favorecedor vestido que seguramente llevar\u00e1 en m\u00e1s ocasiones. <\/p>\n<p><img src=\"https:\/\/www.europesays.com\/es\/wp-content\/uploads\/2025\/10\/1760119939_267_b4c24d5a-56e1-466a-b6be-f09ec4d75ab4_1657891428.file\" alt=\"Headshot of Sandra Mu\u00f1oz\" title=\"Headshot of Sandra Mu\u00f1oz\" width=\"100%\" height=\"100%\" decoding=\"async\" loading=\"lazy\" class=\"css-o0wq4v ev8dhu53\"\/><\/p>\n<p>Escribo sobre royals, celebrities y cultura en la web de Harper\u2019s Bazaar. Licenciada en Periodismo en la Universidad Complutense de Madrid, comenc\u00e9 mi carrera escribiendo sobre lifestyle en revistas impresas para despu\u00e9s dar el salto al mundo digital. Si solo pudiera hacer dos cosas en la vida ser\u00edan leer y probar nuevos restaurantes. Mi idea de la felicidad es tomarse una cerveza mirando al mar.\u00a0<\/p>\n","protected":false},"excerpt":{"rendered":"El D\u00eda Mundial de la Salud Mental que se celebra cada 1o de octubre es una de las&hellip;\n","protected":false},"author":2,"featured_media":168000,"comment_status":"","ping_status":"","sticky":false,"template":"","format":"standard","meta":{"footnotes":""},"categories":[91],"tags":[253,146,147,25,24,23],"class_list":{"0":"post-167999","1":"post","2":"type-post","3":"status-publish","4":"format-standard","5":"has-post-thumbnail","7":"category-entretenimiento","8":"tag-discover","9":"tag-entertainment","10":"tag-entretenimiento","11":"tag-es","12":"tag-espana","13":"tag-spain"},"share_on_mastodon":{"url":"","error":""},"_links":{"self":[{"href":"https:\/\/www.europesays.com\/es\/wp-json\/wp\/v2\/posts\/167999","targetHints":{"allow":["GET"]}}],"collection":[{"href":"https:\/\/www.europesays.com\/es\/wp-json\/wp\/v2\/posts"}],"about":[{"href":"https:\/\/www.europesays.com\/es\/wp-json\/wp\/v2\/types\/post"}],"author":[{"embeddable":true,"href":"https:\/\/www.europesays.com\/es\/wp-json\/wp\/v2\/users\/2"}],"replies":[{"embeddable":true,"href":"https:\/\/www.europesays.com\/es\/wp-json\/wp\/v2\/comments?post=167999"}],"version-history":[{"count":0,"href":"https:\/\/www.europesays.com\/es\/wp-json\/wp\/v2\/posts\/167999\/revisions"}],"wp:featuredmedia":[{"embeddable":true,"href":"https:\/\/www.europesays.com\/es\/wp-json\/wp\/v2\/media\/168000"}],"wp:attachment":[{"href":"https:\/\/www.europesays.com\/es\/wp-json\/wp\/v2\/media?parent=167999"}],"wp:term":[{"taxonomy":"category","embeddable":true,"href":"https:\/\/www.europesays.com\/es\/wp-json\/wp\/v2\/categories?post=167999"},{"taxonomy":"post_tag","embeddable":true,"href":"https:\/\/www.europesays.com\/es\/wp-json\/wp\/v2\/tags?post=167999"}],"curies":[{"name":"wp","href":"https:\/\/api.w.org\/{rel}","templated":true}]}}