{"id":168049,"date":"2025-10-10T18:42:12","date_gmt":"2025-10-10T18:42:12","guid":{"rendered":"https:\/\/www.europesays.com\/es\/168049\/"},"modified":"2025-10-10T18:42:12","modified_gmt":"2025-10-10T18:42:12","slug":"cuenta-regresiva-para-la-corrida-internacional-de-este-domingo","status":"publish","type":"post","link":"https:\/\/www.europesays.com\/es\/168049\/","title":{"rendered":"\u00a1Cuenta regresiva para la corrida internacional de este domingo!"},"content":{"rendered":"<p>La tradici\u00f3n taurina de Monterrey vivir\u00e1 una cita imperdible el pr\u00f3ximo domingo en punto de las 16:30 horas en la Monumental Monterrey \u201cLorenzo Garza\u201d, donde se celebrar\u00e1 una corrida de toros que promete emociones intensas, figuras destacadas y el debut de un joven prodigio del toreo.<\/p>\n<p>El cartel est\u00e1 encabezado por el reconocido rejoneador mexicano Emiliano Gamero, figura consagrada del toreo a caballo, quien ha conquistado al p\u00fablico en las principales plazas del pa\u00eds con su elegancia, precisi\u00f3n y espectacular dominio ecuestre. Gamero, siempre arropado por una cuadra de caballos de gran calidad, llega a Monterrey dispuesto a regalar una tarde de rejoneo de alto nivel, donde la emoci\u00f3n y el arte se funden en cada embestida.<\/p>\n<p>La presencia femenina estar\u00e1 representada por Paola San Rom\u00e1n, una de las toreras m\u00e1s destacadas de la actualidad, que ha sabido ganarse un lugar importante en el mundo taurino a base de valor, entrega y personalidad propia. Su estilo templado y su firmeza frente a la cara del toro han cautivado a las aficiones donde se presenta, y Monterrey no ser\u00e1 la excepci\u00f3n.<\/p>\n<p>El cartel se completa con el debut en esta plaza del joven torero espa\u00f1ol Marco P\u00e9rez, considerado una de las grandes promesas de la tauromaquia actual. Con apenas 18 a\u00f1os, P\u00e9rez ha causado sensaci\u00f3n en ruedos europeos por su arte natural, su aplomo y la madurez que demuestra frente a los astados. Su presentaci\u00f3n en la Monumental Lorenzo Garza genera una expectativa especial entre los aficionados regiomontanos, que tendr\u00e1n la oportunidad de presenciar en directo la evoluci\u00f3n de esta nueva figura.<\/p>\n<p>Los tres valientes diestros lidiar\u00e1n un encierro bien presentado de la prestigiada ganader\u00eda guanajuatense de Santa Mar\u00eda de Xalpa, hierro de reconocido prestigio que se distingue por criar toros con bravura, clase y transmisi\u00f3n, caracter\u00edsticas que auguran un espect\u00e1culo de gran nivel.<\/p>\n<p>La cita est\u00e1 hecha: domingo 16:30 horas en la catedral taurina del norte. Los boletos ya se encuentran a la venta en taquillas de la plaza y plataforma de superboletos.com.<\/p>\n<p class=\"text-white pb-2 section-title section-title-bold yellneon\">&#13;<br \/>\n                      Comentarios&#13;\n                    <\/p>\n","protected":false},"excerpt":{"rendered":"La tradici\u00f3n taurina de Monterrey vivir\u00e1 una cita imperdible el pr\u00f3ximo domingo en punto de las 16:30 horas&hellip;\n","protected":false},"author":2,"featured_media":168050,"comment_status":"","ping_status":"","sticky":false,"template":"","format":"standard","meta":{"footnotes":""},"categories":[277],"tags":[373,168,25,24,23,167,374],"class_list":{"0":"post-168049","1":"post","2":"type-post","3":"status-publish","4":"format-standard","5":"has-post-thumbnail","7":"category-toreo","8":"tag-bullfighting","9":"tag-deportes","10":"tag-es","11":"tag-espana","12":"tag-spain","13":"tag-sports","14":"tag-toreo"},"share_on_mastodon":{"url":"","error":""},"_links":{"self":[{"href":"https:\/\/www.europesays.com\/es\/wp-json\/wp\/v2\/posts\/168049","targetHints":{"allow":["GET"]}}],"collection":[{"href":"https:\/\/www.europesays.com\/es\/wp-json\/wp\/v2\/posts"}],"about":[{"href":"https:\/\/www.europesays.com\/es\/wp-json\/wp\/v2\/types\/post"}],"author":[{"embeddable":true,"href":"https:\/\/www.europesays.com\/es\/wp-json\/wp\/v2\/users\/2"}],"replies":[{"embeddable":true,"href":"https:\/\/www.europesays.com\/es\/wp-json\/wp\/v2\/comments?post=168049"}],"version-history":[{"count":0,"href":"https:\/\/www.europesays.com\/es\/wp-json\/wp\/v2\/posts\/168049\/revisions"}],"wp:featuredmedia":[{"embeddable":true,"href":"https:\/\/www.europesays.com\/es\/wp-json\/wp\/v2\/media\/168050"}],"wp:attachment":[{"href":"https:\/\/www.europesays.com\/es\/wp-json\/wp\/v2\/media?parent=168049"}],"wp:term":[{"taxonomy":"category","embeddable":true,"href":"https:\/\/www.europesays.com\/es\/wp-json\/wp\/v2\/categories?post=168049"},{"taxonomy":"post_tag","embeddable":true,"href":"https:\/\/www.europesays.com\/es\/wp-json\/wp\/v2\/tags?post=168049"}],"curies":[{"name":"wp","href":"https:\/\/api.w.org\/{rel}","templated":true}]}}