{"id":16805,"date":"2025-07-31T17:33:12","date_gmt":"2025-07-31T17:33:12","guid":{"rendered":"https:\/\/www.europesays.com\/es\/16805\/"},"modified":"2025-07-31T17:33:12","modified_gmt":"2025-07-31T17:33:12","slug":"pomares-lateral-zurdo-ya-es-el-cuarto-fichaje-del-real-zaragoza","status":"publish","type":"post","link":"https:\/\/www.europesays.com\/es\/16805\/","title":{"rendered":"Pomares, lateral zurdo, ya es el cuarto fichaje del Real Zaragoza"},"content":{"rendered":"<p>            Pomares, lateral zurdo, ya es el cuarto fichaje del Real Zaragoza                <\/p>\n<p>Pomares, lateral zurdo, ya es el cuarto fichaje del Real Zaragoza<\/p>\n<p>real zaragoza<\/p>\n<p class=\"epigraph\">El veterano jugador de 32 a\u00f1os llega procedente del Oviedo, con el que ha ascendido a Primera Divisi\u00f3n y jug\u00f3 27 partidos el \u00faltimo a\u00f1o. Firma por una \u00fanica temporada como zaragocista.\u00a0<\/p>\n<p class=\"paragraph\"><b><a href=\"https:\/\/www.heraldo.es\/noticias\/deportes\/futbol\/real-zaragoza\/2025\/07\/30\/pomares-lateral-izquierdo-que-acaba-de-rescindir-con-el-oviedo-a-tiro-del-real-zaragoza-1843276.html\" title=\"Pomares, lateral izquierdo que acaba de rescindir con el Oviedo, a tiro del Real Zaragoza\" rel=\"nofollow noopener\" target=\"_blank\">Carlos Pomares, lateral izquierdo de 32 a\u00f1os<\/a><\/b> (cumplir\u00e1 los 33 en diciembre), <b>ya es nuevo futbolista del Real Zaragoza<\/b>. La SAD ha comunicado su fichaje a primera hora de la tarde de este jueves 31 de julio despu\u00e9s de culminar las conversaciones que se aceleraron hace 24 horas tras rescindir el jugador su contrato con el club ovetense.<\/p>\n<p>            Conforme a los criterios de<br \/>\n            <a class=\"trustproject_img\" id=\"trustproject_img\" href=\"https:\/\/thetrustproject.org\/\" target=\"_blank\" rel=\"nofollow noopener\" aria-label=\"Trust Project\"><img decoding=\"async\" loading=\"lazy\" src=\"https:\/\/www.heraldo.es\/images\/Trust-Logo-Horizontal.svg\" alt=\"Logo Trust Project\" width=\"200\" height=\"34\"\/><\/a><\/p>\n<p>                <img decoding=\"async\" loading=\"lazy\" src=\"https:\/\/www.europesays.com\/es\/wp-content\/uploads\/2025\/07\/paco-gimenez.jpeg\" class=\"author-image\" width=\"120\" height=\"120\" alt=\"Paco Gim\u00e9nez\"\/><\/p>\n<p>        <a href=\"https:\/\/www.henneo.com\/\" title=\"Grupo Henneo\" class=\"logo\" rel=\"nofollow noopener\" target=\"_blank\"><br \/>\n            <img decoding=\"async\" src=\"https:\/\/www.heraldo.es\/images\/logo_henneo_gris.svg\" alt=\"Logo Henneo\" width=\"559\" height=\"389\" loading=\"lazy\"\/><br \/>\n        <\/a><\/p>\n<p>\u00a9 HERALDO DE ARAGON EDITORA, S.L.U.<br \/>Tel\u00e9fono 976 765 000 \/ &#8211; P\u00ba. Independencia, 29, 50001 Zaragoza &#8211; CIF: B99288763 &#8211; Inscrita en el Registro Mercantil de Zaragoza al Tomo 3796, Libro 0, Folio 177, Secci\u00f3n 8, Hoja Z-50564<br \/>Queda prohibida toda reproducci\u00f3n sin permiso escrito de la empresa a los efectos del art\u00edculo 32.1, p\u00e1rrafo segundo, de la Ley de Propiedad Intelectual<\/p>\n<p>\n                P\u00ba Independencia, 29, 50001 Zaragoza<br \/> Tel\u00e9fono 976 765 000\n            <\/p>\n<p>                    Actualmente tu navegador no permite ejecutar JavaScript. Para poder disfrutar de nuestro contenido es necesario que lo permita.<br \/>\n                                        <img decoding=\"async\" loading=\"lazy\" alt=\"Heraldo logo\" src=\"https:\/\/dkumiip2e9ary.cloudfront.net\/xalok\/heraldo\/especiales\/hola-de-nuevo\/logo-heraldo.svg\" width=\"215\" height=\"43\"\/><\/p>\n","protected":false},"excerpt":{"rendered":"Pomares, lateral zurdo, ya es el cuarto fichaje del Real Zaragoza Pomares, lateral zurdo, ya es el cuarto&hellip;\n","protected":false},"author":2,"featured_media":16806,"comment_status":"","ping_status":"","sticky":false,"template":"","format":"standard","meta":{"footnotes":""},"categories":[268],"tags":[10859,168,25,24,557,280,282,1508,10858,281,23,167,491],"class_list":{"0":"post-16805","1":"post","2":"type-post","3":"status-publish","4":"format-standard","5":"has-post-thumbnail","7":"category-futbol","8":"tag-cuarto","9":"tag-deportes","10":"tag-es","11":"tag-espana","12":"tag-fichaje","13":"tag-football","14":"tag-futbol","15":"tag-lateral","16":"tag-pomares","17":"tag-soccer","18":"tag-spain","19":"tag-sports","20":"tag-zaragoza"},"share_on_mastodon":{"url":"","error":""},"_links":{"self":[{"href":"https:\/\/www.europesays.com\/es\/wp-json\/wp\/v2\/posts\/16805","targetHints":{"allow":["GET"]}}],"collection":[{"href":"https:\/\/www.europesays.com\/es\/wp-json\/wp\/v2\/posts"}],"about":[{"href":"https:\/\/www.europesays.com\/es\/wp-json\/wp\/v2\/types\/post"}],"author":[{"embeddable":true,"href":"https:\/\/www.europesays.com\/es\/wp-json\/wp\/v2\/users\/2"}],"replies":[{"embeddable":true,"href":"https:\/\/www.europesays.com\/es\/wp-json\/wp\/v2\/comments?post=16805"}],"version-history":[{"count":0,"href":"https:\/\/www.europesays.com\/es\/wp-json\/wp\/v2\/posts\/16805\/revisions"}],"wp:featuredmedia":[{"embeddable":true,"href":"https:\/\/www.europesays.com\/es\/wp-json\/wp\/v2\/media\/16806"}],"wp:attachment":[{"href":"https:\/\/www.europesays.com\/es\/wp-json\/wp\/v2\/media?parent=16805"}],"wp:term":[{"taxonomy":"category","embeddable":true,"href":"https:\/\/www.europesays.com\/es\/wp-json\/wp\/v2\/categories?post=16805"},{"taxonomy":"post_tag","embeddable":true,"href":"https:\/\/www.europesays.com\/es\/wp-json\/wp\/v2\/tags?post=16805"}],"curies":[{"name":"wp","href":"https:\/\/api.w.org\/{rel}","templated":true}]}}