{"id":168061,"date":"2025-10-10T18:53:09","date_gmt":"2025-10-10T18:53:09","guid":{"rendered":"https:\/\/www.europesays.com\/es\/168061\/"},"modified":"2025-10-10T18:53:09","modified_gmt":"2025-10-10T18:53:09","slug":"jessica-bueno-rompe-a-llorar-al-recordar-a-luitingo-en-supervivientes-queria-cosas-que-no-podia-darle","status":"publish","type":"post","link":"https:\/\/www.europesays.com\/es\/168061\/","title":{"rendered":"Jessica Bueno rompe a llorar al recordar a Luitingo en &#8216;Supervivientes&#8217;: \u00abQuer\u00eda cosas que no pod\u00eda darle\u00bb"},"content":{"rendered":"<p><a class=\"v-mdl-ath__fig-a\" href=\"https:\/\/www.elcorreo.com\/autor\/marina-leon-6788.html\" title=\"Marina Le\u00f3n\" rel=\"nofollow noopener\" target=\"_blank\"><br \/>\n<img decoding=\"async\" class=\"v-mdl-ath__img\" src=\"https:\/\/www.europesays.com\/es\/wp-content\/uploads\/2025\/09\/autor-6788-foto-1.jpeg\" alt=\"Marina Le\u00f3n\"\/><br \/>\n<\/a><\/p>\n<p class=\"v-mdl-ath__p v-mdl-ath__p--6\">\nViernes, 10 de octubre 2025, 18:37<\/p>\n<p class=\"v-p\"><a href=\"https:\/\/www.elcorreo.com\/gente-estilo\/jessica-bueno-moja-sobre-posibilidad-coincidir-isabel-20250801165748-nt.html\" target=\"_blank\" title=\"Jessica Bueno se moja sobre la posibilidad de coincidir con Isabel Pantoja en &#039;Supervivientes&#039;\" data-voc-vtm-id=\"in-text-traffic\" data-mrf-link=\"www.elcorreo.com\" rel=\"nofollow noopener\">Jessica Bueno<\/a> contin\u00faa con su aventura en la segunda edici\u00f3n de &#8216;Supervivientes All Stars&#8217;. Tras la conmovedora despedida entre Alejandro Albal\u00e1 y Miri P\u00e9rez-Cabrero, la sevillana no pudo evitar emocionarse y rompi\u00f3 a llorar en directo. \u00abMe recuerda a una historia que viv\u00ed hace poco y es muy bonito\u00bb, coment\u00f3.<\/p>\n<p class=\"v-p\">La modelo revivi\u00f3 as\u00ed <a href=\"https:\/\/www.elcorreo.com\/gente-estilo\/luitingo-sincera-sobre-etapa-bilbao-jessica-bueno-20251009111216-nt.html\" target=\"_blank\" title=\"Luitingo se sincera sobre su etapa en Bilbao con Jessica Bueno: \u00abFue regular, pero all\u00ed la gente es de categor\u00eda\u00bb\" data-voc-vtm-id=\"in-text-traffic\" data-mrf-link=\"www.elcorreo.com\" rel=\"nofollow noopener\">su historia con Luitingo<\/a>, a quien conoci\u00f3 en &#8216;Gran Hermano VIP 8&#8217;. Una relaci\u00f3n a la que pusieron punto y final tras m\u00e1s de un a\u00f1o. Jorge Javier le lanz\u00f3 una pregunta a la concursante: \u00ab\u00bfTe enamoraste de \u00e9l?\u00bb. \u00abHombre claro, sino no hubi\u00e9semos estado un a\u00f1o juntos\u00bb, respondi\u00f3 ella. Sobre si mantienen el contacto, Jessica dej\u00f3 claro que no. \u00abCada uno lleva su vida y creo que la decisi\u00f3n que tomamos fue lo m\u00e1s maduro para los dos\u00bb. <\/p>\n<p class=\"v-p\">Aunque no aport\u00f3 muchos detalles sobre los motivos de la ruptura, lament\u00f3 que \u00abno pod\u00eda ser. Cada uno est\u00e1bamos en momentos vitales diferentes\u00bb, explic\u00f3 m\u00e1s tarde. \u00abNos superaron muchas cosas de la vida, sobre todo de la m\u00eda. \u00c9l quer\u00eda cosas que yo no pod\u00eda darle\u00bb. Por \u00faltimo, Jessica Bueno cerr\u00f3 su reflexi\u00f3n con un mensaje cargado de cari\u00f1o. \u00abEspero que sea muy feliz. Yo ahora solo pienso en m\u00ed, en mi felicidad\u00bb.<\/p>\n<p class=\"v-p\">La historia de amor de Jessica y Luitingo no tuvo un comienzo sencillo. Estuvieron juntos en un momento complicado, especialmente para ella, que viv\u00eda una batalla judicial con Jota Peleteiro, el padre de sus dos hijos. La pareja vivi\u00f3 unos meses en la capital vizca\u00edna, donde Jessica llevaba a\u00f1os asentada. Poco despu\u00e9s se mudaron a Sevilla.<\/p>\n<p>Reporta un error<\/p>\n","protected":false},"excerpt":{"rendered":"Viernes, 10 de octubre 2025, 18:37 Jessica Bueno contin\u00faa con su aventura en la segunda edici\u00f3n de &#8216;Supervivientes&hellip;\n","protected":false},"author":2,"featured_media":168062,"comment_status":"","ping_status":"","sticky":false,"template":"","format":"standard","meta":{"footnotes":""},"categories":[171],"tags":[5133,31236,146,147,25,24,5132,18868,21779,27714,15443,105,23,3947,214],"class_list":{"0":"post-168061","1":"post","2":"type-post","3":"status-publish","4":"format-standard","5":"has-post-thumbnail","7":"category-tv","8":"tag-bueno","9":"tag-darle","10":"tag-entertainment","11":"tag-entretenimiento","12":"tag-es","13":"tag-espana","14":"tag-jessica","15":"tag-llorar","16":"tag-luitingo","17":"tag-queria","18":"tag-recordar","19":"tag-rompe","20":"tag-spain","21":"tag-supervivientes","22":"tag-tv"},"share_on_mastodon":{"url":"","error":""},"_links":{"self":[{"href":"https:\/\/www.europesays.com\/es\/wp-json\/wp\/v2\/posts\/168061","targetHints":{"allow":["GET"]}}],"collection":[{"href":"https:\/\/www.europesays.com\/es\/wp-json\/wp\/v2\/posts"}],"about":[{"href":"https:\/\/www.europesays.com\/es\/wp-json\/wp\/v2\/types\/post"}],"author":[{"embeddable":true,"href":"https:\/\/www.europesays.com\/es\/wp-json\/wp\/v2\/users\/2"}],"replies":[{"embeddable":true,"href":"https:\/\/www.europesays.com\/es\/wp-json\/wp\/v2\/comments?post=168061"}],"version-history":[{"count":0,"href":"https:\/\/www.europesays.com\/es\/wp-json\/wp\/v2\/posts\/168061\/revisions"}],"wp:featuredmedia":[{"embeddable":true,"href":"https:\/\/www.europesays.com\/es\/wp-json\/wp\/v2\/media\/168062"}],"wp:attachment":[{"href":"https:\/\/www.europesays.com\/es\/wp-json\/wp\/v2\/media?parent=168061"}],"wp:term":[{"taxonomy":"category","embeddable":true,"href":"https:\/\/www.europesays.com\/es\/wp-json\/wp\/v2\/categories?post=168061"},{"taxonomy":"post_tag","embeddable":true,"href":"https:\/\/www.europesays.com\/es\/wp-json\/wp\/v2\/tags?post=168061"}],"curies":[{"name":"wp","href":"https:\/\/api.w.org\/{rel}","templated":true}]}}