{"id":168082,"date":"2025-10-10T19:04:12","date_gmt":"2025-10-10T19:04:12","guid":{"rendered":"https:\/\/www.europesays.com\/es\/168082\/"},"modified":"2025-10-10T19:04:12","modified_gmt":"2025-10-10T19:04:12","slug":"guerreraspromesas-sigue-en-directo-el-primer-amistoso-ante-portugal","status":"publish","type":"post","link":"https:\/\/www.europesays.com\/es\/168082\/","title":{"rendered":"#GuerrerasPromesas | Sigue en directo el primer amistoso ante Portugal"},"content":{"rendered":"<p>\t\t\t\t\t<strong><img decoding=\"async\" class=\"emoji\" role=\"img\" draggable=\"false\" src=\"https:\/\/s.w.org\/images\/core\/emoji\/16.0.1\/svg\/1f534.svg\" alt=\"\ud83d\udd34\"\/> Espa\u00f1a 43 \u2013 16 Portugal<\/strong><\/p>\n<p data-start=\"0\" data-end=\"40\">\u23f1\ufe0f <strong data-start=\"3\" data-end=\"38\">FINAL | Espa\u00f1a 43 \u2013 16 Portugal<\/strong><\/p>\n<p data-start=\"42\" data-end=\"440\" data-is-last-node=\"\" data-is-only-node=\"\">Las Guerreras Promesas firmaron una brillante victoria en \u00cdscar, imponi\u00e9ndose con claridad en el primero de los dos amistosos ante Portugal. El conjunto de Dolores Mart\u00edn mantuvo la intensidad durante todo el encuentro, con una defensa firme y un ataque muy efectivo.<\/p>\n<p data-start=\"42\" data-end=\"440\" data-is-last-node=\"\" data-is-only-node=\"\">\ud83d\udcc5 Ma\u00f1ana, a las 19:00h, las Guerreras Promesas volver\u00e1n a medirse a Portugal en el segundo compromiso amistoso en el Pabell\u00f3n Municipal de \u00cdscar.<\/p>\n<p data-start=\"0\" data-end=\"42\">\ud83d\udd52 <strong data-start=\"3\" data-end=\"40\">DESCANSO | Espa\u00f1a 21 \u2013 7 Portugal<\/strong><\/p>\n<p data-start=\"44\" data-end=\"413\" data-is-last-node=\"\" data-is-only-node=\"\">Las Guerreras Promesas dominan con autoridad el primer tiempo en el Pabell\u00f3n Municipal de \u00cdscar. El conjunto dirigido por Dolores Mart\u00edn mostr\u00f3 un juego s\u00f3lido en defensa y mucha fluidez en ataque, con r\u00e1pidas transiciones y acierto desde los extremos. La generaci\u00f3n 2010\/11 se marcha al descanso con una c\u00f3moda ventaja <strong>(21-7)<\/strong> tras una gran primera mitad ante Portugal.<\/p>\n<p><img fetchpriority=\"high\" decoding=\"async\" class=\"alignnone wp-image-123949 size-full\" title=\"WhatsApp Image 2025 10 10 at 19.38.35\" src=\"https:\/\/www.europesays.com\/es\/wp-content\/uploads\/2025\/10\/WhatsApp-Image-2025-10-10-at-19.38.35.webp.webp\" alt=\"\" width=\"1600\" height=\"464\"  \/><\/p>\n<p><strong><img decoding=\"async\" class=\"emoji\" role=\"img\" draggable=\"false\" src=\"https:\/\/s.w.org\/images\/core\/emoji\/16.0.1\/svg\/270d-1f3fc.svg\" alt=\"\u270d\ud83c\udffc\"\/> PREVIA | Las Guerreras Promesas vuelven a la acci\u00f3n en \u00cdscar<\/strong><\/p>\n<p>Las\u00a0<strong>Guerreras Promesas<\/strong> se pondr\u00e1n a las \u00f3rdenes de\u00a0<strong>Dolores Mart\u00edn<\/strong> en una nueva convocatoria, la cual tendr\u00e1 su epicentro en la localidad vallisoletana de\u00a0<strong>\u00cdscar<\/strong>. Adem\u00e1s de la semana de trabajo, nuestro equipo nacional disputar\u00e1 dos amistosos ante\u00a0<strong>Portugal\u00a0<\/strong>para completar la concentraci\u00f3n.<\/p>\n<p>El\u00a0<strong>Campeonato Mediterr\u00e1neo\u00a0<\/strong>de febrero y el\u00a0<strong>European OPEN<\/strong> de junio son los dos grandes objetivos marcados en la agenda de nuestras Guerreras Promesas. Dolores Mart\u00edn se pone al frente de una generaci\u00f3n muy prometedora como es la 2010\/2011, con el doble test ante una selecci\u00f3n siempre exigente como es la portuguesa. Con el\u00a0<strong>Pabell\u00f3n Municipal de \u00cdscar<\/strong> como escenario, viernes y s\u00e1bado medir\u00e1n fuerzas ambos combinados nacionales a las 19:00h.<\/p>\n<p><strong>DOLORES MART\u00cdN: \u00abQUEREMOS IR CRECIENDO EN EL MODELO DE JUEGO PROPIO DE LAS GUERRERAS PROMESAS\u00bb<br \/><\/strong>La seleccionadora de las <strong>Guerreras Promesas<\/strong> ha aprovechado la convocatoria para hacer un primer an\u00e1lisis de c\u00f3mo ve a esta generaci\u00f3n de jugadoras: \u00abLa valoraci\u00f3n de la actividad de estos tres d\u00edas que llevamos concentradas en \u00cdscar es muy positiva. Las jugadoras desde el primer d\u00eda han llegado con unas ganas tremendas y muy motivadas. Adem\u00e1s, destacar que han llegado en unas muy buenas condiciones f\u00edsicas, por lo que nos est\u00e1 permitiendo realizar las sesiones de entrenamiento con mucha intensidad, con una gran exigencia. Muy contentos con el trabajo de estos tres primeros d\u00edas, que principalmente los hemos centrado en dar continuidad a ese trabajo individual que realizamos en septiembre en la tecnificaci\u00f3n del CAR y volver a incorporar aspectos m\u00e1s colectivos. Queremos ir creciendo en el modelo de juego propio del equipo nacional Promesas, que arrancamos en la actividad de verano, en la actividad contra Francia\u00ab.<\/p>\n<p>\u00abCreo que las chicas van asimilando muy bien los conceptos, cada d\u00eda vamos viendo ese crecimiento y ahora falta ponerlo en pr\u00e1ctica en la competici\u00f3n con estos dos amistosos que tenemos por delante viernes y s\u00e1bado, m\u00e1s el partido preparatorio tambi\u00e9n que disputaremos contra la selecci\u00f3n juvenil de Castilla y Le\u00f3n, que creo que tambi\u00e9n nos va a ayudar a tener ese primer test de poder volver a competir todas juntas. El poder quitarnos ese miedo del debut de algunas de ellas, de ponerse por primera vez la camiseta del equipo nacional, nos va a facilitar luego los dos partidos posteriores contra Portugal, poder estar m\u00e1s centradas y poder focalizarnos m\u00e1s en qu\u00e9 es lo que queremos trabajar, c\u00f3mo queremos seguir creciendo como equipo. Al final no dejan de ser dos partidos para ver c\u00f3mo se van desarrollando nuestras jugadoras, c\u00f3mo van creciendo y evolucionando y ver si realmente hemos asimilado todos los contenidos que venimos trabajando tanto esta semana como en las tecnificaciones anteriores\u00ab, cerraba <strong>Dolores Mart\u00edn<\/strong>.<\/p>\n<p><strong>CONVOCATORIA GUERRERAS PROMESAS<\/strong><\/p>\n<ul>\n<li><strong>Porteras |\u00a0<\/strong>Aroa Beltr\u00e1n Rodr\u00edguez (C.BM. San Francisco de As\u00eds Mijas), Gabriela Tortosa Monta\u00f1ez (Elda Prestigio) y Carla Redondo Montarroso (BM Ciudad Real).<\/li>\n<li><strong>Centrales |<\/strong>\u00a0Kattalin Echegaray Viguria (SCDR Anaitasuna) y Martha Padr\u00f3n Olsson (C. Barrilla Pto. el Carmen).<\/li>\n<li><strong>Laterales derechos<\/strong>\u00a0| Amelia G\u00f3mez Bernal (Club BM Lauro), Claudia Toledo Hueso (BM Gij\u00f3n) y Manuela Rom\u00e1n Gonz\u00e1lez (BM Aula).<\/li>\n<li><strong>Laterales izquierdos\u00a0<\/strong>| Filehien Manu Agu (A.D. Dominicos Zaragoza), Leire Guti\u00e9rrez Barquero (Handbol Sant Joan Desp\u00ed) y Ariadna Romero Holgu\u00edn (BM Granollers).<\/li>\n<li><strong>Pivotes |\u00a0<\/strong>Martina Gonz\u00e1lez Esquinas (Handbol Sant Joan Desp\u00ed), In\u00e9s Garc\u00eda Ordu\u00f1a (C. Dtvo. Beti Onak) y Cristina Crespo P\u00e9rez (BM Alcobendas).<\/li>\n<li><strong>Extremos derechos\u00a0<\/strong>|\u00a0Cristina Mart\u00ednez Torres (Elda Prestigio) y Daniela Maroto Hern\u00e1ndez (BM Alcobendas).<\/li>\n<li><strong>Extremos izquierdos\u00a0<\/strong>| Amaia Camarero Ar\u00e9valo (AT Basauri) y Carlota Chivite Falc\u00f3n (C. Dtvo. Beti Onak).<\/li>\n<\/ul>\n<p>\u00a0<\/p>\n<p><strong>PARTIDOS GUERRERAS PROMESAS<\/strong><\/p>\n<ul>\n<li>Viernes, 10 de octubre \u2013 19:00h. | Espa\u00f1a : Portugal<\/li>\n<li>S\u00e1bado, 11 de octubre \u2013 19:00h. | Espa\u00f1a : Portugal<\/li>\n<\/ul>\n<p>\u00a0<\/p>\n<p>Infograf\u00eda:\u00a0<strong>Real Federaci\u00f3n Espa\u00f1ola de Balonmano<\/strong><\/p>\n","protected":false},"excerpt":{"rendered":"Espa\u00f1a 43 \u2013 16 Portugal \u23f1\ufe0f FINAL | Espa\u00f1a 43 \u2013 16 Portugal Las Guerreras Promesas firmaron una&hellip;\n","protected":false},"author":2,"featured_media":168083,"comment_status":"","ping_status":"","sticky":false,"template":"","format":"standard","meta":{"footnotes":""},"categories":[278],"tags":[376,168,25,24,375,23,167],"class_list":{"0":"post-168082","1":"post","2":"type-post","3":"status-publish","4":"format-standard","5":"has-post-thumbnail","7":"category-balonmano","8":"tag-balonmano","9":"tag-deportes","10":"tag-es","11":"tag-espana","12":"tag-handball","13":"tag-spain","14":"tag-sports"},"share_on_mastodon":{"url":"","error":""},"_links":{"self":[{"href":"https:\/\/www.europesays.com\/es\/wp-json\/wp\/v2\/posts\/168082","targetHints":{"allow":["GET"]}}],"collection":[{"href":"https:\/\/www.europesays.com\/es\/wp-json\/wp\/v2\/posts"}],"about":[{"href":"https:\/\/www.europesays.com\/es\/wp-json\/wp\/v2\/types\/post"}],"author":[{"embeddable":true,"href":"https:\/\/www.europesays.com\/es\/wp-json\/wp\/v2\/users\/2"}],"replies":[{"embeddable":true,"href":"https:\/\/www.europesays.com\/es\/wp-json\/wp\/v2\/comments?post=168082"}],"version-history":[{"count":0,"href":"https:\/\/www.europesays.com\/es\/wp-json\/wp\/v2\/posts\/168082\/revisions"}],"wp:featuredmedia":[{"embeddable":true,"href":"https:\/\/www.europesays.com\/es\/wp-json\/wp\/v2\/media\/168083"}],"wp:attachment":[{"href":"https:\/\/www.europesays.com\/es\/wp-json\/wp\/v2\/media?parent=168082"}],"wp:term":[{"taxonomy":"category","embeddable":true,"href":"https:\/\/www.europesays.com\/es\/wp-json\/wp\/v2\/categories?post=168082"},{"taxonomy":"post_tag","embeddable":true,"href":"https:\/\/www.europesays.com\/es\/wp-json\/wp\/v2\/tags?post=168082"}],"curies":[{"name":"wp","href":"https:\/\/api.w.org\/{rel}","templated":true}]}}