{"id":168084,"date":"2025-10-10T19:06:09","date_gmt":"2025-10-10T19:06:09","guid":{"rendered":"https:\/\/www.europesays.com\/es\/168084\/"},"modified":"2025-10-10T19:06:09","modified_gmt":"2025-10-10T19:06:09","slug":"ufc-rio-charles-oliveira-vs-mateusz-gamrot-en-vivo-horario-y-donde-ver-online","status":"publish","type":"post","link":"https:\/\/www.europesays.com\/es\/168084\/","title":{"rendered":"UFC R\u00edo: Charles Oliveira vs Mateusz Gamrot EN VIVO, horario y d\u00f3nde ver online"},"content":{"rendered":"<p class=\"article-body__paragraph\"><a href=\"https:\/\/www.razon.com.mx\/deportes\/2025\/09\/13\/diego-lopes-noquea-brutalmente-a-jean-silva-y-cierra-con-broche-de-oro-noche-ufc-video\/\" target=\"_blank\" rel=\"noreferrer nofollow noopener\" title=\"https:\/\/www.razon.com.mx\/deportes\/2025\/09\/13\/diego-lopes-noquea-brutalmente-a-jean-silva-y-cierra-con-broche-de-oro-noche-ufc-video\/\">Este s\u00e1bado 11 de octubre se realiza <b>UFC R\u00edo<\/b><\/a>, un evento que reunir\u00e1 a los mejores peleadores de Brasil, que paralizar\u00e1n a sus aficionados, en especial cuando la <b>leyenda Charles Oliveira<\/b> pise la jaula para enfrentarse en la pelea estelar al <b>polaco Mateusz Gamrot<\/b>. <\/p>\n<p class=\"article-body__paragraph\">Con un cambio de rival de \u00faltimo momento, <b>Charles Oliveira<\/b>, quien originalmente estaba <b>programado para enfrentar a <\/b><b>Rafael Fiziev<\/b>, ahora le <b>har\u00e1 frente a Mateusz Gamrot<\/b>, cambiando de planes su estrategia, pero dejando a los fans con una pelea que promete muchas emociones. <\/p>\n<p><b>\u00bfD\u00f3nde ver UFC R\u00edo con Charles Oliveira vs Mateusz Gamrot?<\/b><\/p>\n<p class=\"article-body__paragraph\">La pelea estelar de <b>UFC R\u00edo es Charles Oliveira vs Mateusz Gamrot<\/b>. La cartelera en M\u00e9xico se podr\u00e1 seguir en Fox Sports y Fox Sports Premium. Se espera que el combate que cierra la noche inicie al rededor de las 20:00 horas. <\/p>\n<ul class=\"article-body__list-ul\">\n<li class=\"article-body__list-item\"><b>Peleas estelares: 17:00<\/b> horas, tiempo del centro de M\u00e9xico<\/li>\n<li class=\"article-body__list-item\"><b>Preliminares: 14:00 horas<\/b>, tiempo del centro de M\u00e9xico<\/li>\n<\/ul>\n<p><b>Cartelera completa de UFC R\u00edo <\/b><\/p>\n<ul class=\"article-body__list-ul\">\n<li class=\"article-body__list-item\">Charles Oliveira vs Mateusz Gamrot <\/li>\n<li class=\"article-body__list-item\">Deiveson Figueiredo vs Montel Jackson<\/li>\n<li class=\"article-body__list-item\">Vicente Luque vs Joel \u00c1lvarez <\/li>\n<li class=\"article-body__list-item\">Jonathan Diniz vs Mario Pinto<\/li>\n<li class=\"article-body__list-item\">Ricardo Ramos vs Kaan Offi <\/li>\n<li class=\"article-body__list-item\">Lucas Almeida vs Michael Aswell <\/li>\n<\/ul>\n<p>Cartelera Preliminar<\/p>\n<ul class=\"article-body__list-ul\">\n<li class=\"article-body__list-item\">Jafel Fliho vs Clayton Carpenter<\/li>\n<li class=\"article-body__list-item\">Vitor Petrino vs Thomas Petersen<\/li>\n<li class=\"article-body__list-item\">Beatriz Mesquita vs Irina Alekseeva<\/li>\n<li class=\"article-body__list-item\">Lucas Rocha vs Stewart Nicoll<\/li>\n<li class=\"article-body__list-item\">Valter Walker vs Mohammed Usman <\/li>\n<li class=\"article-body__list-item\">Julia Polastri vs Karolina Kowalkiewicz <\/li>\n<li class=\"article-body__list-item\">Luan Lacerda vs Saimon Oliveira <\/li>\n<\/ul>\n<p class=\"article-body__paragraph\"><b>Charles Oliveira es uno de los peleadores m\u00e1s prol\u00edficos de las 155 libras<\/b>, con victorias ante rivales como Michael Chandler, Arman Tsarukyan, Beneil Dariush, Justin Gaethje, Dustin Poirier, Tony Ferguson, as\u00ed como su coronaci\u00f3n como <b>rey de peso ligero en <\/b><b>UFC 262, en 2021.<\/b><\/p>\n<p class=\"article-body__paragraph\">Ahora, tendr\u00e1 como rival a un peleador <b>peligroso como <\/b><b>Mateusz Gamrot<\/b>, polaco quien ha demostrado tener un gran poder y habilidades, adem\u00e1s que ha enfrentado a rivales de diferentes estilos como Arman Tsarukyan, Rafael dos Anjos y Ludovit Klein.<\/p>\n<p class=\"article-body__paragraph\">Actualmente el peos ligero tiene al gerogiano <b>Ilia Topuria como campe\u00f3n<\/b>. El <b>Matador viene de vencer justamente a <\/b><b>Charles Oliveira<\/b>, quien busca regresar a la columna de victorias frente a su gente en R\u00edo de Janiero, Brasil. <\/p>\n<p class=\"article-body__paragraph\">aar<\/p>\n<p>Temas:<\/p>\n","protected":false},"excerpt":{"rendered":"Este s\u00e1bado 11 de octubre se realiza UFC R\u00edo, un evento que reunir\u00e1 a los mejores peleadores de&hellip;\n","protected":false},"author":2,"featured_media":168085,"comment_status":"","ping_status":"","sticky":false,"template":"","format":"standard","meta":{"footnotes":""},"categories":[276],"tags":[6054,168,25,24,23,167,343],"class_list":{"0":"post-168084","1":"post","2":"type-post","3":"status-publish","4":"format-standard","5":"has-post-thumbnail","7":"category-ufc","8":"tag-charles-oliveira","9":"tag-deportes","10":"tag-es","11":"tag-espana","12":"tag-spain","13":"tag-sports","14":"tag-ufc"},"share_on_mastodon":{"url":"","error":""},"_links":{"self":[{"href":"https:\/\/www.europesays.com\/es\/wp-json\/wp\/v2\/posts\/168084","targetHints":{"allow":["GET"]}}],"collection":[{"href":"https:\/\/www.europesays.com\/es\/wp-json\/wp\/v2\/posts"}],"about":[{"href":"https:\/\/www.europesays.com\/es\/wp-json\/wp\/v2\/types\/post"}],"author":[{"embeddable":true,"href":"https:\/\/www.europesays.com\/es\/wp-json\/wp\/v2\/users\/2"}],"replies":[{"embeddable":true,"href":"https:\/\/www.europesays.com\/es\/wp-json\/wp\/v2\/comments?post=168084"}],"version-history":[{"count":0,"href":"https:\/\/www.europesays.com\/es\/wp-json\/wp\/v2\/posts\/168084\/revisions"}],"wp:featuredmedia":[{"embeddable":true,"href":"https:\/\/www.europesays.com\/es\/wp-json\/wp\/v2\/media\/168085"}],"wp:attachment":[{"href":"https:\/\/www.europesays.com\/es\/wp-json\/wp\/v2\/media?parent=168084"}],"wp:term":[{"taxonomy":"category","embeddable":true,"href":"https:\/\/www.europesays.com\/es\/wp-json\/wp\/v2\/categories?post=168084"},{"taxonomy":"post_tag","embeddable":true,"href":"https:\/\/www.europesays.com\/es\/wp-json\/wp\/v2\/tags?post=168084"}],"curies":[{"name":"wp","href":"https:\/\/api.w.org\/{rel}","templated":true}]}}