{"id":168088,"date":"2025-10-10T19:08:11","date_gmt":"2025-10-10T19:08:11","guid":{"rendered":"https:\/\/www.europesays.com\/es\/168088\/"},"modified":"2025-10-10T19:08:11","modified_gmt":"2025-10-10T19:08:11","slug":"la-ex-tenista-arantxa-sanchez-vicario-revela-la-mayor-satisfaccion-de-su-exitosa-carrera","status":"publish","type":"post","link":"https:\/\/www.europesays.com\/es\/168088\/","title":{"rendered":"La ex tenista Arantxa S\u00e1nchez Vicario revela la mayor satisfacci\u00f3n de su exitosa carrera"},"content":{"rendered":"<p class=\"ft-text ft-helper-align-justify\"><strong>Arantxa S\u00e1nchez Vicario lleva una vida apartada del foco medi\u00e1tico en Florida donde reside junto a sus hijos Arantxa (16) y Leo (14)<\/strong>, aunque en ocasiones aparece en Barcelona, su ciudad natal, para visitar a su madre, Maria Luisa y reunirse con amigos. Su vida sigue estando ligada a Estados Unidos, aunque no nos extra\u00f1ar\u00eda que pronto decidiera que ya es hora de hacer las maletas y volver a casa.<\/p>\n<p class=\"ft-text ft-helper-align-justify\">Se cas\u00f3 en segunda nupcias en 2008 con el empresario catal\u00e1n Josep Santacana con el que tuvo dos hijos a los que adora y<strong> despu\u00e9s de superar un doloroso divorcio en 2018 y demandas judiciales sobre su patrimonio, la catalana prefiere mirar hacia atr\u00e1s con orgullo por todo lo vivido en su carrera profesional<\/strong>, que fue realmente incipiente, ya que con apenas 14 a\u00f1os dio el salto al profesionalismo.<\/p>\n<p class=\"ft-text ft-helper-align-justify\">Tan temprana fue su entrada en el tenis profesional que Arantxa recordaba <strong> en el Museu Ol\u00edmpic i de l\u2019Esport su vivencia en los Juegos Ol\u00edmpicos, a los que lleg\u00f3 con apenas 16 a\u00f1os en Se\u00fal\u201988<\/strong> y que luego le llevar\u00eda a vivir otras cuatro citas ol\u00edmpicas,<strong> Barcelona\u201992, Atlanta\u201996, Sydney\u20192000, motivo del encuentro de deportistas en el Museu Ol\u00edmpic, y finalmente Atenas 2004.<\/strong><\/p>\n<p><img decoding=\"async\" src=\"https:\/\/www.europesays.com\/es\/wp-content\/uploads\/2025\/10\/1785409f-f551-4488-a565-e9f1811cb93d_alta-libre-aspect-ratio_default_0.jpg\" width=\"1200\" height=\"800\" alt=\"Arantxa acudi\u00f3 al Museu Ol\u00edmpic i de l'Esport acompa\u00f1ado de su madre Maria Luisa\" class=\"ft-helper-img-rd\" loading=\"lazy\" hasdataaida=\"true\"\/><\/p>\n<p class=\"ft-helper-fontColor-quaternary ft-helper-fontSize-body-S ft-helper-spacer-t-xxs\">Arantxa acudi\u00f3 al Museu Ol\u00edmpic i de l&#8217;Esport acompa\u00f1ado de su madre Maria Luisa  \/ Valent\u00ed Enrich \/ SPO<\/p>\n<p>Cuatro medallas ol\u00edmpicas<\/p>\n<p class=\"ft-text ft-helper-align-justify\"><strong>Una larga vivencia ol\u00edmpica que le llev\u00f3 a ganar nada menos que cuatro medallas, dos de plata y dos de bronce, una experiencia que no cambiar\u00eda por nada del mundo<\/strong>. \u201cLos Juegos son \u00fanicos\u201d, reconoc\u00eda la ex tenista. \u201cVivir en la Villa ol\u00edmpica te permite conocer a otros deportistas y tuve la suerte de hacer amigos a los que volv\u00eda a encontrar cuatro a\u00f1os despu\u00e9s\u201d, dec\u00eda.<\/p>\n<p class=\"ft-text ft-helper-align-justify\">\u201cEs diferente a disputar un torneo, se trata de una cita cada cuatro a\u00f1os y el hecho de representar a tu pa\u00eds lo hace muy diferente\u201d. <strong>Ganar medallas es otro de los motivos de los que se siente tan orgullosa<\/strong>. \u201cCuando eres joven quiz\u00e1 no le das mucha importancia, pero con el tiempo te das cuenta de lo conseguido, \u00a1una medalla es una medalla!\u201d, dec\u00eda.<\/p>\n<p><img decoding=\"async\" src=\"https:\/\/www.europesays.com\/es\/wp-content\/uploads\/2025\/10\/dd388b9f-1dd7-498c-a0c7-04337c6aa39c_alta-libre-aspect-ratio_default_0.jpg\" width=\"1200\" height=\"1200\" alt=\"Arantxa lograba la plata en los Juegos Ol\u00edmpicos de Atlanta, 96\" class=\"ft-helper-img-rd\" loading=\"lazy\" hasdataaida=\"true\"\/><\/p>\n<p class=\"ft-helper-fontColor-quaternary ft-helper-fontSize-body-S ft-helper-spacer-t-xxs\">Arantxa lograba la plata en los Juegos Ol\u00edmpicos de Atlanta, 96  \/ SPORT<\/p>\n<p class=\"ft-text ft-helper-align-justify\">Su aparici\u00f3n en el mundo del tenis fue todo un \u2018boom\u2019 en la que muchas ni\u00f1as quisieron seguir sus pasos, y<strong> adem\u00e1s con tantos \u00e9xitos que nunca una mujer hab\u00eda logrado anteriormente. \u201cMe considero parte de la historia del tenis, aunque lo he logrado por lucha, por trabajo<\/strong> y porque la disciplina era lo m\u00edo y me ayud\u00f3 a llegar muy lejos, y espero que las nuevas generaciones puedan seguir con \u00e9xito el futuro\u201d, dice Arantxa, orgullosa de todo lo conseguido, aunque tiene claro con lo que se queda de toda su exitosa carrera: \u201cel cari\u00f1o de toda la gente, sin duda\u201d, resume.<\/p>\n<p>Siempre cerca del oro<\/p>\n<p class=\"ft-text ft-helper-align-justify\"><strong>Su primera participaci\u00f3n fue en Se\u00fal\u201988 donde particip\u00f3 \u00fanicamente en categor\u00eda individual y perdi\u00f3 en primera ronda. \u201cEra tan joven que parec\u00eda la mascota de la delegaci\u00f3n espa\u00f1ola\u201d,<\/strong> recuerda entre risas. En su segunda participaci\u00f3n en Barcelona, compiti\u00f3 en individuales (perdi\u00f3 en semifinales ante Jennifer Caprioti y en dobles (plata junto a Conchita Mart\u00ednez).<\/p>\n<p class=\"ft-text ft-helper-align-justify\">Cuatro a\u00f1os despu\u00e9s, <strong>en Atlanta\u201996, perdi\u00f3 la final individual ante Lindsay Davenport y alcanz\u00f3 las semifinales en la categor\u00eda de dobles, junto a Conchita Mart\u00ednez<\/strong>. En Sydney 2000 perdi\u00f3 en cuartos de final en categor\u00eda individual y alcanz\u00f3 2.\u00aa ronda en categor\u00eda de dobles. Finalmente, en Atenas 2004, y saliendo pr\u00e1cticamente del retiro, perdi\u00f3 en primera ronda en la categor\u00eda de dobles.<\/p>\n<p>Una carrera precoz<\/p>\n<p class=\"ft-text ft-helper-align-justify\"><strong>Arantxa reconoce que su vida dio un vuelco despu\u00e9s de ganar Roland Garros a Steffi Graff con apenas 17 a\u00f1os<\/strong>. \u201cA partir de ese momento, a pesar de ser una ni\u00f1a, se me exige mucho m\u00e1s y es un cambio radical en mi vida\u201d, reconoci\u00f3.<\/p>\n<p><img decoding=\"async\" src=\"https:\/\/www.europesays.com\/es\/wp-content\/uploads\/2025\/10\/88c01f2d-e4c7-4edb-a883-7d621abb8229_alta-libre-aspect-ratio_default_0.jpg\" width=\"1200\" height=\"800\" alt=\"La ex tenista, siguiendo el acto al que acudi\u00f3 en Barcelona\" class=\"ft-helper-img-rd\" loading=\"lazy\" hasdataaida=\"true\"\/><\/p>\n<p class=\"ft-helper-fontColor-quaternary ft-helper-fontSize-body-S ft-helper-spacer-t-xxs\">La ex tenista, siguiendo el acto al que acudi\u00f3 en Barcelona  \/ Valent\u00ed Enrich \/ SPO<\/p>\n<p class=\"ft-text ft-helper-align-justify\"><strong>\u201cA partir de ese momento ten\u00eda que ganarlo todo y eso llevaba una presi\u00f3n a\u00f1adida. Tuve la suerte de tener cerca a mis hermanos y mis padres, que estaban ah\u00ed para apoyarme\u201d, explic\u00f3<\/strong>. \u201cTuve que madurar mucho m\u00e1s r\u00e1pido y entrenar en Alemania con Graff y Boris Becker, me ayudaron, aunque lo pas\u00e9 fatal lejos de los m\u00edos\u201d, recuerda.<\/p>\n<p class=\"ft-text ft-helper-align-justify\">\u201cAunque me ayud\u00f3 a madurar y ser la jugadora que fui despu\u00e9s. <strong>Con el tiempo te das cuenta que de todo el esfuerzo ha valido la pena\u201d, resume Arantxa<\/strong>, que no pone ning\u00fan pero a su carrera, de la que se muestra muy orgullosa.<\/p>\n<p class=\"ft-text ft-helper-align-justify\">No es para menos. <strong>Cuatro t\u00edtulos de Grand Slam (tres Roland Garros, en 1989, 1994 y 1998 y un US Open, en 1994) y ocho veces finalista, acumulando un total de 29 t\u00edtulos individuales y 69 en dobles<\/strong>, y ganadora de la Copa Federaci\u00f3n con Espa\u00f1a en cinco ocasiones, acumulando un record absoluto de 72 victorias. Sin duda, una de las grandes campeonas que merece el reconocimiento del deporte espa\u00f1ol.<\/p>\n","protected":false},"excerpt":{"rendered":"Arantxa S\u00e1nchez Vicario lleva una vida apartada del foco medi\u00e1tico en Florida donde reside junto a sus hijos&hellip;\n","protected":false},"author":2,"featured_media":168089,"comment_status":"","ping_status":"","sticky":false,"template":"","format":"standard","meta":{"footnotes":""},"categories":[274],"tags":[25763,4860,49148,168,25,24,49146,49147,1789,23,167,327,326],"class_list":{"0":"post-168088","1":"post","2":"type-post","3":"status-publish","4":"format-standard","5":"has-post-thumbnail","7":"category-tenis","8":"tag-arantxa-sanchez-vicario","9":"tag-carrera","10":"tag-de-su-exitosa","11":"tag-deportes","12":"tag-es","13":"tag-espana","14":"tag-la-ex-tenista","15":"tag-la-mayor-satisfaccion","16":"tag-revela","17":"tag-spain","18":"tag-sports","19":"tag-tenis","20":"tag-tennis"},"share_on_mastodon":{"url":"","error":""},"_links":{"self":[{"href":"https:\/\/www.europesays.com\/es\/wp-json\/wp\/v2\/posts\/168088","targetHints":{"allow":["GET"]}}],"collection":[{"href":"https:\/\/www.europesays.com\/es\/wp-json\/wp\/v2\/posts"}],"about":[{"href":"https:\/\/www.europesays.com\/es\/wp-json\/wp\/v2\/types\/post"}],"author":[{"embeddable":true,"href":"https:\/\/www.europesays.com\/es\/wp-json\/wp\/v2\/users\/2"}],"replies":[{"embeddable":true,"href":"https:\/\/www.europesays.com\/es\/wp-json\/wp\/v2\/comments?post=168088"}],"version-history":[{"count":0,"href":"https:\/\/www.europesays.com\/es\/wp-json\/wp\/v2\/posts\/168088\/revisions"}],"wp:featuredmedia":[{"embeddable":true,"href":"https:\/\/www.europesays.com\/es\/wp-json\/wp\/v2\/media\/168089"}],"wp:attachment":[{"href":"https:\/\/www.europesays.com\/es\/wp-json\/wp\/v2\/media?parent=168088"}],"wp:term":[{"taxonomy":"category","embeddable":true,"href":"https:\/\/www.europesays.com\/es\/wp-json\/wp\/v2\/categories?post=168088"},{"taxonomy":"post_tag","embeddable":true,"href":"https:\/\/www.europesays.com\/es\/wp-json\/wp\/v2\/tags?post=168088"}],"curies":[{"name":"wp","href":"https:\/\/api.w.org\/{rel}","templated":true}]}}