{"id":168103,"date":"2025-10-10T19:17:09","date_gmt":"2025-10-10T19:17:09","guid":{"rendered":"https:\/\/www.europesays.com\/es\/168103\/"},"modified":"2025-10-10T19:17:09","modified_gmt":"2025-10-10T19:17:09","slug":"por-que-duff-mckagan-de-guns-n-roses-fue-a-radioacktiva","status":"publish","type":"post","link":"https:\/\/www.europesays.com\/es\/168103\/","title":{"rendered":"\u00bfPor qu\u00e9 Duff McKagan de Guns N\u2019 Roses fue a Radioacktiva?"},"content":{"rendered":"<p><strong>Los Guns N\u2019 Roses no dejan de hacer historia en Colombia,<\/strong> por lo que la aclamada banda de rock se present\u00f3 en el Vive Claro en Bogot\u00e1 para dar un show por todo lo alto. Incluso, a lo largo de su presentaci\u00f3n rindieron un<strong><a href=\"https:\/\/www.radioacktiva.com\/2025\/la-legendaria-banda-que-slash-homenajeo-durante-el-concierto-de-guns-n-roses-en-bogota-386260.html\" rel=\"nofollow noopener\" target=\"_blank\"> homenaje a la banda Iron Maiden y al fallecido artista, Ozzy Osbourne, <\/a><\/strong>emocionando a todos sus fans.<\/p>\n<p>Pero esto no fue todo, pues el pasado mi\u00e9rcoles ocho de <strong>octubre del 2025 el reconocido bajista de Guns N\u2019 Roses, Duff McKagan, <\/strong>lleg\u00f3 hasta la cabina de Radioacktiva para contarnos un poco sobre todo lo que ha sido la experiencia de su gira. Adem\u00e1s, tambi\u00e9n revel\u00f3 algunos secretos de su vida, detalles de todo lo que ha vivido con una de las bandas m\u00e1s populares, entre otros.<\/p>\n<p><strong>Leer m\u00e1s: <a href=\"https:\/\/www.radioacktiva.com\/2025\/duff-mckagan-bajista-de-guns-n-roses-estuvo-en-exclusiva-en-radioacktiva-hicimos-historia-386280.html\/amp\" rel=\"nofollow noopener\" target=\"_blank\">Duff McKagan, bajista de Guns N\u2019 Roses, estuvo en exclusiva en Radioacktiva: hicimos historia<\/a><\/strong><\/p>\n<p>Lo que m\u00e1s llam\u00f3 la atenci\u00f3n de nuestros seguidores fue la inesperada <strong>llegada del bajista, quien tom\u00f3 la decisi\u00f3n de visitar \u00fanicamente la emisora Radioacktiva, <\/strong>una de las m\u00e1s importantes en el g\u00e9nero a nivel nacional e internacional. Por lo que el artista habl\u00f3 con nosotros durante algunos minutos, comparti\u00f3 con parte del equipo e hizo historia al visitar las instalaciones de Caracol Radio.<\/p>\n<p class=\"has-large-font-size\"><strong>\u00bfPor qu\u00e9 Duff McKagan estuvo en Radioacktiva?<\/strong><\/p>\n<p>Aunque muchos de nuestros oyentes pensaron que todo esto hab\u00eda sido planeado desde hace varios d\u00edas, esto no fue as\u00ed. Por eso, <strong>Pacho Cardona decidi\u00f3 dar a conocer varios detalles <\/strong>en redes sociales de c\u00f3mo<strong><a href=\"https:\/\/www.radioacktiva.com\/2025\/filtran-momento-exacto-la-llegada-de-guns-n-roses-a-bogota-video-386138.html\" rel=\"nofollow noopener\" target=\"_blank\"> pas\u00f3 todo para que se diera la entrevista con Duff McKagan.<\/a><\/strong><\/p>\n<p>Es importante mencionar que <strong>Duff es el bajista de los Guns N\u2019 Roses desde hace varios a\u00f1os, <\/strong>por lo que durante este tiempo en diferentes oportunidades ha sorprendido con su actuaci\u00f3n en el escenario. Pero antes de esto, <strong><a href=\"https:\/\/www.radioacktiva.com\/2025\/estas-fueron-las-4-primeras-canciones-lanzadas-por-guns-n-roses-en-la-historia-no-son-del-appetite-for-destruction-386081.html\" rel=\"nofollow noopener\" target=\"_blank\">\u00e9l trabaj\u00f3 en un programa de radio, por lo que al volver a una cabina,<\/a><\/strong> sinti\u00f3 todo lo que eran sus ra\u00edces, al punto de mencionar que todos \u00e9ramos \u201ccolegas\u201d.<\/p>\n<p><strong>Seguir leyendo: <a href=\"https:\/\/www.radioacktiva.com\/2025\/guns-n-roses-lanzara-un-nuevo-album-slash-confirmo-el-sueno-de-todos-los-fanaticos-386305.html\" rel=\"nofollow noopener\" target=\"_blank\">\u00bfGuns N\u2019 Roses lanzar\u00e1 un nuevo \u00e1lbum? Slash confirm\u00f3 el sue\u00f1o de todos los fan\u00e1ticos<\/a><\/strong><\/p>\n<blockquote class=\"instagram-media\" style=\"background: #FFF; border: 0; border-radius: 3px; box-shadow: 0 0 1px 0 rgba(0,0,0,0.5),0 1px 10px 0 rgba(0,0,0,0.15); margin: 1px; max-width: 540px; min-width: 326px; padding: 0; width: calc(100% - 2px);\" data-instgrm-captioned=\"\" data-instgrm-permalink=\"https:\/\/www.instagram.com\/reel\/DPj-nOOCQFp\/?utm_source=ig_embed&amp;utm_campaign=loading\" data-instgrm-version=\"14\">\n<\/blockquote>\n<p>La llegada de <strong>Duff a Radioacktiva fue toda una sorpresa, pues nadie sab\u00eda que exist\u00eda la posibilidad <\/strong>de que \u00e9l llegara a las instalaciones de Caracol Radio. Pues cuando ellos llegaron a Colombia, casualmente el conductor de su camioneta era fan del planeta rock, por lo que le cont\u00f3 al bajista todo lo que hac\u00edamos en la cabina.<\/p>\n<p>\u201cResulta que uno de los que maneja la camioneta de ellos en Colombia es uno de los nuestros, es un seguidor de nosotros\u201d. Entonces<strong> le habl\u00f3 de Radioacktiva, le habl\u00f3 del p\u00f3dcast que \u00e9l tiene con la esposa<\/strong> y que suena en Radioacktiva y \u00e9l dijo \u201cyo tengo que estar all\u00e1, ll\u00e9vame all\u00e1\u201d, mencion\u00f3 Pacho Cardona.<\/p>\n<blockquote class=\"tiktok-embed\" style=\"max-width: 605px; min-width: 325px;\" cite=\"https:\/\/www.tiktok.com\/@soygacelacardona\/video\/7559405548450467092\" data-video-id=\"7559405548450467092\"><p>\n<a title=\"@soygacelacardona\" href=\"https:\/\/www.tiktok.com\/@soygacelacardona?refer=embed\" target=\"_blank\" rel=\"noopener nofollow\">@soygacelacardona<\/a> No lo buscamos. No lo invitamos. Duff McKagan simplemente APARECI\u00d3 en @Radioacktiva porque alguien le habl\u00f3 de nosotros. El bajista de @Guns N\u2019 Roses cruz\u00f3 medio mundo para conocer nuestra radio. Esto es de locos, pero as\u00ed es el Rock: aut\u00e9ntico, impredecible y sin guiones. A veces las mejores historias no se planean. \ud83c\udfb8<a title=\"guns\" href=\"https:\/\/www.tiktok.com\/tag\/guns?refer=embed\" target=\"_blank\" rel=\"noopener nofollow\">#guns<\/a> <a title=\"gunsnroses\" href=\"https:\/\/www.tiktok.com\/tag\/gunsnroses?refer=embed\" target=\"_blank\" rel=\"noopener nofollow\">#gunsnroses<\/a> <a title=\"gunsnroses\ud83c\udf39\ud83d\udd2b\" href=\"https:\/\/www.tiktok.com\/tag\/gunsnroses%F0%9F%8C%B9%F0%9F%94%AB?refer=embed\" target=\"_blank\" rel=\"noopener nofollow\">#gunsnroses\ud83c\udf39\ud83d\udd2b<\/a> <a title=\"gnr\" href=\"https:\/\/www.tiktok.com\/tag\/gnr?refer=embed\" target=\"_blank\" rel=\"noopener nofollow\">#gnr<\/a> <a title=\"duffmckagan\" href=\"https:\/\/www.tiktok.com\/tag\/duffmckagan?refer=embed\" target=\"_blank\" rel=\"noopener nofollow\">#duffmckagan<\/a> <a title=\"rock\" href=\"https:\/\/www.tiktok.com\/tag\/rock?refer=embed\" target=\"_blank\" rel=\"noopener nofollow\">#rock<\/a> <a title=\"rockmusic\" href=\"https:\/\/www.tiktok.com\/tag\/rockmusic?refer=embed\" target=\"_blank\" rel=\"noopener nofollow\">#rockmusic<\/a> <a title=\"\u266c sonido original - Pacho Cardona | \ud83c\udf99\ufe0fRadio Host\" href=\"https:\/\/www.tiktok.com\/music\/sonido-original-7559405585716906753?refer=embed\" target=\"_blank\" rel=\"noopener nofollow\">\u266c sonido original \u2013 Pacho Cardona | \ud83c\udf99\ufe0fRadio Host<\/a>\n<\/p><\/blockquote>\n<p>Fue as\u00ed como horas despu\u00e9s,<strong> el bajista termin\u00f3 en la cabina de la emisora del planeta rock, <\/strong>haciendo historia al cumplir su sue\u00f1o de volver a hacer radio en vivo y en esta oportunidad, desde la cabina de <strong><a href=\"https:\/\/www.radioacktiva.com\/2025\/estas-fueron-las-4-primeras-canciones-lanzadas-por-guns-n-roses-en-la-historia-no-son-del-appetite-for-destruction-386081.html\" rel=\"nofollow noopener\" target=\"_blank\">Radioacktiva, una de las emisoras insignia del rock en Colombia.<\/a><\/strong><\/p>\n<p>                <script async src=\"\/\/www.instagram.com\/embed.js\"><\/script><script async src=\"\/\/www.tiktok.com\/embed.js\"><\/script><\/p>\n","protected":false},"excerpt":{"rendered":"Los Guns N\u2019 Roses no dejan de hacer historia en Colombia, por lo que la aclamada banda de&hellip;\n","protected":false},"author":2,"featured_media":168104,"comment_status":"","ping_status":"","sticky":false,"template":"","format":"standard","meta":{"footnotes":""},"categories":[170],"tags":[146,147,25,24,49154,184,185,23],"class_list":{"0":"post-168103","1":"post","2":"type-post","3":"status-publish","4":"format-standard","5":"has-post-thumbnail","7":"category-musica","8":"tag-entertainment","9":"tag-entretenimiento","10":"tag-es","11":"tag-espana","12":"tag-guns-nroses","13":"tag-music","14":"tag-musica","15":"tag-spain"},"share_on_mastodon":{"url":"","error":""},"_links":{"self":[{"href":"https:\/\/www.europesays.com\/es\/wp-json\/wp\/v2\/posts\/168103","targetHints":{"allow":["GET"]}}],"collection":[{"href":"https:\/\/www.europesays.com\/es\/wp-json\/wp\/v2\/posts"}],"about":[{"href":"https:\/\/www.europesays.com\/es\/wp-json\/wp\/v2\/types\/post"}],"author":[{"embeddable":true,"href":"https:\/\/www.europesays.com\/es\/wp-json\/wp\/v2\/users\/2"}],"replies":[{"embeddable":true,"href":"https:\/\/www.europesays.com\/es\/wp-json\/wp\/v2\/comments?post=168103"}],"version-history":[{"count":0,"href":"https:\/\/www.europesays.com\/es\/wp-json\/wp\/v2\/posts\/168103\/revisions"}],"wp:featuredmedia":[{"embeddable":true,"href":"https:\/\/www.europesays.com\/es\/wp-json\/wp\/v2\/media\/168104"}],"wp:attachment":[{"href":"https:\/\/www.europesays.com\/es\/wp-json\/wp\/v2\/media?parent=168103"}],"wp:term":[{"taxonomy":"category","embeddable":true,"href":"https:\/\/www.europesays.com\/es\/wp-json\/wp\/v2\/categories?post=168103"},{"taxonomy":"post_tag","embeddable":true,"href":"https:\/\/www.europesays.com\/es\/wp-json\/wp\/v2\/tags?post=168103"}],"curies":[{"name":"wp","href":"https:\/\/api.w.org\/{rel}","templated":true}]}}