{"id":168109,"date":"2025-10-10T19:20:08","date_gmt":"2025-10-10T19:20:08","guid":{"rendered":"https:\/\/www.europesays.com\/es\/168109\/"},"modified":"2025-10-10T19:20:08","modified_gmt":"2025-10-10T19:20:08","slug":"intelectual-cubana-acusa-al-regimen-de-minimizar-situacion-sanitaria-en-matanzas","status":"publish","type":"post","link":"https:\/\/www.europesays.com\/es\/168109\/","title":{"rendered":"Intelectual cubana acusa al r\u00e9gimen de minimizar situaci\u00f3n sanitaria en Matanzas"},"content":{"rendered":"<p>La historiadora y activista cubana <strong>Alina B\u00e1rbara L\u00f3pez Hern\u00e1ndez<\/strong> denunci\u00f3 que las autoridades nacionales y provinciales est\u00e1n manipulando la informaci\u00f3n sobre la epidemia que azota la provincia de Matanzas. \u201cEstoy indignada. Es demasiada la manipulaci\u00f3n, la mentira y la justificaci\u00f3n de las autoridades pol\u00edticas y m\u00e9dicas, nacionales y provinciales, ante la situaci\u00f3n grav\u00edsima que existe en la provincia de Matanzas\u201d, escribi\u00f3 en un mensaje publicado en <a href=\"https:\/\/www.facebook.com\/alinabarbara.lopez\/posts\/pfbid0zHpNMYWwSnizQiKcGPBB1f16v9EinJ3LoZadDnoSaGcyNozrxgLKwU12tQ3bBGhPl\" rel=\"nofollow noopener\" target=\"_blank\">su perfil de Facebook<\/a>.<\/p>\n<p>Seg\u00fan L\u00f3pez, existe una orden expl\u00edcita de desmentir las muertes por arbovirosis. \u201cLa orden de desmentir los fallecidos por arbovirosis est\u00e1 dada. As\u00ed lo aseguran el doctor Dur\u00e1n, el ministro de Salud y las autoridades matanceras\u201d.<\/p>\n<blockquote>\n<p>La orden de desmentir los fallecidos por arbovirosis est\u00e1 dada. As\u00ed lo aseguran el doctor Dur\u00e1n, el ministro de Salud y las autoridades matanceras<\/p>\n<\/blockquote>\n<p>Aunque reconoci\u00f3 que el chikungunya \u201cno tiende a la mortalidad\u201d, advirti\u00f3 que puede complicarse y \u201ccontribuir por tanto a la causa de muerte en ciertos casos: ni\u00f1os menores de un a\u00f1o, personas mayores de 65, o aquellas con comorbilidades, es decir, con enfermedades cr\u00f3nicas como hipertensi\u00f3n o diabetes\u201d.<\/p>\n<p>\u201cSus certificados de defunci\u00f3n no dir\u00e1n \u2018Chikungunya\u2019, pero eso fue lo que desencaden\u00f3 el final\u201d, a\u00f1adi\u00f3.<\/p>\n<p>La acad\u00e9mica denunci\u00f3 adem\u00e1s el desabastecimiento prolongado de medicamentos esenciales: \u201cDesde hace varios meses no se distribuyen en las farmacias de la provincia antihipertensivos, diur\u00e9ticos, medicamentos para el control de la diabetes, reactivos para medir los niveles de glucosa en sangre\u201d. Y precis\u00f3: \u201cAyer fue que empezaron a vender enalapril despu\u00e9s de mucho tiempo\u201d.<\/p>\n<p>Sobre el acceso a analg\u00e9sicos y antipir\u00e9ticos durante el brote, afirm\u00f3 que \u201capenas han vendido paracetamol o sales de rehidrataci\u00f3n en las farmacias, y las poqu\u00edsimas veces que ello ha ocurrido tuvo car\u00e1cter simb\u00f3lico: dos sobres de sales por cada consultorio, y un consultorio puede tener mil pacientes o m\u00e1s\u201d.<\/p>\n<p>Cuestion\u00f3 el relato oficial sobre la supuesta ausencia de muertes: \u201cSi, como aseguran las autoridades, no ha crecido el n\u00famero de fallecidos, \u00bfc\u00f3mo se explica que en el hospital provincial Faustino P\u00e9rez ocurriera un \u2018embotellamiento\u2019 en la morgue el pasado fin de semana porque demoraron en traer los ata\u00fades ya que las personas que los forran tambi\u00e9n estaban enfermas? \u00bfEs habitual que fallezcan tantas personas un fin de semana?\u201d<\/p>\n<blockquote>\n<p>Si, como aseguran las autoridades, no ha crecido el n\u00famero de fallecidos, \u00bfc\u00f3mo se explica que en el hospital provincial Faustino P\u00e9rez ocurriera un \u2018embotellamiento\u2019 en la morgue el pasado fin de semana porque demoraron en traer los ata\u00fades ya que las personas que los forran tambi\u00e9n estaban enfermas? \u00bfEs habitual que fallezcan tantas personas un fin de semana?<\/p>\n<\/blockquote>\n<p>L\u00f3pez rechaz\u00f3 las justificaciones que atribuyen la crisis al cambio clim\u00e1tico y record\u00f3 que \u201cla insalubridad p\u00fablica es notoria\u201d, y que en condiciones de epidemia \u201ces un factor agravante\u201d. Tambi\u00e9n acus\u00f3 al gobierno de mentir sobre las acciones de control epidemiol\u00f3gico: \u201cEs falso que hayan fumigado en las \u00e1reas correspondientes al policl\u00ednico de Milan\u00e9s, que incluye amplios barrios de la ciudad y es una de las que m\u00e1s casos tiene actualmente. Es falso que hayan reforzado los consultorios\u201d.<\/p>\n<p>En su barrio, seg\u00fan dijo, no hay m\u00e9dicos suficientes y algunos fueron enviados a reforzar el hospital pedi\u00e1trico, lo que ha sobrecargado a los pocos galenos que quedan. \u201cLuego no se quejen cuando agotados, enfermos, desesperados, decidan pedir la baja\u201d. Y concluy\u00f3: \u201cPor favor, no hablen m\u00e1s de \u2018compleja situaci\u00f3n\u2019 ni de \u2018brotes\u2019. Esto se llama EPIDEMIA. Pidan refuerzos, declaren emergencia, asuman su responsabilidad\u201d.<\/p>\n<blockquote>\n<p>Por favor, no hablen m\u00e1s de \u2018compleja situaci\u00f3n\u2019 ni de \u2018brotes\u2019. Esto se llama EPIDEMIA. Pidan refuerzos, declaren emergencia, asuman su responsabilidad<\/p>\n<\/blockquote>\n<p><a href=\"https:\/\/www.facebook.com\/alinabarbara.lopez\/posts\/pfbid0zHpNMYWwSnizQiKcGPBB1f16v9EinJ3LoZadDnoSaGcyNozrxgLKwU12tQ3bBGhPl\" rel=\"nofollow noopener\" target=\"_blank\">Facebook \/ Alina B\u00e1rbara L\u00f3pez Hern\u00e1ndez<\/a>La versi\u00f3n oficial: sin muertos, sin colapso<\/p>\n<p>El doctor <a href=\"https:\/\/www.cibercuba.com\/noticias\/2025-10-08-u1-e208574-s27061-nid312597-francisco-duran-actualiza-situacion-epidemiologica\" rel=\"nofollow noopener\" target=\"_blank\">Francisco Dur\u00e1n Garc\u00eda<\/a>, director nacional de Epidemiolog\u00eda, declar\u00f3 el 8 de octubre que \u201cno se han reportado fallecidos\u201d por los virus en circulaci\u00f3n y que los hospitales no han colapsado. \u201cLa presi\u00f3n asistencial es alta, pero no hay fallecidos\u201d, afirm\u00f3.<\/p>\n<p>El <a href=\"https:\/\/www.cibercuba.com\/noticias\/2025-10-09-u1-e197721-s27061-nid312638-ministro-salud-minimiza-brote-matanzas-niega-muertes\" rel=\"nofollow noopener\" target=\"_blank\">ministro de Salud P\u00fablica, Jos\u00e9 \u00c1ngel Portal Miranda<\/a>, reforz\u00f3 esa versi\u00f3n en una reuni\u00f3n en Matanzas con autoridades del Partido Comunista. \u201cNo hay muertos en Matanzas por esta enfermedad. Ni hay casos graves ni cr\u00edticos. Nadie puede esconder una epidemia ni los muertos\u201d, declar\u00f3.<\/p>\n<p>Ciudadanos y periodistas contradicen al MINSAP<\/p>\n<p>Las declaraciones oficiales han generado una ola de reacciones cr\u00edticas entre ciudadanos. \u201cDoctor Dur\u00e1n, con el debido respeto\u2026 no se puede tapar el sol con un dedo. S\u00ed est\u00e1n muriendo personas, ni\u00f1os, adultos mayores&#8230; Los hospitales dan asco, no hay ni para un an\u00e1lisis\u201d, escribi\u00f3 una usuaria.<\/p>\n<p>Otro internauta afirm\u00f3: \u201cEse hombre se para frente al pueblo a manipular cifras. Su trabajo deber\u00eda ser exigirle al Gobierno y al Ministerio de Salud P\u00fablica que enfrenten esta situaci\u00f3n\u201d.<\/p>\n<p>La periodista matancera Yirmara Torres Hern\u00e1ndez, ex presidenta de la Uni\u00f3n de Periodistas de Cuba (UPEC) en Matanzas tambi\u00e9n rompi\u00f3 el silencio. \u201c<a href=\"https:\/\/www.cibercuba.com\/noticias\/2025-10-10-u1-e135253-s27061-nid312663-duras-palabras-periodista-oficialista-crisis\" rel=\"nofollow noopener\" target=\"_blank\">No hay muertos, pero los hay<\/a>\u201d, relatando la muerte de una vecina por chikungunya y denunciando que \u201cvivimos en un estr\u00e9s constante, que estamos mal alimentados, inmunodeprimidos\u2026 Las noches son de los mosquitos, las ratas, las cucarachas&#8230; \u00bfQu\u00e9 control antivectorial va a haber as\u00ed?\u201d<\/p>\n<p>\u201cLo que pasa es que duele el abandono. Lo que pasa es que duele que insulten tu inteligencia. Lo que pasa es que duele la burla\u201d, sentenci\u00f3.<\/p>\n<p>Una voz que no se calla<\/p>\n<p>La trayectoria de Alina B\u00e1rbara L\u00f3pez como intelectual cr\u00edtica y activista la ha convertido en una de las voces m\u00e1s visibles del pensamiento disidente en Cuba.Fue <a href=\"https:\/\/www.cibercuba.com\/noticias\/2024-09-13-u1-e199370-s27061-nid288370-expulsan-uneac-intelectual-alina-barbara-lopez\" rel=\"nofollow noopener\" target=\"_blank\">expulsada de la UNEAC<\/a> en 2024 por criticar abiertamente al r\u00e9gimen y ha sido v\u00edctima de detenciones, golpizas y campa\u00f1as de descr\u00e9dito.<\/p>\n<p>Actualmente enfrenta una petici\u00f3n fiscal de <a href=\"https:\/\/www.cibercuba.com\/noticias\/2025-05-27-u1-e43231-s27061-nid303714-fiscalia-pide-cuatro-anos-prision-intelectual-cubana\" rel=\"nofollow noopener\" target=\"_blank\">cuatro a\u00f1os de trabajo correccional sin internamiento<\/a> por supuestos delitos de \u201cdesacato, desobediencia y atentado\u201d, tras haber sido arrestada cuando se dirig\u00eda a una protesta pac\u00edfica.<\/p>\n<p>En ese contexto, sus palabras tienen un peso especial. \u201cEl ministro intent\u00f3 sonar tranquilo, pero orient\u00f3 a la visita ministerial de Salud que permaneciera m\u00e1s tiempo del previsto\u201d, revel\u00f3 en su publicaci\u00f3n.<\/p>\n<p>Frente al silencio institucional, la desconfianza social y la precariedad sanitaria, L\u00f3pez no dej\u00f3 lugar a dudas: \u201cEsto se llama EPIDEMIA\u201d.<\/p>\n<p>Preguntas frecuentes sobre la crisis sanitaria en Matanzas, Cuba\u00bfQu\u00e9 est\u00e1 ocurriendo en Matanzas con respecto a la crisis sanitaria?<\/p>\n<p itemprop=\"text\">Matanzas enfrenta una grave crisis sanitaria debido a un brote de arbovirosis, incluyendo chikungunya, dengue y virus de Oropouche. Las autoridades han sido acusadas de ocultar la gravedad de la situaci\u00f3n, mientras que los ciudadanos denuncian un colapso en el sistema de salud. La <strong>crisis se ha visto agravada por la falta de medicamentos y recursos b\u00e1sicos<\/strong>, as\u00ed como por la deficiente fumigaci\u00f3n para controlar el mosquito transmisor.<\/p>\n<p>\u00bfPor qu\u00e9 se acusa al gobierno cubano de desinformaci\u00f3n sobre la epidemia en Matanzas?<\/p>\n<p itemprop=\"text\">Intelectuales y ciudadanos han denunciado que el gobierno cubano est\u00e1 <strong>manipulando y ocultando informaci\u00f3n sobre las muertes y la gravedad de la epidemia<\/strong>. A pesar de las evidencias de colapso en hospitales y testimonios de fallecimientos, las autoridades insisten en que no hay muertos ni casos cr\u00edticos, lo que genera desconfianza y malestar en la poblaci\u00f3n.<\/p>\n<p>\u00bfQu\u00e9 medidas ha tomado el gobierno para enfrentar la crisis sanitaria en Matanzas?<\/p>\n<p itemprop=\"text\">El gobierno cubano ha habilitado un centro anexo para atender el aumento de casos febriles, y ha anunciado medidas como la incorporaci\u00f3n de estudiantes de Ciencias M\u00e9dicas para la pesquisa y fumigaci\u00f3n. Sin embargo, <strong>estas acciones son consideradas insuficientes ante la magnitud de la crisis<\/strong>, y la falta de recursos limita significativamente la efectividad de dichas medidas.<\/p>\n<p>\u00bfCu\u00e1l es la posici\u00f3n de los ciudadanos y periodistas sobre la situaci\u00f3n en Matanzas?<\/p>\n<p itemprop=\"text\">Ciudadanos y periodistas, incluso dentro del oficialismo, han expresado su rechazo al manejo del gobierno respecto a la crisis sanitaria. Denuncian la falta de transparencia, la escasez de medicamentos y <strong>la insuficiencia de medidas efectivas para controlar la epidemia<\/strong>. El descontento se manifiesta en redes sociales, donde se exige al gobierno que asuma su responsabilidad y declare la emergencia sanitaria.<\/p>\n","protected":false},"excerpt":{"rendered":"La historiadora y activista cubana Alina B\u00e1rbara L\u00f3pez Hern\u00e1ndez denunci\u00f3 que las autoridades nacionales y provinciales est\u00e1n manipulando&hellip;\n","protected":false},"author":2,"featured_media":168110,"comment_status":"","ping_status":"","sticky":false,"template":"","format":"standard","meta":{"footnotes":""},"categories":[92],"tags":[37581,49155,16105,11524,49156,2216,1293,18606,25,24,165,4365,4366,4360,166,23,46801],"class_list":{"0":"post-168109","1":"post","2":"type-post","3":"status-publish","4":"format-standard","5":"has-post-thumbnail","7":"category-salud","8":"tag-alerta-sanitaria","9":"tag-alina-barbara-lopez-hernandez","10":"tag-atencion-de-salud","11":"tag-chikungunya","12":"tag-crisis-sanitaria","13":"tag-dengue","14":"tag-enfermedades","15":"tag-epidemias","16":"tag-es","17":"tag-espana","18":"tag-health","19":"tag-minsap","20":"tag-mosquitos-aedes-aegypti","21":"tag-noticias-de-cuba","22":"tag-salud","23":"tag-spain","24":"tag-virus-de-oropouche"},"share_on_mastodon":{"url":"","error":""},"_links":{"self":[{"href":"https:\/\/www.europesays.com\/es\/wp-json\/wp\/v2\/posts\/168109","targetHints":{"allow":["GET"]}}],"collection":[{"href":"https:\/\/www.europesays.com\/es\/wp-json\/wp\/v2\/posts"}],"about":[{"href":"https:\/\/www.europesays.com\/es\/wp-json\/wp\/v2\/types\/post"}],"author":[{"embeddable":true,"href":"https:\/\/www.europesays.com\/es\/wp-json\/wp\/v2\/users\/2"}],"replies":[{"embeddable":true,"href":"https:\/\/www.europesays.com\/es\/wp-json\/wp\/v2\/comments?post=168109"}],"version-history":[{"count":0,"href":"https:\/\/www.europesays.com\/es\/wp-json\/wp\/v2\/posts\/168109\/revisions"}],"wp:featuredmedia":[{"embeddable":true,"href":"https:\/\/www.europesays.com\/es\/wp-json\/wp\/v2\/media\/168110"}],"wp:attachment":[{"href":"https:\/\/www.europesays.com\/es\/wp-json\/wp\/v2\/media?parent=168109"}],"wp:term":[{"taxonomy":"category","embeddable":true,"href":"https:\/\/www.europesays.com\/es\/wp-json\/wp\/v2\/categories?post=168109"},{"taxonomy":"post_tag","embeddable":true,"href":"https:\/\/www.europesays.com\/es\/wp-json\/wp\/v2\/tags?post=168109"}],"curies":[{"name":"wp","href":"https:\/\/api.w.org\/{rel}","templated":true}]}}