{"id":168130,"date":"2025-10-10T19:33:06","date_gmt":"2025-10-10T19:33:06","guid":{"rendered":"https:\/\/www.europesays.com\/es\/168130\/"},"modified":"2025-10-10T19:33:06","modified_gmt":"2025-10-10T19:33:06","slug":"esta-chido-esteban-ocon-piloto-de-haas-en-la-f1-reacciona-emocionado-al-arte-para-su-casco-que-le-hizo-una-aficionada-mexicana","status":"publish","type":"post","link":"https:\/\/www.europesays.com\/es\/168130\/","title":{"rendered":"\u201c\u00a1Est\u00e1 chido!\u201d: Esteban Ocon, piloto de Haas en la F1, reacciona emocionado al arte para su casco que le hizo una aficionada mexicana"},"content":{"rendered":"\n<p> Escrito en  DEPORTES el 10\/10\/2025 \u00b7 12:24 hs <\/p>\n<p>El piloto franc\u00e9s <strong>Esteban Ocon<\/strong>, de la escuder\u00eda Haas de F\u00f3rmula 1, respondi\u00f3 de manera \u00e9pica a la publicaci\u00f3n de una aficionada en redes sociales que le cre\u00f3 un <strong>dise\u00f1o tem\u00e1tico<\/strong> <strong>para su casco<\/strong> de cara al <strong>Gran Premio de M\u00e9xico<\/strong>.<\/p>\n<p>La usuaria Ena Pacheco public\u00f3 en su cuenta de X el<strong> arte para el casco<\/strong> y un <strong>video del proceso del dise\u00f1o<\/strong> para Ocon, piloto de Haas, a quien admira. Tambi\u00e9n incluye una imagen del piloto vestido con un <strong>traje de mariachi.<\/strong><\/p>\n<p>\u201cEstie Bestie, <strong>te dise\u00f1\u00e9 un casco para el GP de M\u00e9xico<\/strong>. Aqu\u00ed hay un video como parte del proceso y solo quiero decirte que <strong>eres mi conductor favorito. Espero que les guste este dise\u00f1o. Lo hice con mucho cari\u00f1o<\/strong>\u201d, escribi\u00f3.<\/p>\n<p>El mensaje se viraliz\u00f3 y encontr\u00f3 una <strong>honesta e inesperada respuesta de Ocon<\/strong>.<\/p>\n<p>\u201c<strong>Est\u00e1 chido<\/strong>!!! Gracias Ena!! Y <strong>qu\u00e9 bien me veo de Mariachi<\/strong>\u201d, contest\u00f3 el piloto franc\u00e9s, provocando la felicidad de la aficionada, aunque no confirm\u00f3 si podr\u00e1 usar el dise\u00f1o en su casco para el Gran Premio de M\u00e9xico.<\/p>\n<p>La respuesta de Ocon podr\u00eda tener origen tras su paso por Force India, donde <strong>coincidi\u00f3 con Checo P\u00e9rez<\/strong>, quien ha acercado mucho de la cultura mexicana entre los pilotos de F\u00f3rmula 1.<\/p>\n<p>El Gran Premio de M\u00e9xico 2025 se celebrar\u00e1 <strong>del 24 al 26 de octubre<\/strong>, cuando se cumple una d\u00e9cada desde su regreso al calendario de la F\u00f3rmula 1.\u00a0<\/p>\n","protected":false},"excerpt":{"rendered":"Escrito en DEPORTES el 10\/10\/2025 \u00b7 12:24 hs El piloto franc\u00e9s Esteban Ocon, de la escuder\u00eda Haas de&hellip;\n","protected":false},"author":2,"featured_media":168131,"comment_status":"","ping_status":"","sticky":false,"template":"","format":"standard","meta":{"footnotes":""},"categories":[270],"tags":[168,25,24,306,271,272,16702,23,167],"class_list":{"0":"post-168130","1":"post","2":"type-post","3":"status-publish","4":"format-standard","5":"has-post-thumbnail","7":"category-formula-1","8":"tag-deportes","9":"tag-es","10":"tag-espana","11":"tag-f1","12":"tag-formula-1","13":"tag-formula1","14":"tag-gran-premio-de-mexico","15":"tag-spain","16":"tag-sports"},"share_on_mastodon":{"url":"","error":""},"_links":{"self":[{"href":"https:\/\/www.europesays.com\/es\/wp-json\/wp\/v2\/posts\/168130","targetHints":{"allow":["GET"]}}],"collection":[{"href":"https:\/\/www.europesays.com\/es\/wp-json\/wp\/v2\/posts"}],"about":[{"href":"https:\/\/www.europesays.com\/es\/wp-json\/wp\/v2\/types\/post"}],"author":[{"embeddable":true,"href":"https:\/\/www.europesays.com\/es\/wp-json\/wp\/v2\/users\/2"}],"replies":[{"embeddable":true,"href":"https:\/\/www.europesays.com\/es\/wp-json\/wp\/v2\/comments?post=168130"}],"version-history":[{"count":0,"href":"https:\/\/www.europesays.com\/es\/wp-json\/wp\/v2\/posts\/168130\/revisions"}],"wp:featuredmedia":[{"embeddable":true,"href":"https:\/\/www.europesays.com\/es\/wp-json\/wp\/v2\/media\/168131"}],"wp:attachment":[{"href":"https:\/\/www.europesays.com\/es\/wp-json\/wp\/v2\/media?parent=168130"}],"wp:term":[{"taxonomy":"category","embeddable":true,"href":"https:\/\/www.europesays.com\/es\/wp-json\/wp\/v2\/categories?post=168130"},{"taxonomy":"post_tag","embeddable":true,"href":"https:\/\/www.europesays.com\/es\/wp-json\/wp\/v2\/tags?post=168130"}],"curies":[{"name":"wp","href":"https:\/\/api.w.org\/{rel}","templated":true}]}}