{"id":168132,"date":"2025-10-10T19:34:16","date_gmt":"2025-10-10T19:34:16","guid":{"rendered":"https:\/\/www.europesays.com\/es\/168132\/"},"modified":"2025-10-10T19:34:16","modified_gmt":"2025-10-10T19:34:16","slug":"%f0%9f%94%b4-en-directo-barcelona-vs-valencia-basket-euroliga-2025","status":"publish","type":"post","link":"https:\/\/www.europesays.com\/es\/168132\/","title":{"rendered":"\ud83d\udd34 En directo: Barcelona vs Valencia Basket | Euroliga 2025"},"content":{"rendered":"<p class=\"ft-text\">El <a class=\"ft-link ft-link--decoration\" href=\"https:\/\/www.superdeporte.es\/tags\/valencia-basket\/\" rel=\"nofollow noopener\" target=\"_blank\">Valencia Basket<\/a> y el <strong>FC Barcelona<\/strong> se miden este viernes en el <strong>Palau Blaugrana<\/strong> en la tercera jornada de la<strong> <\/strong><a class=\"ft-link ft-link--decoration\" href=\"https:\/\/www.superdeporte.es\/tags\/euroliga\/\" rel=\"nofollow noopener\" target=\"_blank\"><strong>Euroliga<\/strong><\/a><strong> 2025<\/strong>. Los taronja y los blaugrana vuelven a verse las caras despu\u00e9s del <strong>enfrentamiento en Liga Endesa en el Roig Aren<\/strong>a <a class=\"ft-link ft-link--decoration\" href=\"https:\/\/www.superdeporte.es\/valencia-basket\/2025\/10\/05\/directo-valencia-basket-fc-barcelona-122301971.html\" rel=\"nofollow noopener\" target=\"_blank\">hace menos de una semana<\/a>. En esa ocasi\u00f3n en el<strong> Valencia Basket <\/strong>arroll\u00f3 a los catalanes en <a class=\"ft-link ft-link--decoration\" href=\"https:\/\/www.superdeporte.es\/valencia-basket\/2025\/10\/05\/valencia-basket-saca-rodillo-barca-en-estreno-liga-roig-arena-122302969.html\" rel=\"nofollow noopener\" target=\"_blank\">un partido que domin\u00f3 con suficiencia y remat\u00f3 en el marcador a placer.<\/a> As\u00ed pues el<strong> Valencia Basket<\/strong> intentar\u00e1 alargar la din\u00e1mica positiva con la que ha arrancado la temporada en la Euroliga 2025. De hecho al inicio de esta tercera fecha europea, los taronja eran l\u00edderes de la clasificaci\u00f3n con dos victorias en el casillero. A su vez el <strong>Barcelona <\/strong>tan solo lleva una victoria en este inicio de temporada en<strong> Euroliga 2025.<\/strong><\/p>\n<p class=\"ft-text\">Y es que esta es una temporada ilusionante para el <strong>Valencia Basket <\/strong>con el estreno de su nuevo hogar, un <strong>Roig Arena<\/strong> que ya est\u00e1 considerado como <a class=\"ft-link ft-link--decoration\" href=\"https:\/\/www.superdeporte.es\/valencia-basket\/roig-arena-realidad-capacidad-eventos-121928827.html\" rel=\"nofollow noopener\" target=\"_blank\">uno de los mejores pabellones de toda Europa.<\/a> Un empuj\u00f3n que genera muchas expectativas con un Valencia Basket atractivo y al que <a class=\"ft-link ft-link--decoration\" href=\"https:\/\/www.superdeporte.es\/valencia-basket\/2025\/10\/06\/ve-ia-valencia-basket-euroliga-122210349.html\" rel=\"nofollow noopener\" target=\"_blank\">la IA le da muchas opciones en la Euroliga 2025.<\/a><\/p>\n<p><a id=\"beforeMessages\" name=\"beforeMessages\" title=\"\" class=\"ft-anchor ft-anchor--absolute ft-helper-spacer-voffset-xlg\" rel=\"\"><\/a><a id=\"page1\" name=\"item_10403619\" title=\"\" class=\"ft-anchor ft-anchor--absolute ft-helper-spacer-voffset-xlg\" rel=\"\"><\/a>\u23f1\ufe0f DESCANSO \ud83d\udccd FC Barcelona 48-49 Valencia Basket<\/p>\n<p class=\"ft-text\">\ud83d\udcf0 Las estad\u00edsticas de la primera mitad<\/p>\n<p><img decoding=\"async\" src=\"https:\/\/www.europesays.com\/es\/wp-content\/uploads\/2025\/10\/5f283cc8-95bf-4b9a-92a2-dfea468d90a2_alta-libre-aspect-ratio_default_0.jpg\" width=\"1200\" height=\"1143\" alt=\"Stats en directo del FC Barcelona - Valencia Basket de la Euroliga 2025\" class=\"ft-helper-img-rd\" loading=\"lazy\" hasdataaida=\"true\"\/><\/p>\n<p class=\"ft-helper-fontColor-quaternary ft-helper-fontSize-body-S ft-helper-spacer-t-xxs\">Stats en directo del FC Barcelona &#8211; Valencia Basket de la Euroliga 2025  \/ Euroleague<\/p>\n<p><a id=\"\" name=\"item_10403614\" title=\"\" class=\"ft-anchor ft-anchor--absolute ft-helper-spacer-voffset-xlg\" rel=\"\"><\/a>\u23f1\ufe0f 2DO CUARTO: 00:00 \ud83d\udccd FC Barcelona 48-49 Valencia Basket<\/p>\n<p class=\"ft-text\">\ud83d\udcf0 \u00a1FINAL DE LA PRIMERA PARTE!<\/p>\n<p><a id=\"\" name=\"item_10403609\" title=\"\" class=\"ft-anchor ft-anchor--absolute ft-helper-spacer-voffset-xlg\" rel=\"\"><\/a>\u23f1\ufe0f 2DO CUARTO: 00:30 \ud83d\udccd FC Barcelona 48-49 Valencia Basket<\/p>\n<p class=\"ft-text\">\ud83d\udcf0 \u00a1TRIIIIIIIIIIIIIIIIIIIPLE DE COSTELLO!<\/p>\n<p><a id=\"\" name=\"item_10403606\" title=\"\" class=\"ft-anchor ft-anchor--absolute ft-helper-spacer-voffset-xlg\" rel=\"\"><\/a>\u23f1\ufe0f 2DO CUARTO: 01:00 \ud83d\udccd FC Barcelona 48-46 Valencia Basket<\/p>\n<p class=\"ft-text\">\ud83d\udcf0 Responde Sako que sigue imponiendo su ley bajo el aro.<\/p>\n<p><a id=\"\" name=\"item_10403604\" title=\"\" class=\"ft-anchor ft-anchor--absolute ft-helper-spacer-voffset-xlg\" rel=\"\"><\/a>\u23f1\ufe0f 2DO CUARTO: 01:44 \ud83d\udccd FC Barcelona 48-44 Valencia Basket<\/p>\n<p class=\"ft-text\">\ud83d\udcf0 Triple de Satoransky. Estaba libre de marca.<\/p>\n<p><a id=\"\" name=\"item_10403593\" title=\"\" class=\"ft-anchor ft-anchor--absolute ft-helper-spacer-voffset-xlg\" rel=\"\"><\/a>\u23f1\ufe0f 2DO CUARTO: 02:30 \ud83d\udccd FC Barcelona 43-42 Valencia Basket<\/p>\n<p class=\"ft-text\">\ud83d\udcf0 Responde Satoransky con una canasta r\u00e1pida.<\/p>\n<p><a id=\"\" name=\"item_10403590\" title=\"\" class=\"ft-anchor ft-anchor--absolute ft-helper-spacer-voffset-xlg\" rel=\"\"><\/a>\u23f1\ufe0f 2DO CUARTO: 03:10 \ud83d\udccd FC Barcelona 41-42 Valencia Basket<\/p>\n<p class=\"ft-text\">\ud83d\udcf0 \u00a1TRIIIIIIIIIIIIIIIIIIIIIIIIIIIIIIPLE DE VALENCIA BASKET!<\/p>\n<p><a id=\"\" name=\"item_10403524\" title=\"\" class=\"ft-anchor ft-anchor--absolute ft-helper-spacer-voffset-xlg\" rel=\"\"><\/a>\u23f1\ufe0f 2DO CUARTO: 03:50 \ud83d\udccd FC Barcelona 37-37 Valencia Basket<\/p>\n<p class=\"ft-text\">\ud83d\udcf0 Jugad\u00f3n de Badio que se lanz\u00f3 con todo al aro y anot\u00f3. Marcador igualado.<\/p>\n<p><a id=\"\" name=\"item_10403517\" title=\"\" class=\"ft-anchor ft-anchor--absolute ft-helper-spacer-voffset-xlg\" rel=\"\"><\/a>\u23f1\ufe0f 2DO CUARTO: 04:39 \ud83d\udccd FC Barcelona 37-35 Valencia Basket<\/p>\n<p class=\"ft-text\">\ud83d\udcf0 Agota la posesi\u00f3n Valencia Basket, canasta de Josep Puerto<\/p>\n<p><a id=\"\" name=\"item_10403513\" title=\"\" class=\"ft-anchor ft-anchor--absolute ft-helper-spacer-voffset-xlg\" rel=\"\"><\/a>\u23f1\ufe0f 2DO CUARTO: 05:16 \ud83d\udccd FC Barcelona 38-33 Valencia Basket<\/p>\n<p class=\"ft-text\">\ud83d\udcf0 Anota Clyburn dos m\u00e1s desde la la l\u00ednea de libres.<\/p>\n<p><a id=\"comments\" name=\"comments\" title=\"\" class=\"ft-anchor ft-anchor--absolute ft-helper-spacer-voffset-xlg\" rel=\"\"><\/a><\/p>\n","protected":false},"excerpt":{"rendered":"El Valencia Basket y el FC Barcelona se miden este viernes en el Palau Blaugrana en la tercera&hellip;\n","protected":false},"author":2,"featured_media":168133,"comment_status":"","ping_status":"","sticky":false,"template":"","format":"standard","meta":{"footnotes":""},"categories":[269],"tags":[299,49157,298,168,3598,25,24,833,23,167,2916],"class_list":{"0":"post-168132","1":"post","2":"type-post","3":"status-publish","4":"format-standard","5":"has-post-thumbnail","7":"category-baloncesto","8":"tag-baloncesto","9":"tag-barcelona-basket","10":"tag-basketball","11":"tag-deportes","12":"tag-en-directo","13":"tag-es","14":"tag-espana","15":"tag-euroliga","16":"tag-spain","17":"tag-sports","18":"tag-valencia-basket"},"share_on_mastodon":{"url":"","error":""},"_links":{"self":[{"href":"https:\/\/www.europesays.com\/es\/wp-json\/wp\/v2\/posts\/168132","targetHints":{"allow":["GET"]}}],"collection":[{"href":"https:\/\/www.europesays.com\/es\/wp-json\/wp\/v2\/posts"}],"about":[{"href":"https:\/\/www.europesays.com\/es\/wp-json\/wp\/v2\/types\/post"}],"author":[{"embeddable":true,"href":"https:\/\/www.europesays.com\/es\/wp-json\/wp\/v2\/users\/2"}],"replies":[{"embeddable":true,"href":"https:\/\/www.europesays.com\/es\/wp-json\/wp\/v2\/comments?post=168132"}],"version-history":[{"count":0,"href":"https:\/\/www.europesays.com\/es\/wp-json\/wp\/v2\/posts\/168132\/revisions"}],"wp:featuredmedia":[{"embeddable":true,"href":"https:\/\/www.europesays.com\/es\/wp-json\/wp\/v2\/media\/168133"}],"wp:attachment":[{"href":"https:\/\/www.europesays.com\/es\/wp-json\/wp\/v2\/media?parent=168132"}],"wp:term":[{"taxonomy":"category","embeddable":true,"href":"https:\/\/www.europesays.com\/es\/wp-json\/wp\/v2\/categories?post=168132"},{"taxonomy":"post_tag","embeddable":true,"href":"https:\/\/www.europesays.com\/es\/wp-json\/wp\/v2\/tags?post=168132"}],"curies":[{"name":"wp","href":"https:\/\/api.w.org\/{rel}","templated":true}]}}