{"id":168138,"date":"2025-10-10T19:38:16","date_gmt":"2025-10-10T19:38:16","guid":{"rendered":"https:\/\/www.europesays.com\/es\/168138\/"},"modified":"2025-10-10T19:38:16","modified_gmt":"2025-10-10T19:38:16","slug":"podcast-nace-el-club-de-lectura-de-la-verdad-almendra-primer-libro","status":"publish","type":"post","link":"https:\/\/www.europesays.com\/es\/168138\/","title":{"rendered":"Podcast: Nace el club de lectura de LA VERDAD: &#8216;Almendra&#8217;, primer libro"},"content":{"rendered":"<p><a class=\"v-mdl-ath__fig-a\" href=\"https:\/\/www.laverdad.es\/autor\/maria-garcia-clemente-598.html\" title=\"Mar\u00eda Garc\u00eda Clemente\" rel=\"nofollow noopener\" target=\"_blank\"><br \/>\n<img decoding=\"async\" class=\"v-mdl-ath__img\" src=\"https:\/\/www.europesays.com\/es\/wp-content\/uploads\/2025\/10\/autor-598-foto-2.jpeg\" alt=\"Mar\u00eda Garc\u00eda Clemente\"\/><br \/>\n<\/a><\/p>\n<p><a class=\"v-mdl-ath__fig-a\" href=\"https:\/\/www.laverdad.es\/autor\/isabel-manzano-5537.html\" title=\"Isabel Manzano\" rel=\"nofollow noopener\" target=\"_blank\"><br \/>\n<img decoding=\"async\" class=\"v-mdl-ath__img\" src=\"https:\/\/www.europesays.com\/es\/wp-content\/uploads\/2025\/09\/autor-5537-foto-1.jpeg\" alt=\"Isabel Manzano\"\/><br \/>\n<\/a><\/p>\n<p class=\"v-mdl-ath__p v-mdl-ath__p--6\">\nViernes, 10 de octubre 2025, 13:54<\/p>\n<p>| Actualizado 15:28h.<\/p>\n<p class=\"v-p\">Hay historias que se leen en silencio, pero que piden ser compartidas. Para cambiar esa soledad frente al libro, nace &#8216;El libro estupendo&#8217;, el club de lectura de LA VERDAD. Un proyecto para conocer lecturas y compartir entre todos las reflexiones que nos proponen los autores y libros escogidos, que se anunciar\u00e1n a trav\u00e9s de la web del peri\u00f3dico y sus redes sociales.<\/p>\n<p class=\"v-p\">En este podcast te presentamos la primera de las lecturas que formar\u00e1n parte de &#8216;El libro estupendo&#8217;. Es &#8216;Almendra&#8217;, de la escritora surcoreana Won-Pyung Sohn. El libro narra la incapacidad de sentir del protagonista, que no nota ni temor, ni miedo ni rabia. Ante la sorpresa de sus vecinos y conocidos ante su nula reacci\u00f3n, tendr\u00e1 que aprender a fingir esas emociones para encajar en la sociedad. Hasta que un momento rompe esa ilusi\u00f3n.\u00a0<\/p>\n<p class=\"v-p\">Para participar en la reuni\u00f3n del club de lectura, que se celebrar\u00e1 el 19 de noviembre en las instalaciones de LA VERDAD, solo tienes que suscribirte al peri\u00f3dico y enviar un WhatsApp al tel\u00e9fono que aparece en el podcast. Si no puedes asistir, puedes escuchar las reflexiones y momentos que se vivieron en esa reuni\u00f3n en un podcast que se publicar\u00e1 posteriormente en las diferentes plataformas de audio y en LA VERDAD.\u00a0<\/p>\n","protected":false},"excerpt":{"rendered":"Viernes, 10 de octubre 2025, 13:54 | Actualizado 15:28h. Hay historias que se leen en silencio, pero que&hellip;\n","protected":false},"author":2,"featured_media":168139,"comment_status":"","ping_status":"","sticky":false,"template":"","format":"standard","meta":{"footnotes":""},"categories":[172],"tags":[15525,224,1798,146,147,25,24,1807,1496,225,977,23],"class_list":{"0":"post-168138","1":"post","2":"type-post","3":"status-publish","4":"format-standard","5":"has-post-thumbnail","7":"category-libros","8":"tag-almendra","9":"tag-books","10":"tag-club","11":"tag-entertainment","12":"tag-entretenimiento","13":"tag-es","14":"tag-espana","15":"tag-lectura","16":"tag-libro","17":"tag-libros","18":"tag-primer","19":"tag-spain"},"share_on_mastodon":{"url":"","error":""},"_links":{"self":[{"href":"https:\/\/www.europesays.com\/es\/wp-json\/wp\/v2\/posts\/168138","targetHints":{"allow":["GET"]}}],"collection":[{"href":"https:\/\/www.europesays.com\/es\/wp-json\/wp\/v2\/posts"}],"about":[{"href":"https:\/\/www.europesays.com\/es\/wp-json\/wp\/v2\/types\/post"}],"author":[{"embeddable":true,"href":"https:\/\/www.europesays.com\/es\/wp-json\/wp\/v2\/users\/2"}],"replies":[{"embeddable":true,"href":"https:\/\/www.europesays.com\/es\/wp-json\/wp\/v2\/comments?post=168138"}],"version-history":[{"count":0,"href":"https:\/\/www.europesays.com\/es\/wp-json\/wp\/v2\/posts\/168138\/revisions"}],"wp:featuredmedia":[{"embeddable":true,"href":"https:\/\/www.europesays.com\/es\/wp-json\/wp\/v2\/media\/168139"}],"wp:attachment":[{"href":"https:\/\/www.europesays.com\/es\/wp-json\/wp\/v2\/media?parent=168138"}],"wp:term":[{"taxonomy":"category","embeddable":true,"href":"https:\/\/www.europesays.com\/es\/wp-json\/wp\/v2\/categories?post=168138"},{"taxonomy":"post_tag","embeddable":true,"href":"https:\/\/www.europesays.com\/es\/wp-json\/wp\/v2\/tags?post=168138"}],"curies":[{"name":"wp","href":"https:\/\/api.w.org\/{rel}","templated":true}]}}