{"id":168144,"date":"2025-10-10T19:41:07","date_gmt":"2025-10-10T19:41:07","guid":{"rendered":"https:\/\/www.europesays.com\/es\/168144\/"},"modified":"2025-10-10T19:41:07","modified_gmt":"2025-10-10T19:41:07","slug":"el-regreso-de-un-clasico-la-comedia-de-jim-carrey-que-arrasa-en-netflix","status":"publish","type":"post","link":"https:\/\/www.europesays.com\/es\/168144\/","title":{"rendered":"El regreso de un cl\u00e1sico: la comedia de Jim Carrey que arrasa en Netflix"},"content":{"rendered":"<p class=\"default__StyledText-sc-oqc75h-0 kDYpOE body-paragraph\"><a href=\"https:\/\/www.nacion.com\/viva\/netflix-le-recomienda-que-series-y-peliculas-ver\/UEDYOK3H5NHA3FBD3ON2JM4WOQ\/story\/\" target=\"_blank\" rel=\"nofollow noopener\" title=\"https:\/\/www.nacion.com\/viva\/netflix-le-recomienda-que-series-y-peliculas-ver\/UEDYOK3H5NHA3FBD3ON2JM4WOQ\/story\/\">Netflix<\/a> reaviv\u00f3 la nostalgia de los a\u00f1os 90 con la incorporaci\u00f3n de <b>La m\u00e1scara<\/b>, la comedia que lanz\u00f3 al estrellato a <a href=\"https:\/\/www.nacion.com\/viva\/las-tragedias-personales-de-jim-carrey-desde-su\/GZTQUWZR7JDMXEZ2AKYR3UPODE\/story\/\" target=\"_blank\" rel=\"nofollow noopener\" title=\"https:\/\/www.nacion.com\/viva\/las-tragedias-personales-de-jim-carrey-desde-su\/GZTQUWZR7JDMXEZ2AKYR3UPODE\/story\/\"><b>Jim Carrey<\/b><\/a> y que se convirti\u00f3 en un fen\u00f3meno mundial. La plataforma a\u00f1adi\u00f3 este ic\u00f3nico filme de 1994 a su cat\u00e1logo, lo que gener\u00f3 entusiasmo entre quienes la disfrutaron en su estreno y curiosidad en nuevas audiencias que ahora podr\u00e1n descubrirla.<\/p>\n<p class=\"default__StyledText-sc-oqc75h-0 kDYpOE body-paragraph\">La cinta, dirigida por <b>Chuck Russell<\/b>, narra la historia de <b>Stanley Ipkiss<\/b>, un empleado bancario t\u00edmido y rutinario que encuentra una <b>m\u00e1scara con poderes sobrenaturales<\/b>. Al usarla, libera un lado completamente opuesto de su personalidad: audaz, exagerado y ca\u00f3tico. Desde ese momento, su vida se transforma en una sucesi\u00f3n de persecuciones, enredos y situaciones desbordantes de humor.<\/p>\n<p class=\"default__StyledText-sc-oqc75h-0 kDYpOE body-paragraph\"><b>La m\u00e1scara<\/b> destac\u00f3 por sus <b>efectos especiales revolucionarios<\/b>, su est\u00e9tica colorida y su ritmo vertiginoso, elementos que marcaron un punto de inflexi\u00f3n en la comedia de los a\u00f1os 90. La qu\u00edmica entre <b>Jim Carrey y Cameron D\u00edaz<\/b>, quien debut\u00f3 en el cine con este papel, contribuy\u00f3 a que la pel\u00edcula se consolidara como un \u00e9xito mundial.<\/p>\n<p class=\"default__StyledText-sc-oqc75h-0 kDYpOE body-paragraph\">M\u00e1s de tres d\u00e9cadas despu\u00e9s de su estreno, esta producci\u00f3n sigue siendo una de las <b>comedias m\u00e1s queridas<\/b> del g\u00e9nero. Su equilibrio entre humor, romance y fantas\u00eda mantiene vigente su atractivo, y su regreso a Netflix representa una oportunidad para revivirla o disfrutarla por primera vez desde la comodidad del hogar.<\/p>\n<p class=\"default__StyledText-sc-oqc75h-0 kDYpOE body-paragraph\">El filme tambi\u00e9n consolid\u00f3 la identidad art\u00edstica de <b>Jim Carrey<\/b>, caracterizada por gestos exagerados, transformaciones visuales y una energ\u00eda desbordante inspirada en los cl\u00e1sicos dibujos animados. Este estilo marc\u00f3 el inicio de una de las carreras m\u00e1s exitosas del cine de comedia.<\/p>\n<p>Una trama que mezcla humor, acci\u00f3n y fantas\u00eda<\/p>\n<p class=\"default__StyledText-sc-oqc75h-0 kDYpOE body-paragraph\">La historia combina momentos de acci\u00f3n, n\u00fameros musicales y una lucha entre el bien y el mal. Mientras Stanley intenta conquistar a <b>Tina Carlyle<\/b>, debe enfrentarse al criminal <b>Dorian Tyrell<\/b>, quien descubre el poder de la m\u00e1scara y busca aprovecharlo para sus propios fines.<\/p>\n<p class=\"default__StyledText-sc-oqc75h-0 kDYpOE body-paragraph\">El resultado es una mezcla explosiva de humor visual, romance y aventura que mantiene su frescura con el paso del tiempo.<\/p>\n<p class=\"default__StyledText-sc-oqc75h-0 kDYpOE body-paragraph\">Con su regreso a la plataforma, <b>Netflix apuesta por rescatar grandes cl\u00e1sicos del cine<\/b> para nuevas generaciones, y \u201cLa m\u00e1scara\u201d se posiciona nuevamente como una de las pel\u00edculas m\u00e1s recordadas de los 90. Su carisma, ritmo y colorido la convierten en una elecci\u00f3n ideal para quienes buscan re\u00edr sin pausa.<\/p>\n<p><img decoding=\"async\" data-chromatic=\"ignore\" alt=\"El actor estadounidense Jim Carrey llega al estreno de su pel\u00edcula \u201cThe Majestic\u201d, en Hollywood, California, el 11 de diciembre de 2001. Foto: AFP\/Lucy Nicholson.\" class=\"c-image\" loading=\"lazy\" src=\"https:\/\/www.europesays.com\/es\/wp-content\/uploads\/2025\/10\/PL4L2BV54ZE7JCHGSRRX72J764.jpg\"  width=\"2048\" height=\"1693\"\/>\u201cLa m\u00e1scara\u201d regresa a Netflix con todo su humor, acci\u00f3n y nostalgia, reafirmando su lugar entre las comedias m\u00e1s queridas del cine. (LUCY NICHOLSON\/AFP) <\/p>\n<p class=\"default__StyledText-sc-oqc75h-0 kDYpOE body-paragraph\">*La creaci\u00f3n de este contenido cont\u00f3 con la asistencia de inteligencia artificial. La fuente de esta informaci\u00f3n es de un medio del Grupo de Diarios Am\u00e9rica (GDA) y revisada por un editor para asegurar su precisi\u00f3n. El contenido no se gener\u00f3 autom\u00e1ticamente.<\/p>\n","protected":false},"excerpt":{"rendered":"Netflix reaviv\u00f3 la nostalgia de los a\u00f1os 90 con la incorporaci\u00f3n de La m\u00e1scara, la comedia que lanz\u00f3&hellip;\n","protected":false},"author":2,"featured_media":168145,"comment_status":"","ping_status":"","sticky":false,"template":"","format":"standard","meta":{"footnotes":""},"categories":[169],"tags":[177,146,147,25,24,176,49159,49160,175,152,15891,23],"class_list":{"0":"post-168144","1":"post","2":"type-post","3":"status-publish","4":"format-standard","5":"has-post-thumbnail","7":"category-cine","8":"tag-cine","9":"tag-entertainment","10":"tag-entretenimiento","11":"tag-es","12":"tag-espana","13":"tag-film","14":"tag-jim-carrey","15":"tag-la-mascara","16":"tag-movies","17":"tag-netflix","18":"tag-notas-ia","19":"tag-spain"},"share_on_mastodon":{"url":"","error":""},"_links":{"self":[{"href":"https:\/\/www.europesays.com\/es\/wp-json\/wp\/v2\/posts\/168144","targetHints":{"allow":["GET"]}}],"collection":[{"href":"https:\/\/www.europesays.com\/es\/wp-json\/wp\/v2\/posts"}],"about":[{"href":"https:\/\/www.europesays.com\/es\/wp-json\/wp\/v2\/types\/post"}],"author":[{"embeddable":true,"href":"https:\/\/www.europesays.com\/es\/wp-json\/wp\/v2\/users\/2"}],"replies":[{"embeddable":true,"href":"https:\/\/www.europesays.com\/es\/wp-json\/wp\/v2\/comments?post=168144"}],"version-history":[{"count":0,"href":"https:\/\/www.europesays.com\/es\/wp-json\/wp\/v2\/posts\/168144\/revisions"}],"wp:featuredmedia":[{"embeddable":true,"href":"https:\/\/www.europesays.com\/es\/wp-json\/wp\/v2\/media\/168145"}],"wp:attachment":[{"href":"https:\/\/www.europesays.com\/es\/wp-json\/wp\/v2\/media?parent=168144"}],"wp:term":[{"taxonomy":"category","embeddable":true,"href":"https:\/\/www.europesays.com\/es\/wp-json\/wp\/v2\/categories?post=168144"},{"taxonomy":"post_tag","embeddable":true,"href":"https:\/\/www.europesays.com\/es\/wp-json\/wp\/v2\/tags?post=168144"}],"curies":[{"name":"wp","href":"https:\/\/api.w.org\/{rel}","templated":true}]}}