{"id":168156,"date":"2025-10-10T19:48:08","date_gmt":"2025-10-10T19:48:08","guid":{"rendered":"https:\/\/www.europesays.com\/es\/168156\/"},"modified":"2025-10-10T19:48:08","modified_gmt":"2025-10-10T19:48:08","slug":"las-claves-del-interrogatorio-del-juez-angel-hurtado-al-fiscal-general-del-estado-filtro-el-correo-rotundamente-no-el-huffpost","status":"publish","type":"post","link":"https:\/\/www.europesays.com\/es\/168156\/","title":{"rendered":"Las claves del interrogatorio del juez \u00c1ngel Hurtado al fiscal general del Estado: &quot;\u00bfFiltr\u00f3 el correo?&quot;; &quot;Rotundamente no&quot; &#8211; El HuffPost"},"content":{"rendered":"<ol>\n<li><a href=\"https:\/\/news.google.com\/rss\/articles\/CBMiygFBVV95cUxQMlRiYUxSbTMxb2EtRzdlbnRsUEN1U1Z3ZEpCLVNtbUx4dU1zV1NUS1Rjb2NhZEdCb2kybmxQNGExNmdCWjNjZDU1VUVmQ3BfdlpiVmphWUhKbXVHcTlrUHdyT29qU1NRak9ndHFfNWthN2NQZjFiaEtQS2llX2JvUGU1YjdMdUVvWGJqOUV6Z1JWSVBNUmJGT0FrYzlFZDVyVGhGb21LOFl3VGNFMWJ1amczYzVVZG9JNkJJNl9sNFI1Z19ZdG1aZUp30gHeAUFVX3lxTE1CT3B1eHFpaWo4M2gtNjVYUG1OVVNNbC1YQVc5TXhyNFpSS0t2MVVuVHVCOF8xRXRDNUdreWx3eWxuWDJWc0tBOWdXXzlTejBiN1ZvWGpiVmhZQV9nY0lRcFBsWmVGZ0lXTWdiMlNuMnM1XzIzcDQ5RWc0VnhrOWFDUkxKTWFDRzRaeEJMMHhMRTlwRkM0SWNyNC1iekJTaHpYczd0TEtBczVZS192TUJaVEw3U3dRWFZEcjB0Y2VjY1RUMkFsTWYzcHdWMU4tSWd1VVpWR21QS0hMUDNZdw?oc=5\" target=\"_blank\" rel=\"nofollow noopener\">Las claves del interrogatorio del juez \u00c1ngel Hurtado al fiscal general del Estado: \u00ab\u00bfFiltr\u00f3 el correo?\u00bb; \u00abRotundamente no\u00bb<\/a>&nbsp;&nbsp;El HuffPost<\/li>\n<li><a href=\"https:\/\/news.google.com\/rss\/articles\/CBMi3gFBVV95cUxPXzRmazlsQlZUaU1MSEZSOGVySDRvLVg1Q2tNeTNtbFlCb3dOM1dlLUhHMm5Tb252aU5HUm1GN3NSUDhmLXlvSXZNbHFITldjWjdwTHc1UUpZQnJILTFWeTlneURJUHQ3eVhYMTctcklPTFF1a2MxQldsSkNkUXhUNWhNNVhFd3VYUnc0OGZwcF9Ja0NJOEVTdWRwdkFxRUdFZzNJVUpfNzBfbENiT3ZEMFN4MkRtd3VaTWF5QXRjcDZqNFlTTW5jcVE0ME9zSElzSFdELTNjM1VNNUNQS2c?oc=5\" target=\"_blank\" rel=\"nofollow noopener\">El v\u00eddeo de la fiscal jefe de Madrid, sobre el bulo de Miguel \u00c1ngel Rodr\u00edguez: \u201cFui la primera que dio la alerta\u201d<\/a>&nbsp;&nbsp;EL PA\u00cdS<\/li>\n<li><a href=\"https:\/\/news.google.com\/rss\/articles\/CBMi7wFBVV95cUxPUFM1NGpNeVctWmhrUGVFakRFb3oyMDRwY0NmWXJUejV2ZHdhMS1uOGk0R3FvdDNEb0RuZ0JPWTYxb3UzN1o3UEl5dWpOajB0QmtYUzExMVd2U1pERWNVYnQ3dnpBcnVMd0xReTlRNG4tVy1DNjQ4b2hWUm1HS2dWNm5WVURjQzZzZE5KMmd5MGNpSzZfbHB6SlVSVGNTU3NYeUZzc2lXWDBIZi1uQXJxNVRVZDdVRTNPaHh6WkVySmtxSkMwSThPcXRmX2dLaTJMc3VwRWhqRW5vV2c1NVJXRUtVaUxsMmRuT3NlM0drONIBiwJBVV95cUxPaTFndFdIUXdNaFVNQXR1RUN4eEE4OXYzUURmTzhVQXNuUWdtZzJsVW5YRzdsLXhhSzZFSERkY0FMQlFKMWcxaHZhQlQyZHhza05GTEtVSTVGV0hQSF9qeFh3eURpQlZpSG1wVXVsQmViYW8wcE84dm1HWWYxY1ZnN0xuYWRfR0Z6elRWbXlDRTI1d0xBWlZGWDE2YjlsRGcwMV9vSzY3bUhHZ0tYczVBd3EwMml4TEVzQk9iX3ZKc3pxbmJGb1Z5VFJjQlJ3Z3JGQkczWUZLLWpvN3FVNXJoYmRSRkd1bE05RHF5UTFwNFZ6aUFZMG95NWhMMmZ1R1Rib0s4c1RfZ2IzQWM?oc=5\" target=\"_blank\" rel=\"nofollow noopener\">El v\u00eddeo de la declaraci\u00f3n ante el juez del fiscal general del Estado: \u00ab\u00bfFiltr\u00f3 usted el correo?\u00bb; \u00abRotundamente no\u00bb<\/a>&nbsp;&nbsp;La Voz de Galicia<\/li>\n<li><a href=\"https:\/\/news.google.com\/rss\/articles\/CBMipAFBVV95cUxOcTFlbzJiaDdNSGpzWjM1TGFIeVFGaTFFWVRfRmVFaUs3ZTVpdHFLUGswMnVyT3VXUjM4MzdfWTl1bEphcHpza0pxRi0xdFFXa05xUEZBTXU0UmtnbkRhQ0w5VjItczFvS09aTHA1OHBTc3NYbUxpblBxYUNiZDhzcFNlSnVCcjgxMG9HTXZfQVhMUXZnS3Q4Q2VnMm55OTJCTnRDZg?oc=5\" target=\"_blank\" rel=\"nofollow noopener\">La Fiscal\u00eda &#8216;cuela&#8217; en el juicio de Garc\u00eda Ortiz a un fiscal que ya defendi\u00f3 su inocencia<\/a>&nbsp;&nbsp;ABC<\/li>\n<li><a href=\"https:\/\/news.google.com\/rss\/articles\/CBMirwFBVV95cUxOWmUzMkg1V19kQV9fN2RsNnd5enJvNFA5ODJ1amVQYWU5MndCZTZyUmxHNV84V0YzVmpyODZiMzQzTC1CckxudG5rSExmeXRaSkIxNGREclBLR2pxVE1qd19jODZPSE1SYWY3VnJSV3FIRHYxcnpTd3ktSVcxbmZwVnVOTmVOd0R1X0xObUtaSEtoRlRnN0NhaW1Qa1pHOHFjam4xSUhxWnFwdUYybmpN?oc=5\" target=\"_blank\" rel=\"nofollow noopener\">VIDEO | El fiscal general, ante el juez por el correo de la pareja de Ayuso: \u00abLa mentira nunca puede ser un secreto\u00bb<\/a>&nbsp;&nbsp;elDiario.es<\/li>\n<\/ol>\n","protected":false},"excerpt":{"rendered":"Las claves del interrogatorio del juez \u00c1ngel Hurtado al fiscal general del Estado: \u00ab\u00bfFiltr\u00f3 el correo?\u00bb; \u00abRotundamente no\u00bb&nbsp;&nbsp;El&hellip;\n","protected":false},"author":2,"featured_media":168157,"comment_status":"","ping_status":"","sticky":false,"template":"","format":"standard","meta":{"footnotes":""},"categories":[8],"tags":[2594,17,18,6365,25,24,13,14,11,10080,49161,1664,19,20,9,10,15,16,23,12,21,22],"class_list":{"0":"post-168156","1":"post","2":"type-post","3":"status-publish","4":"format-standard","5":"has-post-thumbnail","7":"category-espana","8":"tag-angel","9":"tag-breaking-news","10":"tag-breakingnews","11":"tag-claves","12":"tag-es","13":"tag-espana","14":"tag-featured-news","15":"tag-featurednews","16":"tag-headlines","17":"tag-hurtado","18":"tag-interrogatorio","19":"tag-juez","20":"tag-latest-news","21":"tag-latestnews","22":"tag-news","23":"tag-noticias","24":"tag-noticias-destacadas","25":"tag-noticiasdestacadas","26":"tag-spain","27":"tag-titulares","28":"tag-ultimas-noticias","29":"tag-ultimasnoticias"},"share_on_mastodon":{"url":"","error":""},"_links":{"self":[{"href":"https:\/\/www.europesays.com\/es\/wp-json\/wp\/v2\/posts\/168156","targetHints":{"allow":["GET"]}}],"collection":[{"href":"https:\/\/www.europesays.com\/es\/wp-json\/wp\/v2\/posts"}],"about":[{"href":"https:\/\/www.europesays.com\/es\/wp-json\/wp\/v2\/types\/post"}],"author":[{"embeddable":true,"href":"https:\/\/www.europesays.com\/es\/wp-json\/wp\/v2\/users\/2"}],"replies":[{"embeddable":true,"href":"https:\/\/www.europesays.com\/es\/wp-json\/wp\/v2\/comments?post=168156"}],"version-history":[{"count":0,"href":"https:\/\/www.europesays.com\/es\/wp-json\/wp\/v2\/posts\/168156\/revisions"}],"wp:featuredmedia":[{"embeddable":true,"href":"https:\/\/www.europesays.com\/es\/wp-json\/wp\/v2\/media\/168157"}],"wp:attachment":[{"href":"https:\/\/www.europesays.com\/es\/wp-json\/wp\/v2\/media?parent=168156"}],"wp:term":[{"taxonomy":"category","embeddable":true,"href":"https:\/\/www.europesays.com\/es\/wp-json\/wp\/v2\/categories?post=168156"},{"taxonomy":"post_tag","embeddable":true,"href":"https:\/\/www.europesays.com\/es\/wp-json\/wp\/v2\/tags?post=168156"}],"curies":[{"name":"wp","href":"https:\/\/api.w.org\/{rel}","templated":true}]}}