{"id":168180,"date":"2025-10-10T20:02:10","date_gmt":"2025-10-10T20:02:10","guid":{"rendered":"https:\/\/www.europesays.com\/es\/168180\/"},"modified":"2025-10-10T20:02:10","modified_gmt":"2025-10-10T20:02:10","slug":"galilea-montijo-acalla-rumores-sobre-lo-sucedido-en-su-fiesta-de-la-casa-de-los-famosos","status":"publish","type":"post","link":"https:\/\/www.europesays.com\/es\/168180\/","title":{"rendered":"Galilea Montijo acalla rumores sobre lo sucedido en su fiesta de \u2018La Casa de los Famosos\u2019"},"content":{"rendered":"<p id=\"epfsBBc1_X\" data-wc=\"109\">El \u00e9xito rotundo de La Casa de los Famosos M\u00e9xico, cuyo ganador de la tercera temporada fue <strong>Aldo de Nigris<\/strong>, motiv\u00f3 a <strong>Galilea Montijo<\/strong> a realizar <a class=\"hm-link ho-link\" href=\"https:\/\/www.hola.com\/us-es\/celebrities\/20251008860505\/galilea-montijo-fiesta-participantes-tercera-temporada-casa-famosos\/\" data-mrf-recirculation=\"article-body-link\" rel=\"nofollow noopener\" target=\"_blank\">su tradicional fiesta<\/a>, en la cual re\u00fane a los participantes del reality y m\u00e1s amigos. Feliz por haber cumplido con este importante compromiso, agradeci\u00f3 a sus distinguidos invitados, feliz tambi\u00e9n de contar con <a class=\"hm-link ho-link\" href=\"https:\/\/www.hola.com\/us-es\/celebrities\/20251007860263\/galilea-montijo-dedica-sentido-mensaje-hijo-mateo-final-la-casa-de-los-famosos\/\" data-mrf-recirculation=\"article-body-link\" rel=\"nofollow noopener\" target=\"_blank\">la presencia de su hijo Mateo<\/a>. Sin embargo, la tambi\u00e9n conductora del programa Hoy\u00a0no pudo evitar que surgieran algunos rumores, especialmente por la repentina partida de Aldo del evento, o la supuesta discusi\u00f3n que la tapat\u00eda tuvo con <strong>Wendy Guevara<\/strong>, situaciones que finalmente ha aclarado frente a las c\u00e1maras.<\/p>\n<p> <img src=\"https:\/\/www.europesays.com\/es\/wp-content\/uploads\/2025\/10\/2f05b026c24b-galihijos.jpg\"   width=\"768\" height=\"1024\" loading=\"lazy\" decoding=\"async\" alt=\"Mateo, hijo de Galilea, acompa\u00f1\u00f3 a su mam\u00e1 en este festejo.\" fetchpriority=\"auto\" class=\"image ho-image\"\/>\u00a9 IG. @galileamontijoMateo, hijo de Galilea, acompa\u00f1\u00f3 a su mam\u00e1 en este festejo.<br \/>\n\u00bfPor qu\u00e9 se fue Aldo de Nigris?<\/p>\n<p id=\"eLfX4gPwkSf\" data-wc=\"88\">Galilea tom\u00f3 la palabra durante la emisi\u00f3n del programa Hoy, espacio en el que explic\u00f3 por qu\u00e9 motivo debi\u00f3 realizar su fiesta la noche del martes 7 de octubre, una fecha un tanto complicada para los asistentes debido a sus agendas. \u201cO lo hac\u00eda el martes porque se me iban todos los finalistas, que mira, muchos no pudieron llegar por muchos compromisos. El domingo era imposible porque estaban muy cansados, el lunes ten\u00edan todo el d\u00eda pesad\u00edsimo, el martes tambi\u00e9n se levantaron muy temprano\u2026\u201d, dijo durante su intervenci\u00f3n.<\/p>\n<p> <img src=\"https:\/\/www.europesays.com\/es\/wp-content\/uploads\/2025\/10\/2acb7c6e131f-image-4968979.jpg\"   width=\"1024\" height=\"575\" loading=\"lazy\" decoding=\"async\" alt=\"Galilea Montijo con sus invitados en la celebraci\u00f3n de 'La Casa de los Famosos'\" fetchpriority=\"auto\" class=\"image ho-image\"\/>\u00a9 @galileamontijoGalilea Montijo con sus invitados en la celebraci\u00f3n de &#8216;La Casa de los Famosos&#8217;<\/p>\n<p id=\"eEPt21BD3iF\" data-wc=\"95\">A prop\u00f3sito de los acontecimientos, Galilea se refiri\u00f3 al hecho de que Aldo se fuera antes de lo previsto de su fiesta, una situaci\u00f3n que gener\u00f3 incertidumbre y dio pie a las especulaciones. \u201cEl mismo Aldo (de Nigris) lleg\u00f3, hizo acto de presencia, muy lindo, y dijo: \u2018Ya no puedo m\u00e1s\u2019, pero estuvo un ratito. La mayor\u00eda (llegaron a la fiesta), pero hubo muchos que faltaron y se entiende, porque todo mundo tra\u00eda mucho compromiso. S\u00ed fue mi culpa por hacerla el martes\u2026\u201d, explic\u00f3 para poner as\u00ed punto final a los rumores en ese sentido.<\/p>\n<p> <img src=\"https:\/\/www.europesays.com\/es\/wp-content\/uploads\/2025\/10\/c6c0c357b036-image-3426738.jpg\"   width=\"1024\" height=\"576\" loading=\"lazy\" decoding=\"async\" alt=\"Galilea disfrut\u00f3 de su llamado 'Galifest', su tradicional fiesta de cierre de 'La Casa de los Famosos'\" fetchpriority=\"auto\" class=\"image ho-image\"\/>\u00a9 @galileamontijoGalilea disfrut\u00f3 de su llamado &#8216;Galifest&#8217;, su tradicional fiesta de cierre de &#8216;La Casa de los Famosos&#8217;<br \/>\nLo que sucedi\u00f3 con Wendy Guevara<\/p>\n<p id=\"egF8KG2y0Yo\" data-wc=\"110\">Dada la atenci\u00f3n que gener\u00f3 su fiesta, Galilea tambi\u00e9n enfrent\u00f3 rumores de una supuesta discusi\u00f3n con Wendy Guevara, quien gan\u00f3 la pasada edici\u00f3n de La Casa de los Famosos y estuvo presente en su festejo. La presentadora desminti\u00f3 todo lo que se dijo y puso fin a las especulaciones. \u201cTodo el mundo and\u00e1bamos felices, una fiesta, uno va a eso, a bailar, a decir salud, a cantar, a pasarla bien. Pero la neta, es que nunca Wendy y yo jam\u00e1s podr\u00edamos pelearnos. S\u00ed me estaba contando algo que, a parte mis caras son de: \u2018\u00bfQu\u00e9?\u2019. Se hizo un chisme de tres segundos de que ella me est\u00e1 contando algo\u2026\u201d, revel\u00f3.<\/p>\n<p> <img src=\"https:\/\/www.europesays.com\/es\/wp-content\/uploads\/2025\/10\/29acbaf2c8dd-image-7245857.jpg\"   width=\"1024\" height=\"576\" loading=\"lazy\" decoding=\"async\" alt=\"Galilea Montijo descart\u00f3 alguna discusi\u00f3n con Wendy Guevara\" fetchpriority=\"auto\" class=\"image ho-image\"\/>\u00a9 @galileamontijoGalilea Montijo descart\u00f3 alguna discusi\u00f3n con Wendy Guevara<\/p>\n<p id=\"ew4r5KOypbz\" data-wc=\"94\">Mientras tanto, Galilea disfruta de esta etapa colmada de gratas experiencias, mientras comparte cada uno de sus logros con sus seres queridos, su hijo Mateo, quien de hecho la acompa\u00f1\u00f3 a la final de La Casa de los Famosos. La tapat\u00eda tambi\u00e9n ha compartido estos d\u00edas junto a su novio, el modelo Isaac Moreno, quien fue su principal apoyo a lo largo de esta aventura, en la que tambi\u00e9n brind\u00f3 acompa\u00f1amiento a su novia con las rutinas de ejercicio, las cuales permitieron a Galilea lucir un espectacular f\u00edsico en cada una de las galas.<\/p>\n","protected":false},"excerpt":{"rendered":"El \u00e9xito rotundo de La Casa de los Famosos M\u00e9xico, cuyo ganador de la tercera temporada fue Aldo&hellip;\n","protected":false},"author":2,"featured_media":168181,"comment_status":"","ping_status":"","sticky":false,"template":"","format":"standard","meta":{"footnotes":""},"categories":[171],"tags":[517,146,147,25,24,24298,23,214],"class_list":{"0":"post-168180","1":"post","2":"type-post","3":"status-publish","4":"format-standard","5":"has-post-thumbnail","7":"category-tv","8":"tag-actualidad","9":"tag-entertainment","10":"tag-entretenimiento","11":"tag-es","12":"tag-espana","13":"tag-galilea-montijo","14":"tag-spain","15":"tag-tv"},"share_on_mastodon":{"url":"","error":""},"_links":{"self":[{"href":"https:\/\/www.europesays.com\/es\/wp-json\/wp\/v2\/posts\/168180","targetHints":{"allow":["GET"]}}],"collection":[{"href":"https:\/\/www.europesays.com\/es\/wp-json\/wp\/v2\/posts"}],"about":[{"href":"https:\/\/www.europesays.com\/es\/wp-json\/wp\/v2\/types\/post"}],"author":[{"embeddable":true,"href":"https:\/\/www.europesays.com\/es\/wp-json\/wp\/v2\/users\/2"}],"replies":[{"embeddable":true,"href":"https:\/\/www.europesays.com\/es\/wp-json\/wp\/v2\/comments?post=168180"}],"version-history":[{"count":0,"href":"https:\/\/www.europesays.com\/es\/wp-json\/wp\/v2\/posts\/168180\/revisions"}],"wp:featuredmedia":[{"embeddable":true,"href":"https:\/\/www.europesays.com\/es\/wp-json\/wp\/v2\/media\/168181"}],"wp:attachment":[{"href":"https:\/\/www.europesays.com\/es\/wp-json\/wp\/v2\/media?parent=168180"}],"wp:term":[{"taxonomy":"category","embeddable":true,"href":"https:\/\/www.europesays.com\/es\/wp-json\/wp\/v2\/categories?post=168180"},{"taxonomy":"post_tag","embeddable":true,"href":"https:\/\/www.europesays.com\/es\/wp-json\/wp\/v2\/tags?post=168180"}],"curies":[{"name":"wp","href":"https:\/\/api.w.org\/{rel}","templated":true}]}}