{"id":168235,"date":"2025-10-10T20:34:09","date_gmt":"2025-10-10T20:34:09","guid":{"rendered":"https:\/\/www.europesays.com\/es\/168235\/"},"modified":"2025-10-10T20:34:09","modified_gmt":"2025-10-10T20:34:09","slug":"los-horarios-e-itinerarios-de-la-procesion-extraordinaria-del-museo","status":"publish","type":"post","link":"https:\/\/www.europesays.com\/es\/168235\/","title":{"rendered":"Los horarios e itinerarios de la procesi\u00f3n extraordinaria del Museo"},"content":{"rendered":"<p style=\"\"><strong>La hermandad del Museo conmemora en el presente a\u00f1o 2025 su 450 aniversario fundacional.<\/strong> En el mes de noviembre, la corporaci\u00f3n llevar\u00e1 a cabo el acto principal de esta efem\u00e9ride, consistente en la salida extraordinaria del Cristo de la Expiraci\u00f3n y de la Virgen  &#8230; de las Aguas.<\/p>\n<p class=\"voc-p\" style=\"\"><strong>Sevilla podr\u00e1 admirar al Cristo de la Expiraci\u00f3n del Museo y a la Virgen de las Aguas en procesi\u00f3n en un mismo paso<\/strong>, formando una escena del Stabat Mater, una estampa perdida hace m\u00e1s de un siglo, en 1922. El paso del crucificado, en el que ir\u00e1n los titulares, llevar\u00e1n los candelabros de la hermandad de la Cena de Jerez, que en su d\u00eda pertenecieron al Cachorro.<\/p>\n<p class=\"voc-p\" style=\"\">El Museo <strong>ha dado a conocer los horarios e itinerarios del traslado a la Catedral de Sevilla<\/strong> para la celebraci\u00f3n de la misa estacional del 450 aniversario y el de la procesi\u00f3n extraordinaria hasta su capilla.<\/p>\n<p class=\"voc-p\" style=\"\"><strong>El traslado al primer templo metropolitano tendr\u00e1 lugar el viernes 7 de noviembre<\/strong> a partir de las 16.30 horas de la tarde <strong>por el siguiente recorrido:<\/strong> Plaza del Museo, San Vicente, Cardenal Cisneros, Virgen de los Buenos Libros, Teniente Borges, Plaza del Duque, Plaza de la Campana, Sierpes, Cerrajer\u00eda, Cuna, Plaza del Salvador, \u00c1lvarez Quintero, Chapineros, Francos, Placentines, Argote Molina, Alemanes, Cardenal Amigo Vallejo, Plaza Virgen de los Reyes y entrada por la Puerta de Palos a las 21.30 horas de la noche.<\/p>\n<p class=\"voc-p\" style=\"\"><strong>El regreso, en la tarde del 8 de noviembre<\/strong>, tendr\u00e1 el mismo horario de salida y entrada que la ida, de 16.30 horas a 21.30 horas de la noche.<strong> Recorrido:<\/strong> Plaza Virgen de los Reyes, Cardenal Amigo, Alemanes, Hernando Col\u00f3n, Plaza de San Francisco, Plaza Nueva, Tetu\u00e1n, Rioja, Plaza de la Magdalena, San Pablo, Cristo del Calvario, Canalejas, Gravina, Puerta Real, Alfonso XII, Plaza del Museo y entrada.<\/p>\n<p class=\"voc-p\" style=\"\">A la ida, el Museo <strong>visitar\u00e1 la parroquia de San Vicente<\/strong> y transitar\u00e1 por la plaza del Salvador, <strong>mientras que en el regreso pasar\u00e1 por el Ayuntamiento de Sevilla,<\/strong> como antiguamente, alcanzar\u00e1 la parroquia de la Magdalena para regresar a su sede can\u00f3nica por la Plaza del Museo.<\/p>\n<p class=\"voc-p\" style=\"\"><strong>La hermandad ha anunciado que los recorridos  de las dos salidas extraordinarias podr\u00edan variar<\/strong> dependiendo de las obras que est\u00e1n acometi\u00e9ndose en el casco antiguo. <\/p>\n","protected":false},"excerpt":{"rendered":"La hermandad del Museo conmemora en el presente a\u00f1o 2025 su 450 aniversario fundacional. En el mes de&hellip;\n","protected":false},"author":2,"featured_media":168236,"comment_status":"","ping_status":"","sticky":false,"template":"","format":"standard","meta":{"footnotes":""},"categories":[8],"tags":[17,18,25,24,20515,13,14,11,21817,19,20,470,9,10,15,16,36351,31927,23,12,21,22],"class_list":{"0":"post-168235","1":"post","2":"type-post","3":"status-publish","4":"format-standard","5":"has-post-thumbnail","7":"category-espana","8":"tag-breaking-news","9":"tag-breakingnews","10":"tag-es","11":"tag-espana","12":"tag-extraordinaria","13":"tag-featured-news","14":"tag-featurednews","15":"tag-headlines","16":"tag-itinerarios","17":"tag-latest-news","18":"tag-latestnews","19":"tag-museo","20":"tag-news","21":"tag-noticias","22":"tag-noticias-destacadas","23":"tag-noticiasdestacadas","24":"tag-procesion","25":"tag-recorridos","26":"tag-spain","27":"tag-titulares","28":"tag-ultimas-noticias","29":"tag-ultimasnoticias"},"share_on_mastodon":{"url":"","error":""},"_links":{"self":[{"href":"https:\/\/www.europesays.com\/es\/wp-json\/wp\/v2\/posts\/168235","targetHints":{"allow":["GET"]}}],"collection":[{"href":"https:\/\/www.europesays.com\/es\/wp-json\/wp\/v2\/posts"}],"about":[{"href":"https:\/\/www.europesays.com\/es\/wp-json\/wp\/v2\/types\/post"}],"author":[{"embeddable":true,"href":"https:\/\/www.europesays.com\/es\/wp-json\/wp\/v2\/users\/2"}],"replies":[{"embeddable":true,"href":"https:\/\/www.europesays.com\/es\/wp-json\/wp\/v2\/comments?post=168235"}],"version-history":[{"count":0,"href":"https:\/\/www.europesays.com\/es\/wp-json\/wp\/v2\/posts\/168235\/revisions"}],"wp:featuredmedia":[{"embeddable":true,"href":"https:\/\/www.europesays.com\/es\/wp-json\/wp\/v2\/media\/168236"}],"wp:attachment":[{"href":"https:\/\/www.europesays.com\/es\/wp-json\/wp\/v2\/media?parent=168235"}],"wp:term":[{"taxonomy":"category","embeddable":true,"href":"https:\/\/www.europesays.com\/es\/wp-json\/wp\/v2\/categories?post=168235"},{"taxonomy":"post_tag","embeddable":true,"href":"https:\/\/www.europesays.com\/es\/wp-json\/wp\/v2\/tags?post=168235"}],"curies":[{"name":"wp","href":"https:\/\/api.w.org\/{rel}","templated":true}]}}