{"id":168241,"date":"2025-10-10T20:38:08","date_gmt":"2025-10-10T20:38:08","guid":{"rendered":"https:\/\/www.europesays.com\/es\/168241\/"},"modified":"2025-10-10T20:38:08","modified_gmt":"2025-10-10T20:38:08","slug":"previa-ufc-fight-night-oliveira-quiere-resurgir-gamrot-ante-la-oportunidad-de-su-vida-y-el-debut-de-joel-alvarez-en-el-welter","status":"publish","type":"post","link":"https:\/\/www.europesays.com\/es\/168241\/","title":{"rendered":"Previa UFC Fight Night: Oliveira quiere resurgir, Gamrot ante la oportunidad de su vida y el debut de Joel \u00c1lvarez en el welter"},"content":{"rendered":"<p>Tres meses y doce d\u00edas habr\u00e1n pasado cuando Charles \u201cDo Bronx\u201d Oliveira vuelva a subirse al oct\u00f3gono ma\u00f1ana. Ese es el tiempo que ha transcurrido desde que sufri\u00f3 <a href=\"https:\/\/www.vavel.com\/es\/masdeportes\/2025\/06\/26\/1226545-previa-ufc-317-topuria-quiere-historia-oliveira-no-ha-dicho-su-ultima-palabra.html\" rel=\"nofollow noopener\" target=\"_blank\">un brutal nocaut<\/a> a manos del hispano-georgiano <b><a href=\"https:\/\/www.vavel.com\/es\/data\/ilia-topuria\" rel=\"nofollow noopener\" target=\"_blank\">Ilia Topuria.<\/a><\/b> Pelear tan pronto despu\u00e9s de aquel golpe \u2014el primero por K.O. en toda su carrera\u2014 es una <strong>decisi\u00f3n arriesgada<\/strong>, pero al excampe\u00f3n del peso ligero no pareci\u00f3 importarle. Oliveira no dud\u00f3 en ofrecerse como cabeza de cartel para este UFC <strong><a href=\"https:\/\/www.vavel.com\/es\/masdeportes\/2025\/09\/10\/1233318-jean-silva-el-can-que-quiere-seguir-devorando-en-la-noche-ufc.html\" rel=\"nofollow noopener\" target=\"_blank\">Fight Night<\/a><\/strong> que se celebra en su pa\u00eds.<\/p>\n<p>En un principio, su rival iba a ser el ruso <strong><a href=\"https:\/\/www.vavel.com\/es\/masdeportes\/2025\/03\/05\/1215791-justin-gaethje-y-rafael-fiziev-se-citan-en-la-revancha-de-la-violencia.html\" rel=\"nofollow noopener\" target=\"_blank\">Rafael Fiziev,<\/a><\/strong> pero una lesi\u00f3n lo dej\u00f3 fuera a pocas semanas del combate. <strong>El \u00fanico peleador del ranking que acept\u00f3 sustituirlo fue el polaco Mateusz Gamrot<\/strong>, especialista en grappling. Oliveira, que hab\u00eda preparado su campamento enfocado en un oponente de estilo striker, rechaz\u00f3 la propuesta al principio. Sin embargo, tras las burlas de Gamrot en redes sociales \u2014donde lo llam\u00f3 cobarde\u2014 <strong>el brasile\u00f1o termin\u00f3 aceptando el desaf\u00edo.<\/strong><\/p>\n<p><strong><a href=\"https:\/\/www.vavel.com\/es\/masdeportes\/2025\/07\/01\/1226885-ilia-topuria-asciende-al-numero-uno-libra-por-libra-y-se-convierte-en-la-nueva-cara-de-la-ufc.html\" rel=\"nofollow noopener\" target=\"_blank\">Charles Oliveira<\/a><\/strong> (35 a\u00f1os) ostenta un r\u00e9cord profesional de 35 victorias y 11 derrotas. El brasile\u00f1o no necesita presentaci\u00f3n: excampe\u00f3n de la divisi\u00f3n, m\u00e1ximo finalizador de la historia de la UFC y una trayectoria marcada por la superaci\u00f3n constante avalan su leyenda. El luchador nacido en la favela de Vicente de Carvalho cuenta con una dilatada experiencia de lucha enfrent\u00e1ndose a grandes nombres como <strong><a href=\"https:\/\/www.vavel.com\/es\/masdeportes\/2025\/07\/24\/1228481-ilia-topuria-rechaza-a-arman-tsarukyan-como-contendiente-nunca-le-voy-a-dar-una-oportunidad-prefiero-que-me-quiten-el-cinturon.html\" rel=\"nofollow noopener\" target=\"_blank\">Islam Makhachev,<\/a><\/strong> <strong><a href=\"https:\/\/www.vavel.com\/es\/masdeportes\/2025\/07\/21\/1228286-volkanovski-apunta-a-holloway-como-el-proximo-retador-de-topuria-lo-logico-es-que-sea-el-siguiente.html\" rel=\"nofollow noopener\" target=\"_blank\">Dustin Poirier<\/a><\/strong> o Max Holloway. Tras miles de guerras dentro de la jaula,<strong> la edad comienza a notarse<\/strong> y &#8216;Do Bronx&#8217; tras su contundente derrota ante <strong><a href=\"https:\/\/www.vavel.com\/es\/masdeportes\/2025\/09\/14\/1233713-enoc-solves-arrasa-con-darwin-rodriguez-y-se-convierte-en-el-nuevo-campeon-del-peso-semipesado-en-wow-22.html\" rel=\"nofollow noopener\" target=\"_blank\">Ilia Topuria<\/a><\/strong> est\u00e1 <strong>m\u00e1s cerca del retiro que de volver a ser campe\u00f3n.<\/strong><\/p>\n<p><img decoding=\"async\" src=\"https:\/\/www.europesays.com\/es\/wp-content\/uploads\/2025\/10\/Oliveira vs Topuria.jpg\"\/><br \/>\nOliveira recibe un golpe de Topuria. Fuente: Getty Images<\/p>\n<p>Sobre por qu\u00e9 ha aceptado finalmente esta pelea el brasile\u00f1o le confes\u00f3 al periodista Colmenero lo siguiente: \u00abEra un estilo completamente diferente, Fiziev solo quer\u00eda intercambiar conmigo y Mateusz solo quiere agarrar, agarrar y agarrar. Pero soy luchador de MMA, estoy preparado para todos los estilos.\u00bb<\/p>\n<p>Sobre a d\u00f3nde le puede llevar una victoria en este UFC <strong><a href=\"https:\/\/www.vavel.com\/es\/masdeportes\/2025\/09\/10\/1233318-jean-silva-el-can-que-quiere-seguir-devorando-en-la-noche-ufc.html\" rel=\"nofollow noopener\" target=\"_blank\">Fight Night<\/a><\/strong> dijo lo siguiente: <strong>\u00abCreo que siempre que ganamos damos un paso al frente y creo que venciendo hoy y otra pelea a comienzo de a\u00f1o me lleva a otra pelea por el t\u00edtulo.\u00bb<\/strong><\/p>\n<p>Mateusz Gamrot ante la oportunidad de su vida<\/p>\n<p>El luchador polaco de 34 a\u00f1os se encuentra ante <strong>una oportunidad inmejorable<\/strong> para escalar posiciones en el ranking. Mateusz Gamrot, con un r\u00e9cord de 25 victorias, 3 derrotas y 1 combate sin resultado, <strong>ha logrado triunfos de peso ante rivales como <strong><a href=\"https:\/\/www.vavel.com\/es\/masdeportes\/2025\/05\/23\/1223791-arman-tsarukyan-acepta-el-reto-de-paddy-pimblett-tiene-un-nombre-importante-tiene-sentido.html\" rel=\"nofollow noopener\" target=\"_blank\">Arman Tsarukyan<\/a><\/strong><\/strong> o Rafael Fiziev.<\/p>\n<p>Gamrot acept\u00f3 esta pelea con poco tiempo de preparaci\u00f3n tras la lesi\u00f3n del mencionado Fiziev, pero sabe que est\u00e1 frente a la gran oportunidad de su carrera: consolidarse en la zona alta de la divisi\u00f3n del peso ligero. <strong>Su estrategia ser\u00e1 clara: derribar y controlar a Oliveira en el suelo<\/strong>, terreno donde el polaco se siente m\u00e1s c\u00f3modo y en el que buscar\u00e1 imponer su dominio con su caracter\u00edstico grappling.<\/p>\n<p><strong><a href=\"https:\/\/www.vavel.com\/es\/masdeportes\/2025\/06\/23\/1226281-manuel-del-valle-mouzid-las-subidas-y-bajadas-son-bonitas-asi-es-la-vida-que-tu-carrera-profesional-sea-similar-lo-hace-mas-divertido.html\" rel=\"nofollow noopener\" target=\"_blank\">Joel \u00c1lvarez<\/a><\/strong> vs Vicente Luque: La pelea de la noche<\/p>\n<p>Ser\u00e1 la tercera gran pelea de la noche, pero ya es considerada por muchos como \u201cla pelea del pueblo\u201d: un duelo en el que dos guerreros sin miedo a dejarlo todo en la jaula prometen una aut\u00e9ntica guerra.<\/p>\n<p>Joel \u201cEl Fen\u00f3meno\u201d \u00c1lvarez <strong>debutar\u00e1 en la divisi\u00f3n de peso w\u00e9lter<\/strong> tras desarrollar toda su carrera en el peso ligero. El cambio le ha favorecido <a href=\"https:\/\/x.com\/ufc\/status\/1976621648607346805\" rel=\"nofollow\">en el corte de peso<\/a>, ya que no necesita someterse a una p\u00e9rdida extrema \u2014mide 1,91 metros y su peso natural ronda los 89 kilos\u2014. Gracias a ello, ha podido aceptar este combate con <strong>solo tres semanas de preparaci\u00f3n<\/strong>, algo impensable cuando compet\u00eda en la categor\u00eda anterior.<\/p>\n<p>El asturiano llega con un r\u00e9cord profesional de 22 victorias y 3 derrotas, habiendo conseguido todas sus victorias por la v\u00eda del K.O. o la finalizaci\u00f3n. Esta pelea marca el inicio de <strong>una nueva etapa en su carrera<\/strong>: si logra imponerse en Brasil ante un veterano del calibre de <strong><a href=\"https:\/\/www.vavel.com\/es\/masdeportes\/2023\/12\/14\/1166056-previa-ufc-296-leon-edwards-y-alexandre-pantoja-buscaranacabar-el-ano-con-dos-nuevas-defensas.html\" rel=\"nofollow noopener\" target=\"_blank\">Vicente Luque,<\/a><\/strong> podr\u00eda dar el salto definitivo y entrar, en el top 15 del ranking de las 170 libras.<\/p>\n<p><img decoding=\"async\" src=\"https:\/\/www.europesays.com\/es\/wp-content\/uploads\/2025\/10\/Joel \u00c1lvarez da el peso.jpg\"\/><br \/>\nJoel \u00c1lvarez en el pesaje. Fuente: Getty Images<\/p>\n<p>Vicente Luque (33 a\u00f1os) llega con un r\u00e9cord de 23 victorias, 10 derrotas y 1 un empate, decidido a brindar una nueva alegr\u00eda a su afici\u00f3n. El brasile\u00f1o, de ra\u00edces chilenas, no es una presa f\u00e1cil: ha derrotado a rivales de alt\u00edsimo nivel, incluidos peleadores que han sido o llegar\u00edan a ser campeones, como <strong><a href=\"https:\/\/www.vavel.com\/es\/masdeportes\/2025\/05\/21\/1223690-la-nueva-generacion-arrasa-con-el-peso-welter.html\" rel=\"nofollow noopener\" target=\"_blank\">Belal Muhammad,<\/a><\/strong> Tyron Woodley o Rafael Dos Anjos.<\/p>\n<p>Junto a <strong><a href=\"https:\/\/www.vavel.com\/es\/masdeportes\/2025\/06\/23\/1226281-manuel-del-valle-mouzid-las-subidas-y-bajadas-son-bonitas-asi-es-la-vida-que-tu-carrera-profesional-sea-similar-lo-hace-mas-divertido.html\" rel=\"nofollow noopener\" target=\"_blank\">Joel \u00c1lvarez<\/a><\/strong>, <strong>han prometido ofrecer espect\u00e1culo<\/strong> y acci\u00f3n en el oct\u00f3gono de R\u00edo de Janeiro, en una de las peleas m\u00e1s esperadas de la noche.<\/p>\n","protected":false},"excerpt":{"rendered":"Tres meses y doce d\u00edas habr\u00e1n pasado cuando Charles \u201cDo Bronx\u201d Oliveira vuelva a subirse al oct\u00f3gono ma\u00f1ana.&hellip;\n","protected":false},"author":2,"featured_media":168242,"comment_status":"","ping_status":"","sticky":false,"template":"","format":"standard","meta":{"footnotes":""},"categories":[276],"tags":[6054,168,25,24,39986,49169,23,167,343,19740],"class_list":{"0":"post-168241","1":"post","2":"type-post","3":"status-publish","4":"format-standard","5":"has-post-thumbnail","7":"category-ufc","8":"tag-charles-oliveira","9":"tag-deportes","10":"tag-es","11":"tag-espana","12":"tag-joel-alvarez","13":"tag-mateusz-gamrot","14":"tag-spain","15":"tag-sports","16":"tag-ufc","17":"tag-vicente-luque"},"share_on_mastodon":{"url":"","error":""},"_links":{"self":[{"href":"https:\/\/www.europesays.com\/es\/wp-json\/wp\/v2\/posts\/168241","targetHints":{"allow":["GET"]}}],"collection":[{"href":"https:\/\/www.europesays.com\/es\/wp-json\/wp\/v2\/posts"}],"about":[{"href":"https:\/\/www.europesays.com\/es\/wp-json\/wp\/v2\/types\/post"}],"author":[{"embeddable":true,"href":"https:\/\/www.europesays.com\/es\/wp-json\/wp\/v2\/users\/2"}],"replies":[{"embeddable":true,"href":"https:\/\/www.europesays.com\/es\/wp-json\/wp\/v2\/comments?post=168241"}],"version-history":[{"count":0,"href":"https:\/\/www.europesays.com\/es\/wp-json\/wp\/v2\/posts\/168241\/revisions"}],"wp:featuredmedia":[{"embeddable":true,"href":"https:\/\/www.europesays.com\/es\/wp-json\/wp\/v2\/media\/168242"}],"wp:attachment":[{"href":"https:\/\/www.europesays.com\/es\/wp-json\/wp\/v2\/media?parent=168241"}],"wp:term":[{"taxonomy":"category","embeddable":true,"href":"https:\/\/www.europesays.com\/es\/wp-json\/wp\/v2\/categories?post=168241"},{"taxonomy":"post_tag","embeddable":true,"href":"https:\/\/www.europesays.com\/es\/wp-json\/wp\/v2\/tags?post=168241"}],"curies":[{"name":"wp","href":"https:\/\/api.w.org\/{rel}","templated":true}]}}