{"id":168245,"date":"2025-10-10T20:41:09","date_gmt":"2025-10-10T20:41:09","guid":{"rendered":"https:\/\/www.europesays.com\/es\/168245\/"},"modified":"2025-10-10T20:41:09","modified_gmt":"2025-10-10T20:41:09","slug":"israel-premier-tech-pide-30-millones-de-euros-a-derek-gee-esta-situacion-contradice-los-valores-del-deporte-mas-deportes","status":"publish","type":"post","link":"https:\/\/www.europesays.com\/es\/168245\/","title":{"rendered":"Israel Premier Tech pide 30 millones de euros a Derek Gee: \u00abEsta situaci\u00f3n contradice los valores del deporte\u00bb | M\u00e1s deportes"},"content":{"rendered":"<p>Hace cerca de tres meses Derek Gee comunic\u00f3 al Israel Premier Tech que no continuar\u00eda compitiendo para ellos. El corredor de Ottawa iba en un principio a formar parte de La Vuelta, pero antes de que la ronda espa\u00f1ola empezara se plant\u00f3. Hasta ah\u00ed lleg\u00f3 su paciencia. \u00abCiertos problemas simplemente hicieron inviable mi continuidad en el equipo\u00bb, dijo el ciclista, mostrando el malestar que sent\u00eda compitiendo para el Israel Premier Tech. <\/p>\n<p>M\u00e1s informaci\u00f3n<\/p>\n<p>Sin embargo, Derek no sab\u00eda que un infierno estaba a punto de comenzar en su vida tras tomar esta decisi\u00f3n. Ahora, a trav\u00e9s de la red social X, ha comunicado que el IPT ahora le reclama 30 millones de euros. Una cifra absolutamente desorbitada aunque sea un ciclista de \u00e9lite. \u00abDeseo confirmar que mi contrato con el Israel Premier Tech ha sido formal y legalmente rescindido por mis representantes. No ha sido una decisi\u00f3n sencilla, pero s\u00ed el resultado de una reflexi\u00f3n profunda y de motivos plenamente justificados\u00bb, ha puntualizado el ciclista.<\/p>\n<p>\u00abRescind\u00ed mi contrato por una causa justa\u00bb<\/p>\n<p>En su comunicado, Gee no se limit\u00f3 a defender su postura: quiso tambi\u00e9n hacer visible el trasfondo humano de su decisi\u00f3n. \u00abRescind\u00ed mi contrato por una causa justa, como puede hacerlo cualquier persona cuando las condiciones laborales dejan de ser sostenibles. No tom\u00e9 la decisi\u00f3n a la ligera; fue fruto de una relaci\u00f3n irreparable con el director del equipo, adem\u00e1s de profundas preocupaciones sobre mi seguridad y sobre convicciones personales que pesaban mucho en mi conciencia\u00bb, a\u00f1adi\u00f3.<\/p>\n<p>El ciclista tambi\u00e9n denunci\u00f3 la desorbitada cifra que el equipo le reclama tras su marcha: \u00abEntiendo que el equipo lo vea de otra forma, pero me enfrento a una demanda por da\u00f1os que supera los 30 millones de euros, solo por ejercer mis derechos fundamentales como profesional y como persona. No son las cifras ni las situaciones que uno imagina cuando sue\u00f1a con ser ciclista. Creo que todo esto va en contra de los valores que el deporte deber\u00eda defender. Estas acciones reflejan, adem\u00e1s, los mismos problemas que provocaron la ruptura desde el principio\u00bb.<\/p>\n<p>Gee lleg\u00f3 al entonces Israel Cycling Academy en 2022, y en apenas tres temporadas se convirti\u00f3 en una de las referencias del equipo. En este 2025 firm\u00f3 uno de los mejores a\u00f1os de su carrera: conquist\u00f3 O Gran Cami\u00f1o, fue cuarto en la Tirreno-Adri\u00e1tico, tercero en el Tour de los Alpes y roz\u00f3 el podio en el Giro de Italia, donde termin\u00f3 cuarto antes de proclamarse campe\u00f3n de Canad\u00e1 en ruta.<\/p>\n<p>Su marcha, por tanto, no solo marca el final de un contrato, sino el cierre de una etapa que, para Gee, parece haber pesado m\u00e1s en lo personal que en lo deportivo.<\/p>\n","protected":false},"excerpt":{"rendered":"Hace cerca de tres meses Derek Gee comunic\u00f3 al Israel Premier Tech que no continuar\u00eda compitiendo para ellos.&hellip;\n","protected":false},"author":2,"featured_media":168246,"comment_status":"","ping_status":"","sticky":false,"template":"","format":"standard","meta":{"footnotes":""},"categories":[273],"tags":[1765,313,312,168,25,24,23,167,1766],"class_list":{"0":"post-168245","1":"post","2":"type-post","3":"status-publish","4":"format-standard","5":"has-post-thumbnail","7":"category-ciclismo","8":"tag-bestof","9":"tag-ciclismo","10":"tag-cycling","11":"tag-deportes","12":"tag-es","13":"tag-espana","14":"tag-spain","15":"tag-sports","16":"tag-topix"},"share_on_mastodon":{"url":"","error":""},"_links":{"self":[{"href":"https:\/\/www.europesays.com\/es\/wp-json\/wp\/v2\/posts\/168245","targetHints":{"allow":["GET"]}}],"collection":[{"href":"https:\/\/www.europesays.com\/es\/wp-json\/wp\/v2\/posts"}],"about":[{"href":"https:\/\/www.europesays.com\/es\/wp-json\/wp\/v2\/types\/post"}],"author":[{"embeddable":true,"href":"https:\/\/www.europesays.com\/es\/wp-json\/wp\/v2\/users\/2"}],"replies":[{"embeddable":true,"href":"https:\/\/www.europesays.com\/es\/wp-json\/wp\/v2\/comments?post=168245"}],"version-history":[{"count":0,"href":"https:\/\/www.europesays.com\/es\/wp-json\/wp\/v2\/posts\/168245\/revisions"}],"wp:featuredmedia":[{"embeddable":true,"href":"https:\/\/www.europesays.com\/es\/wp-json\/wp\/v2\/media\/168246"}],"wp:attachment":[{"href":"https:\/\/www.europesays.com\/es\/wp-json\/wp\/v2\/media?parent=168245"}],"wp:term":[{"taxonomy":"category","embeddable":true,"href":"https:\/\/www.europesays.com\/es\/wp-json\/wp\/v2\/categories?post=168245"},{"taxonomy":"post_tag","embeddable":true,"href":"https:\/\/www.europesays.com\/es\/wp-json\/wp\/v2\/tags?post=168245"}],"curies":[{"name":"wp","href":"https:\/\/api.w.org\/{rel}","templated":true}]}}