{"id":16825,"date":"2025-07-31T17:44:12","date_gmt":"2025-07-31T17:44:12","guid":{"rendered":"https:\/\/www.europesays.com\/es\/16825\/"},"modified":"2025-07-31T17:44:12","modified_gmt":"2025-07-31T17:44:12","slug":"el-juez-procesa-al-cabecilla-de-los-petazetaz-por-dos-violaciones-a-una-misma-joven-a-la-que-drogo-y-grabo-en-video","status":"publish","type":"post","link":"https:\/\/www.europesays.com\/es\/16825\/","title":{"rendered":"El juez procesa al cabecilla de los Petazetaz por dos violaciones a una misma joven, a la que drog\u00f3 y grab\u00f3 en v\u00eddeo"},"content":{"rendered":"<p><img decoding=\"async\" class=\"voc-author__img\" src=\"https:\/\/www.europesays.com\/es\/wp-content\/uploads\/2025\/07\/autor-1076-foto-7.jpeg\" alt=\"Carlos Hidalgo\"\/><\/p>\n<p>31\/07\/2025<br \/>\n<br \/><strong><br \/>\nActualizado a las 18:44h.<br \/>\n<\/strong><\/p>\n<p class=\"voc-p\" style=\"\">El titular del juzgado de Instrucci\u00f3n n\u00famero 6 de Madrid ha firmado un auto por el que procesa a Jos\u00e9 Hern\u00e1n A. G., el cabecilla del d\u00fao de <a href=\"https:\/\/www.abc.es\/espana\/madrid\/entrevista-ivan-petazetaz-arrepiento-hice-malo-solo-20240529100000-nt.html\" target=\"_self\" data-voc-vtm-id=\"in-text-traffic\" title=\"&#039;influencers&#039; Petazetaz\" data-mrf-link=\"www.abc.es\" rel=\"nofollow noopener\">&#8216;influencers&#8217; Petazetaz<\/a> por dos delitos de agresi\u00f3n sexual con penetraci\u00f3n y otro de revelaci\u00f3n de secretos. Se trata de solo uno de los casos en los que se encuentra investigado este sujeto; su compa\u00f1ero en Instagram y TikTok, Iv\u00e1n G. M., no est\u00e1 en esta causa, pues ha declarado incluso en contra de \u00e9l, por lo que su papel ha sido sobrese\u00eddo al colaborar con la justicia.<\/p>\n<p class=\"voc-p\" style=\"\">Seg\u00fan el relato de hechos, el 8 de mayo de 2023, una chica fue con unos amigos e Iv\u00e1n desde una discoteca a casa de Hern\u00e1n, en Vallecas. La joven iba bajo los efectos del alcohol y de las drogas que le dio el imputado. Ya en el piso, aprovech\u00e1ndose del estado de ella, la llev\u00f3 por la fuerza a la cocina y la viol\u00f3 en la mesa. <\/p>\n<p class=\"voc-p\" style=\"\">Interrumpi\u00f3 la agresi\u00f3n sexual por c\u00f3mo se encontraba la v\u00edctima. La llev\u00f3 al cuarto de ba\u00f1o, donde vomit\u00f3, y le ech\u00f3 agua para reanimarla. Ella se acost\u00f3 en la cama y, al depertarse un rato despu\u00e9s, Hern\u00e1n la drog\u00f3 de nuevo y otra vez la viol\u00f3 en la cocina, siempre seg\u00fan el escrito judicial, al que ha tenido acceso ABC.<\/p>\n<p class=\"voc-p\" style=\"\">No contento con ello, grab\u00f3 con su tel\u00e9fono las relaciones sexuales y mostr\u00f3 el v\u00eddeo a varias personas, entre otras a una tercera joven; Iv\u00e1n, su entonces amigo, tambi\u00e9n pudo ver las im\u00e1genes a traves de otra gente. El rastro de la grabaci\u00f3n ha desaparecido aunque s\u00ed consta un fotograma en el sumario del caso.  <\/p>\n<p class=\"voc-p\" style=\"\"><a href=\"https:\/\/www.abc.es\/espana\/madrid\/petazetaz-abandonara-prision-soto-tras-retirar-victima-20240909132124-nt.html\" target=\"_self\" data-voc-vtm-id=\"in-text-traffic\" title=\"En los casos de los Petazetaz\" rel=\"nofollow noopener\">En los casos de los Petazetaz<\/a>, el &#8216;modus operandi&#8217;, seg\u00fan la Polic\u00eda, consist\u00eda en quedar con las chicas, echarles &#8216;chorris&#8217; (que es como denominaban al GHB, una potente droga sint\u00e9tica) en su bebida y agredirlas sexualmente. En el suceso que hoy nos ocupa, la joven pidi\u00f3 al encausado una Coca-Cola, refresco en el que verti\u00f3 la sustancia. <\/p>\n<p class=\"voc-p\" style=\"\">El procesado tiene opci\u00f3n de recurrir el resultado del presente auto y volver\u00e1 a declarar en la misma sede de Plaza de Castilla el 16 de septiembre. Adem\u00e1s, le ordena abonar 6.000 euros para asegurar su responsabilidad econ\u00f3mica de cara a una previsible condena.<\/p>\n<p>Reportar un error<\/p>\n","protected":false},"excerpt":{"rendered":"31\/07\/2025 Actualizado a las 18:44h. El titular del juzgado de Instrucci\u00f3n n\u00famero 6 de Madrid ha firmado un&hellip;\n","protected":false},"author":2,"featured_media":16826,"comment_status":"","ping_status":"","sticky":false,"template":"","format":"standard","meta":{"footnotes":""},"categories":[80],"tags":[82,10723,95,94,25,24,1664,10864,10863,23,3033],"class_list":{"0":"post-16825","1":"post","2":"type-post","3":"status-publish","4":"format-standard","5":"has-post-thumbnail","7":"category-economia","8":"tag-business","9":"tag-cabecilla","10":"tag-economia","11":"tag-economy","12":"tag-es","13":"tag-espana","14":"tag-juez","15":"tag-petazetaz","16":"tag-procesa","17":"tag-spain","18":"tag-violacion"},"share_on_mastodon":{"url":"","error":""},"_links":{"self":[{"href":"https:\/\/www.europesays.com\/es\/wp-json\/wp\/v2\/posts\/16825","targetHints":{"allow":["GET"]}}],"collection":[{"href":"https:\/\/www.europesays.com\/es\/wp-json\/wp\/v2\/posts"}],"about":[{"href":"https:\/\/www.europesays.com\/es\/wp-json\/wp\/v2\/types\/post"}],"author":[{"embeddable":true,"href":"https:\/\/www.europesays.com\/es\/wp-json\/wp\/v2\/users\/2"}],"replies":[{"embeddable":true,"href":"https:\/\/www.europesays.com\/es\/wp-json\/wp\/v2\/comments?post=16825"}],"version-history":[{"count":0,"href":"https:\/\/www.europesays.com\/es\/wp-json\/wp\/v2\/posts\/16825\/revisions"}],"wp:featuredmedia":[{"embeddable":true,"href":"https:\/\/www.europesays.com\/es\/wp-json\/wp\/v2\/media\/16826"}],"wp:attachment":[{"href":"https:\/\/www.europesays.com\/es\/wp-json\/wp\/v2\/media?parent=16825"}],"wp:term":[{"taxonomy":"category","embeddable":true,"href":"https:\/\/www.europesays.com\/es\/wp-json\/wp\/v2\/categories?post=16825"},{"taxonomy":"post_tag","embeddable":true,"href":"https:\/\/www.europesays.com\/es\/wp-json\/wp\/v2\/tags?post=16825"}],"curies":[{"name":"wp","href":"https:\/\/api.w.org\/{rel}","templated":true}]}}