{"id":168251,"date":"2025-10-10T20:44:09","date_gmt":"2025-10-10T20:44:09","guid":{"rendered":"https:\/\/www.europesays.com\/es\/168251\/"},"modified":"2025-10-10T20:44:09","modified_gmt":"2025-10-10T20:44:09","slug":"herzog-suple-a-suarez-con-viti-de-extremo-para-el-asalto-de-los-carmenes","status":"publish","type":"post","link":"https:\/\/www.europesays.com\/es\/168251\/","title":{"rendered":"Herzog suple a Su\u00e1rez con Viti de extremo para el asalto de Los C\u00e1rmenes"},"content":{"rendered":"<p class=\"ft-text\"><strong>Herzog por \u00c1lex Su\u00e1rez<\/strong>. Nueve jornadas, nueve once titulares. El estratega ovetense de la UD Las Palmas apuesta por el tinerfe\u00f1o en detrimento del zaguero de Tamaraceite, que regresa al banquillo. Dinko Horkas, Marvin Park, Herzog, Barcia, Enrique Clemente, Enzo, Amatucci, Gil, Fuster, Viti y Ale Garc\u00eda <a class=\"ft-link ft-link--decoration\" href=\"https:\/\/www.laprovincia.es\/ud-las-palmas\/2025\/10\/10\/vida-ud-palmas-jese-viera-122483256.html\" rel=\"nofollow noopener\" target=\"_blank\">conforman el noveno once del t\u00e9cnico &#8216;p\u00edo p\u00edo&#8217;, que puede alcanzar el liderato si tumban al Granada en Los C\u00e1rmenes (desde las 19.30 horas, TVC)<\/a>. Cabe recordar que <strong>Jes\u00e9 Rodr\u00edguez, Jonathan Viera, Mika M\u00e1rmol, Lukovic, Cede\u00f1o y Sandro Ram\u00edrez se pierden la contienda<\/strong>.<\/p>\n<p class=\"ft-text\">Por parte del <strong>cuadro nazar\u00ed<\/strong>, Iker Garc\u00eda, Casades\u00fas, Lama, \u00d3scar, Diallo, Sergio Ruiz, Alcaraz, Alema\u00f1, Sola, Pascual y Faye. La \u00faltima victoria de la UD en Los C\u00e1rmenes se remonta al 17 de febrero de 1985 con un gol de Benito Morales. Los amarillos son el mejor visitante de la competici\u00f3n de plata con dos victorias y un empate. Es el menos batido con la condici\u00f3n de for\u00e1neo al recibir un tanto ante el C\u00f3rdoba en el Nuevo Arc\u00e1ngel.<\/p>\n","protected":false},"excerpt":{"rendered":"Herzog por \u00c1lex Su\u00e1rez. Nueve jornadas, nueve once titulares. El estratega ovetense de la UD Las Palmas apuesta&hellip;\n","protected":false},"author":2,"featured_media":168252,"comment_status":"","ping_status":"","sticky":false,"template":"","format":"standard","meta":{"footnotes":""},"categories":[268],"tags":[168,25,24,280,282,49171,531,556,281,23,167,9248,49172,49173,27782,4407,4406],"class_list":{"0":"post-168251","1":"post","2":"type-post","3":"status-publish","4":"format-standard","5":"has-post-thumbnail","7":"category-futbol","8":"tag-deportes","9":"tag-es","10":"tag-espana","11":"tag-football","12":"tag-futbol","13":"tag-herzog","14":"tag-once","15":"tag-palmas","16":"tag-soccer","17":"tag-spain","18":"tag-sports","19":"tag-suarez","20":"tag-suple","21":"tag-tamaraceite","22":"tag-tvc","23":"tag-ud","24":"tag-ud-las-palmas"},"share_on_mastodon":{"url":"","error":""},"_links":{"self":[{"href":"https:\/\/www.europesays.com\/es\/wp-json\/wp\/v2\/posts\/168251","targetHints":{"allow":["GET"]}}],"collection":[{"href":"https:\/\/www.europesays.com\/es\/wp-json\/wp\/v2\/posts"}],"about":[{"href":"https:\/\/www.europesays.com\/es\/wp-json\/wp\/v2\/types\/post"}],"author":[{"embeddable":true,"href":"https:\/\/www.europesays.com\/es\/wp-json\/wp\/v2\/users\/2"}],"replies":[{"embeddable":true,"href":"https:\/\/www.europesays.com\/es\/wp-json\/wp\/v2\/comments?post=168251"}],"version-history":[{"count":0,"href":"https:\/\/www.europesays.com\/es\/wp-json\/wp\/v2\/posts\/168251\/revisions"}],"wp:featuredmedia":[{"embeddable":true,"href":"https:\/\/www.europesays.com\/es\/wp-json\/wp\/v2\/media\/168252"}],"wp:attachment":[{"href":"https:\/\/www.europesays.com\/es\/wp-json\/wp\/v2\/media?parent=168251"}],"wp:term":[{"taxonomy":"category","embeddable":true,"href":"https:\/\/www.europesays.com\/es\/wp-json\/wp\/v2\/categories?post=168251"},{"taxonomy":"post_tag","embeddable":true,"href":"https:\/\/www.europesays.com\/es\/wp-json\/wp\/v2\/tags?post=168251"}],"curies":[{"name":"wp","href":"https:\/\/api.w.org\/{rel}","templated":true}]}}