{"id":168257,"date":"2025-10-10T20:47:14","date_gmt":"2025-10-10T20:47:14","guid":{"rendered":"https:\/\/www.europesays.com\/es\/168257\/"},"modified":"2025-10-10T20:47:14","modified_gmt":"2025-10-10T20:47:14","slug":"candido-martinez-presenta-sombras-y-llamas-el-renacer-dragon","status":"publish","type":"post","link":"https:\/\/www.europesays.com\/es\/168257\/","title":{"rendered":"Candido Mart\u00ednez presenta Sombras y Llamas. El Renacer Drag\u00f3n"},"content":{"rendered":"<p>(Informaci\u00f3n remitida por la entidad que la firma:)<\/p>\n<p>El escritor Candido Mart\u00ednez Guerrero nos invita a sumergirnos en el mundo de la fantas\u00eda con su obra <b>\u201cSombras y Llamas. El Renacer del Drag\u00f3n\u201d<\/b>, un libro que ha sido fruto de a\u00f1os de dedicaci\u00f3n y pasi\u00f3n por la lectura y la escritura.<\/p>\n<p>Candido comenz\u00f3 su trayectoria literaria en 2014, y desde entonces ha trabajado con constancia y esfuerzo en la creaci\u00f3n de esta novela, un proyecto que inici\u00f3 como un pasatiempo y que finalmente se ha convertido en una obra publicada que refleja su visi\u00f3n y creatividad. \u201cMe cost\u00f3 escribirla; hab\u00eda veces que borraba todo y volv\u00eda a empezar, pero siempre con la misma historia, incluyendo alg\u00fan personaje nuevo\u201d, comenta el autor.<\/p>\n<p>Los personajes, seg\u00fan explica Candido, llevan consigo rasgos de su propia personalidad, lo que a\u00f1ade autenticidad y cercan\u00eda a la narrativa. La obra est\u00e1 dirigida especialmente a su familia, amigos y, sobre todo, a \u00e9l mismo, como testimonio del esfuerzo y la constancia invertidos en este proyecto: \u201cSaber que he escrito y publicado un libro me llena de orgullo y, sobre todo, poder compartirlo con la gente\u201d, asegura.<\/p>\n<p>\u201cSombras y Llamas. El Renacer del Drag\u00f3n\u201d ofrece a los lectores una historia fascinante donde se mezclan h\u00e9roes, superaci\u00f3n de dificultades y criaturas m\u00e1gicas, en el cl\u00e1sico esp\u00edritu de la literatura fant\u00e1stica. Aunque comenz\u00f3 como una forma de entretenimiento, el libro se ha convertido en una experiencia literaria que invita a so\u00f1ar y a explorar mundos imaginarios llenos de aventuras.<\/p>\n<p>Con esta obra, Candido Mart\u00ednez Guerrero confirma que la pasi\u00f3n por la lectura y la escritura puede transformarse en un proyecto tangible y enriquecedor, que conecta tanto con el autor como con quienes se adentran en sus p\u00e1ginas.<\/p>\n<p>SINOPSIS<\/p>\n<p><b>C\u00e1ndido Mart\u00ednez Guerrero<\/b> naci\u00f3 en Madrid, Espa\u00f1a. Empez\u00f3 a escribir Sombras y llamas: El renacer del drag\u00f3n en 2014, durante sus ratos libres, como una forma de entretenimiento y escape.<\/p>\n<p>Lo que comenz\u00f3 siendo un pasatiempo pronto se convirti\u00f3 en una pasi\u00f3n por contar historias llenas de fantas\u00eda, fuego y esperanza.<\/p>\n<p>Con un estilo directo y una imaginaci\u00f3n desbordante, C\u00e1ndido nos invita a descubrir un mundo donde los dragones vuelan de nuevo y los h\u00e9roes nacen del sacrificio. Este es su primer libro, y tambi\u00e9n el inicio de una trilog\u00eda \u00e9pica que promete emociones, batallas y personajes inolvidables.<\/p>\n<p>AUTOR<\/p>\n<p>Lance llevaba una vida sencilla en Eldoria hasta que encontr\u00f3 aquel huevo. No sab\u00eda que dentro lat\u00eda algo m\u00e1s que una criatura m\u00e1gica: era el principio del fin de su mundo.<\/p>\n<p>Cuando Drakus rompi\u00f3 la c\u00e1scara, los enemigos llegaron con \u00e9l. Su hogar ardi\u00f3. Su familia qued\u00f3 atr\u00e1s. Y su destino dej\u00f3 de ser suyo.<\/p>\n<p>Ahora, con un drag\u00f3n a su lado y un reino al borde del colapso, Lance tendr\u00e1 que aprender a pelear, a confiar en aliados inesperados y a entender qu\u00e9 significa el poder que corre por sus venas. Pero cada batalla le recuerda que no hay h\u00e9roes sin sacrificios\u2026 y que algunos secretos deber\u00edan haber permanecido enterrados.<\/p>\n<p>Sombras y llamas. El renacer del drag\u00f3n es una historia de guerra, magia y decisiones imposibles. Porque cuando las sombras avanzan, solo el fuego puede detenerlas.<\/p>\n<p><b>Contacto&#13;<br \/>\n<\/b><a href=\"https:\/\/efecomunica.efe.com\/candido-martinez-guerrero-presenta-sombras-y-llamas-el-renacer-del-dragon\/mailto:prensa@editorialcirculorojo.com\" rel=\"nofollow noopener\" target=\"_blank\">prensa@editorialcirculorojo.com<\/a> \u00a0\u00a0\u00a0\u00a0\u00a0\u00a0\u00a0\u00a0\u00a0\u00a0\u00a0\u00a0\u00a0\u00a0\u00a0\u00a0\u00a0\u00a0\u00a0\u00a0\u00a0\u00a0\u00a0\u00a0\u00a0\u00a0\u00a0\u00a0\u00a0\u00a0\u00a0\u00a0\u00a0\u00a0\u00a0 &#13;<br \/>\n<a href=\"http:\/\/www.editorialcirculorojo.com\/\" rel=\"nofollow noopener\" target=\"_blank\">Editorial C\u00edrculo Rojo<\/a><\/p>\n<p>\u00a0<\/p>\n<p>AGENCIA EFE S.A.U.,S.M.E. no se hace responsable de la informaci\u00f3n que contiene este mensaje y no asume responsabilidad alguna frente a terceros sobre su \u00edntegro contenido, quedando igualmente exonerada de la responsabilidad de la entidad autora de este. Agencia EFE se reserva el derecho a distribuir el comunicado de prensa dentro de la l\u00ednea informativa, o bien a publicarlo en EFE Comunica. <\/p>\n","protected":false},"excerpt":{"rendered":"(Informaci\u00f3n remitida por la entidad que la firma:) El escritor Candido Mart\u00ednez Guerrero nos invita a sumergirnos en&hellip;\n","protected":false},"author":2,"featured_media":168258,"comment_status":"","ping_status":"","sticky":false,"template":"","format":"standard","meta":{"footnotes":""},"categories":[172],"tags":[224,146,147,25,24,225,23],"class_list":{"0":"post-168257","1":"post","2":"type-post","3":"status-publish","4":"format-standard","5":"has-post-thumbnail","7":"category-libros","8":"tag-books","9":"tag-entertainment","10":"tag-entretenimiento","11":"tag-es","12":"tag-espana","13":"tag-libros","14":"tag-spain"},"share_on_mastodon":{"url":"","error":""},"_links":{"self":[{"href":"https:\/\/www.europesays.com\/es\/wp-json\/wp\/v2\/posts\/168257","targetHints":{"allow":["GET"]}}],"collection":[{"href":"https:\/\/www.europesays.com\/es\/wp-json\/wp\/v2\/posts"}],"about":[{"href":"https:\/\/www.europesays.com\/es\/wp-json\/wp\/v2\/types\/post"}],"author":[{"embeddable":true,"href":"https:\/\/www.europesays.com\/es\/wp-json\/wp\/v2\/users\/2"}],"replies":[{"embeddable":true,"href":"https:\/\/www.europesays.com\/es\/wp-json\/wp\/v2\/comments?post=168257"}],"version-history":[{"count":0,"href":"https:\/\/www.europesays.com\/es\/wp-json\/wp\/v2\/posts\/168257\/revisions"}],"wp:featuredmedia":[{"embeddable":true,"href":"https:\/\/www.europesays.com\/es\/wp-json\/wp\/v2\/media\/168258"}],"wp:attachment":[{"href":"https:\/\/www.europesays.com\/es\/wp-json\/wp\/v2\/media?parent=168257"}],"wp:term":[{"taxonomy":"category","embeddable":true,"href":"https:\/\/www.europesays.com\/es\/wp-json\/wp\/v2\/categories?post=168257"},{"taxonomy":"post_tag","embeddable":true,"href":"https:\/\/www.europesays.com\/es\/wp-json\/wp\/v2\/tags?post=168257"}],"curies":[{"name":"wp","href":"https:\/\/api.w.org\/{rel}","templated":true}]}}