{"id":168265,"date":"2025-10-10T20:51:25","date_gmt":"2025-10-10T20:51:25","guid":{"rendered":"https:\/\/www.europesays.com\/es\/168265\/"},"modified":"2025-10-10T20:51:25","modified_gmt":"2025-10-10T20:51:25","slug":"joan-garcia-pone-la-primera-fecha-a-su-regreso","status":"publish","type":"post","link":"https:\/\/www.europesays.com\/es\/168265\/","title":{"rendered":"Joan Garcia pone la primera fecha a su regreso"},"content":{"rendered":"<p class=\"ft-text\">Joan Garcia es uno de los muchos nombres que tiene Hansi Flick en la enfermer\u00eda. <strong>El portero de Sallent se rompi\u00f3 en la \u00faltima jugada ante el Oviedo y termin\u00f3 pasando por quir\u00f3fano.<\/strong> Una de las bajas m\u00e1s sensibles que tienen los azulgranas y los aficionados ya esperan su regreso a la porter\u00eda.<\/p>\n<p class=\"ft-text\">Durante su recuperaci\u00f3n, el portero aprovech\u00f3 para ir a ver el encuentro entre<strong> FC Barcelona y Valencia Basket en el Palau Blaugrana junto a Eric Garcia.<\/strong> Los dos son grandes aficionados al baloncesto y, al no ir convocados con la selecci\u00f3n, han podido acudir a ver la Euroliga.<\/p>\n<p class=\"ft-text\">En un tiempo muerto, Joan Garcia hizo una aproximaci\u00f3n de cu\u00e1ndo ser\u00e1 su vuelta a los terrenos de juego: <strong>\u00abLa rodilla va bien, todo bien. S\u00ed, un mes m\u00e1s o menos. Iremos viendo c\u00f3mo avanzo, pero por ahora va todo bien\u00bb,<\/strong> explic\u00f3 en Movistar Plus.<\/p>\n<p class=\"ft-text\">Con ese tiempo que indic\u00f3 el portero, se quedar\u00eda fuera del cl\u00e1sico del pr\u00f3ximo 26 de octubre, el pr\u00f3ximo gran compromiso del Bar\u00e7a. Tras su lesi\u00f3n, se esperaba que pudiese llegar muy justo, pero las declaraciones de Joan Garcia pueden variar los tempos de su vuelta.<\/p>\n<p class=\"ft-text\">Por tanto, si se cumple el tiempo de baja, Szczensy deber\u00eda jugar el encuentro en el Bernab\u00e9u, partido que \u00e9l ya explic\u00f3 que no esperaba jugar: <strong>\u00abLe deseo una pronta recuperaci\u00f3n y no cuento para nada en jugar el Cl\u00e1sico\u00bb, en declaraciones a &#8216;WP Sportowe Fakty&#8217;.<\/strong><\/p>\n<p class=\"ft-text\">Los futbolistas azulgranas aprovecharon para ver el encuentro de baloncesto, aunque Joan Garcia confes\u00f3 que el m\u00e1s fan\u00e1tico de los dos es el central de Martorell: \u00ab<strong>Me gusta, pero no tanto como Eric. Le gusta m\u00e1s. Nunca hab\u00eda estado tan cerca de la pista y lo estoy disfrutando mucho\u00bb.<\/strong><\/p>\n<p class=\"ft-text\">El central catal\u00e1n s\u00ed que es un gran apasionado del baloncesto y se lo ha visto m\u00e1s de una vez en el Palau.<strong> Eric tampoco se march\u00f3 con la selecci\u00f3n y aprovech\u00f3 para animar a su equipo: \u00abMe gusta ver mucho basket. Siempre que puedo intento venir, hay muy buen ambiente y esperemos con victoria\u00bb.<\/strong><\/p>\n<p class=\"ft-text\">Aunque el defensa confes\u00f3 ser muy amigo de Isaac Nogu\u00e9s, escolta del Valencia Basket, en el encuentro entre ambos no hab\u00eda dudas de con quien iba: <strong>\u00abNo, yo soy del Bar\u00e7a. En eso no hay colores\u00bb.<\/strong><\/p>\n","protected":false},"excerpt":{"rendered":"Joan Garcia es uno de los muchos nombres que tiene Hansi Flick en la enfermer\u00eda. El portero de&hellip;\n","protected":false},"author":2,"featured_media":168266,"comment_status":"","ping_status":"","sticky":false,"template":"","format":"standard","meta":{"footnotes":""},"categories":[93],"tags":[168,25,24,1151,3142,5170,883,1150,1078,23,167],"class_list":{"0":"post-168265","1":"post","2":"type-post","3":"status-publish","4":"format-standard","5":"has-post-thumbnail","7":"category-deportes","8":"tag-deportes","9":"tag-es","10":"tag-espana","11":"tag-fecha","12":"tag-garcia","13":"tag-joan","14":"tag-joan-garcia","15":"tag-pone","16":"tag-primera","17":"tag-spain","18":"tag-sports"},"share_on_mastodon":{"url":"","error":""},"_links":{"self":[{"href":"https:\/\/www.europesays.com\/es\/wp-json\/wp\/v2\/posts\/168265","targetHints":{"allow":["GET"]}}],"collection":[{"href":"https:\/\/www.europesays.com\/es\/wp-json\/wp\/v2\/posts"}],"about":[{"href":"https:\/\/www.europesays.com\/es\/wp-json\/wp\/v2\/types\/post"}],"author":[{"embeddable":true,"href":"https:\/\/www.europesays.com\/es\/wp-json\/wp\/v2\/users\/2"}],"replies":[{"embeddable":true,"href":"https:\/\/www.europesays.com\/es\/wp-json\/wp\/v2\/comments?post=168265"}],"version-history":[{"count":0,"href":"https:\/\/www.europesays.com\/es\/wp-json\/wp\/v2\/posts\/168265\/revisions"}],"wp:featuredmedia":[{"embeddable":true,"href":"https:\/\/www.europesays.com\/es\/wp-json\/wp\/v2\/media\/168266"}],"wp:attachment":[{"href":"https:\/\/www.europesays.com\/es\/wp-json\/wp\/v2\/media?parent=168265"}],"wp:term":[{"taxonomy":"category","embeddable":true,"href":"https:\/\/www.europesays.com\/es\/wp-json\/wp\/v2\/categories?post=168265"},{"taxonomy":"post_tag","embeddable":true,"href":"https:\/\/www.europesays.com\/es\/wp-json\/wp\/v2\/tags?post=168265"}],"curies":[{"name":"wp","href":"https:\/\/api.w.org\/{rel}","templated":true}]}}