{"id":168269,"date":"2025-10-10T20:53:11","date_gmt":"2025-10-10T20:53:11","guid":{"rendered":"https:\/\/www.europesays.com\/es\/168269\/"},"modified":"2025-10-10T20:53:11","modified_gmt":"2025-10-10T20:53:11","slug":"susanna-griso-ya-tiene-todo-listo-para-su-boda-con-luis-enriquez-un-enlace-informal-en-la-costa-brava-familia-supernumerosa-y-una-pedida-a-las-5-de-la-manana","status":"publish","type":"post","link":"https:\/\/www.europesays.com\/es\/168269\/","title":{"rendered":"Susanna Griso ya tiene todo listo para su boda con Luis Enr\u00edquez: un enlace informal en la Costa Brava, familia supernumerosa y una pedida \u00a1a las 5 de la ma\u00f1ana!"},"content":{"rendered":"<p>Griso reside en un bonito chal\u00e9 una urbanizaci\u00f3n cercana a San Sebasti\u00e1n de los Reyes y all\u00ed lo hace con dos de sus hijos. Con <a href=\"https:\/\/www.revistavanityfair.es\/sociedad\/articulos\/susanna-griso-separacion-marido-carles-torra-hijos\/48158\" rel=\"nofollow noopener\" target=\"_blank\">el que fuera su marido durante dos d\u00e9cadas, <strong>el empresario y productor Carles Torras<\/strong><\/a><strong>,<\/strong> tiene tres hijos y adem\u00e1s es madre de acogida de un joven de origen ghan\u00e9s llamado <strong>Koudus<\/strong>, que lleg\u00f3 a su familia hace cinco a\u00f1os y que ya vive fuera del domicilio familiar. \u00ab<strong>\u00c9l ya vuela solo. Est\u00e1 pluriempleado y le van muy bien las cosas.<\/strong> Es muy trabajador y su gran ilusi\u00f3n es adoptar un ni\u00f1o en Ghana y tra\u00e9rselo el d\u00eda de ma\u00f1ana\u00bb, ha contado la periodista.<\/p>\n<p>Con Torras tuvo dos hijos biol\u00f3gicos, <strong>Jan y Mireia.<\/strong> El mayor, de 22 a\u00f1os, vive en Francia donde estudia en La Sorbona. \u00abEs un chaval impresionante, <strong>con la cabeza muy bien amueblada, culto, con unas ganas de aprender tremendas,<\/strong> lo lee todo, tiene muchas inquietudes intelectuales\u00bb, dec\u00eda Susanna en el p\u00f3dcast Dramma Queen. Su hija, de 19 a\u00f1os, ha pasado un tiempo en Estados Unidos y ahora vive con su madre en Madrid donde estudia Pol\u00edtica y Econom\u00eda. \u00abEs un genio, E<strong>scribe muy bien desde peque\u00f1a<\/strong>\u00ab, comentaba en el mismo canal.<\/p>\n<p>Adem\u00e1s, en 2018 el matrimonio adopt\u00f3 a Dorcette, que ya tiene 12 a\u00f1os. El proceso para conseguir la custodia de la ni\u00f1a fue muy largo, sin embargo, ha sido una de las decisiones m\u00e1s bonitas de su vida. Toda la familia fue a buscarla a Costa de Marfil para que sus hermanos conocieran su lugar de origen. Susanna y su primer marido anunciaron su separaci\u00f3n en 2020 y en noviembre de 2021 se desvel\u00f3 su relaci\u00f3n con <strong><a href=\"https:\/\/www.revistavanityfair.es\/sociedad\/articulos\/cayetana-alvarez-de-toledo-y-su-ex-joaquin-guell-dos-buenos-amigos-en-el-funeral-de-jaime-carvajal-hoyos\/46558\" rel=\"nofollow noopener\" target=\"_blank\">Joaqu\u00edn G\u00fcell<\/a>,<\/strong> exmarido de <a href=\"https:\/\/www.revistavanityfair.es\/poder\/articulos\/cayetana-alvarez-de-toledo\/37612\" rel=\"nofollow noopener\" target=\"_blank\"><strong>Cayetana \u00c1lvarez de Toledo<\/strong><\/a>, con quien estuvo menos de un a\u00f1o. En 2022 Susanna rehizo su vida junto a \u00cd\u00f1igo Af\u00e1n de Ribera, empresario sevillano.<\/p>\n","protected":false},"excerpt":{"rendered":"Griso reside en un bonito chal\u00e9 una urbanizaci\u00f3n cercana a San Sebasti\u00e1n de los Reyes y all\u00ed lo&hellip;\n","protected":false},"author":2,"featured_media":168270,"comment_status":"","ping_status":"","sticky":false,"template":"","format":"standard","meta":{"footnotes":""},"categories":[91],"tags":[3164,146,147,25,24,23,30447],"class_list":{"0":"post-168269","1":"post","2":"type-post","3":"status-publish","4":"format-standard","5":"has-post-thumbnail","7":"category-entretenimiento","8":"tag-bodas","9":"tag-entertainment","10":"tag-entretenimiento","11":"tag-es","12":"tag-espana","13":"tag-spain","14":"tag-susanna-griso"},"share_on_mastodon":{"url":"","error":""},"_links":{"self":[{"href":"https:\/\/www.europesays.com\/es\/wp-json\/wp\/v2\/posts\/168269","targetHints":{"allow":["GET"]}}],"collection":[{"href":"https:\/\/www.europesays.com\/es\/wp-json\/wp\/v2\/posts"}],"about":[{"href":"https:\/\/www.europesays.com\/es\/wp-json\/wp\/v2\/types\/post"}],"author":[{"embeddable":true,"href":"https:\/\/www.europesays.com\/es\/wp-json\/wp\/v2\/users\/2"}],"replies":[{"embeddable":true,"href":"https:\/\/www.europesays.com\/es\/wp-json\/wp\/v2\/comments?post=168269"}],"version-history":[{"count":0,"href":"https:\/\/www.europesays.com\/es\/wp-json\/wp\/v2\/posts\/168269\/revisions"}],"wp:featuredmedia":[{"embeddable":true,"href":"https:\/\/www.europesays.com\/es\/wp-json\/wp\/v2\/media\/168270"}],"wp:attachment":[{"href":"https:\/\/www.europesays.com\/es\/wp-json\/wp\/v2\/media?parent=168269"}],"wp:term":[{"taxonomy":"category","embeddable":true,"href":"https:\/\/www.europesays.com\/es\/wp-json\/wp\/v2\/categories?post=168269"},{"taxonomy":"post_tag","embeddable":true,"href":"https:\/\/www.europesays.com\/es\/wp-json\/wp\/v2\/tags?post=168269"}],"curies":[{"name":"wp","href":"https:\/\/api.w.org\/{rel}","templated":true}]}}