{"id":168273,"date":"2025-10-10T20:55:10","date_gmt":"2025-10-10T20:55:10","guid":{"rendered":"https:\/\/www.europesays.com\/es\/168273\/"},"modified":"2025-10-10T20:55:10","modified_gmt":"2025-10-10T20:55:10","slug":"gonzalez-byass-tio-pepe-anuncia-despidos-en-sus-sociedades-por-la-caida-del-consumo-de-vino-el-mundo","status":"publish","type":"post","link":"https:\/\/www.europesays.com\/es\/168273\/","title":{"rendered":"Gonz\u00e1lez Byass (T\u00edo Pepe) anuncia despidos en sus sociedades por la ca\u00edda del consumo de vino &#8211; El Mundo"},"content":{"rendered":"<ol>\n<li><a href=\"https:\/\/news.google.com\/rss\/articles\/CBMiiAFBVV95cUxNdWVJN2dNOHNXWXY4dmVlNVBqLXA4Z1A3S3g1Mnh2dzdRZElMaUJZd0tUQUxCRVBDbThWQVBqWG84bDVhSEstZmdKbkFoTU4wOUxhZTA4S2JaRnNnQzdfbXNGbkhYQ2ROQktpczhWd3dkWE1yclI0UndhSEE1aEdJQWdXS2kxRUxW0gGIAUFVX3lxTE9sR3RHOW1mQ1g5amVHeE4ySUxmd0d3dmFnV3BuZEpmUWZIeC1jYTQwUFhJRTA2RXRfT0ZIWVV3S1UyWUNlVVo2b09yX3pGV3hjN0YzS19aUl9yaHJtbmxpZFhXaVFLRmlUV2NGOGc2WU5QVzJlMmluZzBBYkZ6cEhOdkFnb0hpVkc?oc=5\" target=\"_blank\" rel=\"nofollow noopener\">Gonz\u00e1lez Byass (T\u00edo Pepe) anuncia despidos en sus sociedades por la ca\u00edda del consumo de vino<\/a>&nbsp;&nbsp;El Mundo<\/li>\n<li><a href=\"https:\/\/news.google.com\/rss\/articles\/CBMirwFBVV95cUxOWVhLWmtkVHEweDZsMUdKUTc4dW1DZlZjMU5panNiN0ZxUk9jYzlyWi1CaGJaRTZzTVB6LXhvNFdZeWdLakNQR2RXczRwRl9DeVRPdFk4c1B6ZDl3RE1FQ1J6UXZnaE1raGloREJtSVl4RzZ6RnBKTkFmakw0a29oSFJxNW93UW9IMTVoNC05QWJ1VVVvbGRTeXZnVXc3NkZUMmd4RGFfbDVkRnZFaVlv?oc=5\" target=\"_blank\" rel=\"nofollow noopener\">El due\u00f1o del vino T\u00edo Pepe anuncia despidos como parte de su plan de reestructuraci\u00f3n<\/a>&nbsp;&nbsp;El Confidencial<\/li>\n<li><a href=\"https:\/\/news.google.com\/rss\/articles\/CBMi7AFBVV95cUxQWHNGV0VJOXp1V2dQdUVRTnJrTDlFcUdoMThyWXU5YWI3N0pWWXoyTVlYRXRXT3UwWThCemd6blJxeFRoTUFVb0YzTGdnTm5FQWJsUVVoVzBvaVh4aW1RMXhfaW85UWZTWGR1Q0dfcmE2bndTS3VQNmUyNDV3bk5mSlhWX2FXUDhDa0MtcUpfbjZ5RGIybk8xemx1czVZR3dDZ3FBdS0tLTg3RVdQVmF4bmd1Q09aUjIyMkdNTk9XMjh5azAzaXROMjNRd0FsWW9mTHF6bjE2d2RBQkdraTNWMGdhNmlBTG5rTmJpTdIBgAJBVV95cUxPeWV1VDFJdVdadnJZOU9xYk54V2VSelNHelVrWVJnMHpfODdWYXNqVmJvQ1NsZWhXNkd5aWU0bnVXVWp5WmlkTU9JMmZtaTBQU1Y1bVp1ZGl3RVFNSGN5YTRwTUFMNnJyS1dsS202ME1MU2ZJLUdRYlJuNGZlb21kcW1KWW1mNWJjRTlEQjRORHF3WUM5eHdRNFo5ZHp2N1VQVFRqMGxURjB1OVhYVW9KR2FldkM3VzFNNkxEaG5aR2RlUlBlTnR3SzJQOGJwRjBrdGdQd01yLWJ5SHFDWmk1NzBvTDJETmZfVDdnaDhqZWVycXVidzh3WGh0TUpGUHVN?oc=5\" target=\"_blank\" rel=\"nofollow noopener\">Gonz\u00e1lez Byass anuncia una \u00abreestructuraci\u00f3n\u00bb en su plantilla para adaptarse a \u00abla realidad del mercado\u00bb<\/a>&nbsp;&nbsp;Cadena SER<\/li>\n<li><a href=\"https:\/\/news.google.com\/rss\/articles\/CBMisAFBVV95cUxPRVBfTi1GU28xZ2h6TkRUQnd5WXNjak00MTZZc01ham1ja1RETkc3ZkFjekw3dG1MRURZWktXUnloQjVIVEJ3UkpzRjJWaTVRQmdoTUJMM1puS2w3SHp6c1o5dUg4YlY3aW1CS1ljRFZTdEdHTDdyRXlfOGVZRVo3Sk94eWhybWZLX2xxVkZRdS03anRtX1hYTjh1b3pqOTNSbDk5Z1BPUzNWSWw2OU9RZA?oc=5\" target=\"_blank\" rel=\"nofollow noopener\">T\u00edo Pepe presenta un ERE para sobrevivir a la inflaci\u00f3n y a la subida de las materias primas<\/a>&nbsp;&nbsp;La Voz Digital<\/li>\n<li><a href=\"https:\/\/news.google.com\/rss\/articles\/CBMirwFBVV95cUxQNnZsVzN6LUNlbFpkMml3YzNrbGVYNndNelhYSVJMaFd2YkRQaUFNWFRxUVFCLWtjcG84MGxoS3pOQXJaZGZLTGNEUmwtVlItUWJPdi1BcEN6QkhLWU85QzRsN08yX3AySFZaNkdycWdpVkZMUHdsUG5PUmhmNnVoeTdtQmJuQlpSbVRZeE53WWswS2JQTlBBWklEa2pMcjVVdTVWb1IxQkZvMHZoelZR0gG0AUFVX3lxTE4zX0MtREtELXhoblBOVGpkTGhyS2ZaNFNuTHh2bzkxVkRwelp4dzZhdnAwajZ6dGltcldEcVhhenMtS1U0Z3pPTGxzdkFiR2RfUmFmdzhPd3J0RVRHaTZ6RnFtVjhaZmFCV0swSUlLUHppeTd0ekpRNjZ1X0ZYT0dVYURvZHphb3B1VTFhUk45b09oenJOMzVKMUtuWk5RcE1Ob0hRTkFsM0JLdE5maThKTjhBUA?oc=5\" target=\"_blank\" rel=\"nofollow noopener\">Gonz\u00e1lez Byass negocia un ajuste de plantilla y la venta de activos en plena crisis del sector<\/a>&nbsp;&nbsp;El Conciso<\/li>\n<\/ol>\n","protected":false},"excerpt":{"rendered":"Gonz\u00e1lez Byass (T\u00edo Pepe) anuncia despidos en sus sociedades por la ca\u00edda del consumo de vino&nbsp;&nbsp;El Mundo El&hellip;\n","protected":false},"author":2,"featured_media":168274,"comment_status":"","ping_status":"","sticky":false,"template":"","format":"standard","meta":{"footnotes":""},"categories":[80],"tags":[82,95,21199,94,25,24,23],"class_list":{"0":"post-168273","1":"post","2":"type-post","3":"status-publish","4":"format-standard","5":"has-post-thumbnail","7":"category-economia","8":"tag-business","9":"tag-economia","10":"tag-economia-empresas","11":"tag-economy","12":"tag-es","13":"tag-espana","14":"tag-spain"},"share_on_mastodon":{"url":"","error":""},"_links":{"self":[{"href":"https:\/\/www.europesays.com\/es\/wp-json\/wp\/v2\/posts\/168273","targetHints":{"allow":["GET"]}}],"collection":[{"href":"https:\/\/www.europesays.com\/es\/wp-json\/wp\/v2\/posts"}],"about":[{"href":"https:\/\/www.europesays.com\/es\/wp-json\/wp\/v2\/types\/post"}],"author":[{"embeddable":true,"href":"https:\/\/www.europesays.com\/es\/wp-json\/wp\/v2\/users\/2"}],"replies":[{"embeddable":true,"href":"https:\/\/www.europesays.com\/es\/wp-json\/wp\/v2\/comments?post=168273"}],"version-history":[{"count":0,"href":"https:\/\/www.europesays.com\/es\/wp-json\/wp\/v2\/posts\/168273\/revisions"}],"wp:featuredmedia":[{"embeddable":true,"href":"https:\/\/www.europesays.com\/es\/wp-json\/wp\/v2\/media\/168274"}],"wp:attachment":[{"href":"https:\/\/www.europesays.com\/es\/wp-json\/wp\/v2\/media?parent=168273"}],"wp:term":[{"taxonomy":"category","embeddable":true,"href":"https:\/\/www.europesays.com\/es\/wp-json\/wp\/v2\/categories?post=168273"},{"taxonomy":"post_tag","embeddable":true,"href":"https:\/\/www.europesays.com\/es\/wp-json\/wp\/v2\/tags?post=168273"}],"curies":[{"name":"wp","href":"https:\/\/api.w.org\/{rel}","templated":true}]}}