{"id":168277,"date":"2025-10-10T20:57:08","date_gmt":"2025-10-10T20:57:08","guid":{"rendered":"https:\/\/www.europesays.com\/es\/168277\/"},"modified":"2025-10-10T20:57:08","modified_gmt":"2025-10-10T20:57:08","slug":"eso-no-es-informacion-es-que-tengo-el-pelo-blanco","status":"publish","type":"post","link":"https:\/\/www.europesays.com\/es\/168277\/","title":{"rendered":"&#8216;Eso no es informaci\u00f3n, es que tengo el pelo blanco&#8217;"},"content":{"rendered":"<p>La publicaci\u00f3n <a href=\"https:\/\/www.huffingtonpost.es\/politica\/las-claves-interrogatorio-juez-angel-hurtado-fiscal-general-filtro-correo-rotundamente.html\" rel=\"nofollow noopener\" target=\"_blank\">del diario El Pa\u00eds del v\u00eddeo<\/a> del<b> interrogatorio al jefe de gabinete de la presidenta Isabel D\u00edaz Ayuso, Miguel \u00c1ngel Rodr\u00edguez<\/b>, como testigo de la trama de\u00a0<a href=\"https:\/\/www.huffingtonpost.es\/politica\/el-novio-ayuso-defraudo-350951-euros-hacienda-gracias-facturas-falsas-empresas-pantallabr.html\" rel=\"nofollow noopener\" target=\"_blank\">fraude fiscal de m\u00e1s de 350.000 euros<\/a> que rodea a\u00a0Alberto Gonz\u00e1lez Amador, el novio de la presidenta de la Coumunidad de Madrid, Isabel D\u00edaz Ayuso, <b>ha dado mucho de qu\u00e9 hablar.<\/b><\/p>\n<p>Durante su interrogatorio ante el juez \u00c1ngel Hurtado, en una de las salas del Tribunal Supremo, el jefe de gabinete de la presidenta Isabel D\u00edaz Ayuso <b>ha reconocido sentado en el banquillo<\/b> que no hay pruebas de que el fiscal general retirase el pacto por \u00ab\u00f3rdenes de arriba\u00bb, <b>sino que solo se trataba de \u00abuna suposici\u00f3n\u00bb suya.<\/b><\/p>\n<p>En medio de la investigaci\u00f3n al fiscal general del Estado, \u00c1lvaro Garc\u00eda Ortiz, por <b>un supuesto caso de revelaci\u00f3n de secretos que afecta a\u00a0Gonz\u00e1lez Amador<\/b>, Rodr\u00edguez ha negado en los tribunales que\u00a0el ministerio p\u00fablico hubiese ofrecido un acuerdo al empresario, pero que \u00e9ste hubiese retirado <a href=\"https:\/\/www.huffingtonpost.es\/politica\/miguel-angel-rodriguez-llega-supremo-testificar-caso-garcia-ortiz.html\" rel=\"nofollow noopener\" target=\"_blank\">su propuesta de pacto por \u00ab\u00f3rdenes de arriba\u00bb<\/a>, <b>algo que s\u00ed que Rodr\u00edguez dio a entender en un principio.<\/b><\/p>\n<p>\u00abA la \u00faltima parte del mensaje de texto que aparece en la noticia de prensa que dice: &#8216;<b>Es la Fiscal\u00eda la que ofrece el acuerdo en principio, despu\u00e9s recibe \u00f3rdenes de arriba y retira la propuesta de acuerdo. Todo sucio&#8217;<\/b>.\u00a0Me refiero a esa afirmaci\u00f3n en particular. \u00bfQu\u00e9 tipo de informaci\u00f3n o en base a qu\u00e9 afirma o plantea este mensaje?\u00bb, le ha preguntado la fiscal a Rodr\u00edguez.<\/p>\n<p><b>\u00abEso no es informaci\u00f3n, es que tengo el pelo blanco. <\/b>Quiero decir que llevo muchos a\u00f1os en este \u00e1mbito y puedo intuir, colegir, adivinar qu\u00e9 est\u00e1 pasando en el mundo pol\u00edtico, sobre todo con un \u00f3rgano tan respetable como el Ministerio Fiscal, que est\u00e1 jerarquizado y colegiado. De ah\u00ed nace esta afirmaci\u00f3n. <b>No tengo una informaci\u00f3n concreta\u00bb<\/b>, ha contestado el testigo.<\/p>\n<p><b>\u00ab\u00bfUna suposici\u00f3n que hace usted?\u00bb<\/b>, ha querido entonces asegurar la fiscal, repregunt\u00e1ndole a\u00a0Miguel \u00c1ngel Rodr\u00edguez con el objetivo de dejar la respuesta clara, a lo que Rodr\u00edguez ha contestado con un rotundo<b> \u00abs\u00ed\u00bb.<\/b><\/p>\n","protected":false},"excerpt":{"rendered":"La publicaci\u00f3n del diario El Pa\u00eds del v\u00eddeo del interrogatorio al jefe de gabinete de la presidenta Isabel&hellip;\n","protected":false},"author":2,"featured_media":168278,"comment_status":"","ping_status":"","sticky":false,"template":"","format":"standard","meta":{"footnotes":""},"categories":[8],"tags":[17,18,25,24,13,14,11,3515,2128,19,20,8811,9,10,15,16,23,12,21,22],"class_list":{"0":"post-168277","1":"post","2":"type-post","3":"status-publish","4":"format-standard","5":"has-post-thumbnail","7":"category-espana","8":"tag-breaking-news","9":"tag-breakingnews","10":"tag-es","11":"tag-espana","12":"tag-featured-news","13":"tag-featurednews","14":"tag-headlines","15":"tag-isabel-diaz-ayuso","16":"tag-juicios","17":"tag-latest-news","18":"tag-latestnews","19":"tag-miguel-angel-rodriguez","20":"tag-news","21":"tag-noticias","22":"tag-noticias-destacadas","23":"tag-noticiasdestacadas","24":"tag-spain","25":"tag-titulares","26":"tag-ultimas-noticias","27":"tag-ultimasnoticias"},"share_on_mastodon":{"url":"","error":""},"_links":{"self":[{"href":"https:\/\/www.europesays.com\/es\/wp-json\/wp\/v2\/posts\/168277","targetHints":{"allow":["GET"]}}],"collection":[{"href":"https:\/\/www.europesays.com\/es\/wp-json\/wp\/v2\/posts"}],"about":[{"href":"https:\/\/www.europesays.com\/es\/wp-json\/wp\/v2\/types\/post"}],"author":[{"embeddable":true,"href":"https:\/\/www.europesays.com\/es\/wp-json\/wp\/v2\/users\/2"}],"replies":[{"embeddable":true,"href":"https:\/\/www.europesays.com\/es\/wp-json\/wp\/v2\/comments?post=168277"}],"version-history":[{"count":0,"href":"https:\/\/www.europesays.com\/es\/wp-json\/wp\/v2\/posts\/168277\/revisions"}],"wp:featuredmedia":[{"embeddable":true,"href":"https:\/\/www.europesays.com\/es\/wp-json\/wp\/v2\/media\/168278"}],"wp:attachment":[{"href":"https:\/\/www.europesays.com\/es\/wp-json\/wp\/v2\/media?parent=168277"}],"wp:term":[{"taxonomy":"category","embeddable":true,"href":"https:\/\/www.europesays.com\/es\/wp-json\/wp\/v2\/categories?post=168277"},{"taxonomy":"post_tag","embeddable":true,"href":"https:\/\/www.europesays.com\/es\/wp-json\/wp\/v2\/tags?post=168277"}],"curies":[{"name":"wp","href":"https:\/\/api.w.org\/{rel}","templated":true}]}}