{"id":168283,"date":"2025-10-10T21:00:07","date_gmt":"2025-10-10T21:00:07","guid":{"rendered":"https:\/\/www.europesays.com\/es\/168283\/"},"modified":"2025-10-10T21:00:07","modified_gmt":"2025-10-10T21:00:07","slug":"curro-vazquez-el-regreso-del-maestro-a-los-74-anos-dude-mucho-me-daba-verguenza-pisar-el-ruedo-o-caerme-el-mundo","status":"publish","type":"post","link":"https:\/\/www.europesays.com\/es\/168283\/","title":{"rendered":"Curro V\u00e1zquez, el regreso del maestro a los 74 a\u00f1os: &quot;Dud\u00e9 mucho. Me daba verg\u00fcenza pisar el ruedo o caerme&quot; &#8211; El Mundo"},"content":{"rendered":"<ol>\n<li><a href=\"https:\/\/news.google.com\/rss\/articles\/CBMigwFBVV95cUxPanUyQU9SaW0taXdPMHZMMzZ6RGdhVC1GM1N2MEdUdjlLdzFLNmFEdjNuNy1RNElRbGJzLU43dFo0WDJEd3BPcWtQbjlHSTVoSTM2NWZnRktTWjByYjRJR0lHd3RrT0gzLTZ4Q3VxeGhJOHY2MmNnNUVpTnlwbllfaTB4SdIBgwFBVV95cUxQN2kzVWFiUEVuNVhfcWw5NkJObVNEME5HNjVOalFzMEV2Vk9YTzBxZkt3XzJob0QyRjg1WW5IOHZWbkZvLUtCclk4X2gxVE4zSWRPd25qbVlHc2JUOTFPNUtDV1paUUZBX3E0ZER6bGNGcndnRDhqTlczUFU5YkszLXJXZw?oc=5\" target=\"_blank\" rel=\"nofollow noopener\">Curro V\u00e1zquez, el regreso del maestro a los 74 a\u00f1os: \u00abDud\u00e9 mucho. Me daba verg\u00fcenza pisar el ruedo o caerme\u00bb<\/a>&nbsp;&nbsp;El Mundo<\/li>\n<li><a href=\"https:\/\/news.google.com\/rss\/articles\/CBMipAFBVV95cUxOMjg0aVM2OHR4NG1SbFpfbWJ3TjJkR2dvcG95MkRpWHFHRFp2enprUlFZUDBBLXRRVTl5MzhGU0hELWdMVTdkZjVfbHZrVlRSWG5VN2ozcUpGcU5PZkM4OGRNNkFXMWw1THBvcTFTeTFHLWcyQ3RRNWthRHU3enR0MnhwNWE4akhUZkFmOVlYT1RaZ1VGaXVjQzJuSFNBenR6SFdoedIBqgFBVV95cUxNNEFWeW9UelJiZVBLVGYwbXZZZUYzc203RUQzcVdSakpPTUZ2eldnN2xSR3djMVhHeFNna1F0Y1d1M2hvRWZnSFdIRnR4OEpxci1Kd1NKbnRXWWROalVBSFZ1Z1BwbWwwYy1oVF9xVE14QnBuRmpuU2xlNXR2U0pUbW9Jdm9pNGFHWG04amRpd2FRUHhyY2NDQUlNV1VtRG0tV2xVLXBIbXoxUQ?oc=5\" target=\"_blank\" rel=\"nofollow noopener\">\u00bfY si fuera posible volver a ver torear a Curro V\u00e1zquez?<\/a>&nbsp;&nbsp;El Confidencial<\/li>\n<li><a href=\"https:\/\/news.google.com\/rss\/articles\/CBMiogFBVV95cUxObHFYUTY1OWpqSFl2R2hSSW4yaGZ4c2taRDNaOWtiMDMtNmsza0cxVG9FUDVISExhN0pObU9aNzBpdXRJV1V6WjI4dDBxRXFCaHNjMklkU1BGenB3UVpNcVdkNW1tejh6UGpDTTBpazlNdnFNRmtqa0wyY3FGRUtCVE00WG0tamQ0N2xtNGp4eEgwNkM4ZGxtMXRBMWtHRExqUEE?oc=5\" target=\"_blank\" rel=\"nofollow noopener\">Curro V\u00e1zquez vuelve a Las Ventas con 74 a\u00f1os: \u00abA la gente joven le hace ilusi\u00f3n ver a un torero de otra \u00e9poca\u00bb<\/a>&nbsp;&nbsp;ABC<\/li>\n<li><a href=\"https:\/\/news.google.com\/rss\/articles\/CBMiiwFBVV95cUxPSEQxMDVqT2Y5UGRqUGJJa3RBenY2M3ZrdjJBcjdKOHdEa083TEh4ZlpOS3VlYUJEY0FBc1hEb0NQTlZwYTkza3lTNEtPY0phZUtNZlVfb0xKMVVoQ2FkOWp3eVN6MmVubkd5VG9nZElSa1FmVG5wZnM4czhmWG11b1k2SlZRdkJBVmZz?oc=5\" target=\"_blank\" rel=\"nofollow noopener\">Otros tiempos, otros hombres, otros toreros<\/a>&nbsp;&nbsp;mundotoro.com<\/li>\n<li><a href=\"https:\/\/news.google.com\/rss\/articles\/CBMiygFBVV95cUxOcmZTa2ZHa1NfNzNWeDZ1SjkzYmttYUI2cVoxSE5fakFRd05XMjRFTW9LTDVuVjl6R2RadzdLTXNOTENydkVwbHBpa2g4a1BPOWs0a3YyaF96ZG1IZU5jM1ZoaTRNeEppQ2x5bjBsR1g1eWZQcmx1eE85NnpjRy1udFhqbHN5ZTRIcWJrUy1OWEhES0tqQjZYMkNRS0xmODk3ZjlMUDcwMUVfV3hlVWdzdzBpSnNSRlBVZnZpTk5QM2hNdmNCako4Tjd30gHeAUFVX3lxTE5kSEVnMl9YcjktaHRDQXVEd2w5dGREUFlfMWo3Smh4MUNOTndNVmlpeEVMNjEyemVhc19jVG84SFEtLV8yaTVkbFNKU3htY1ROZFdOMmFCdERYMUlNdlJhT25HcHhtcTFsTDJrOEJFQzFWWVFPTUdweFNXSXl0WmRnaEp5Qm5hYi1xb0Z3c3YzU1A4YTZOQXJ0TkE4NnpHWUgtNTU4Tl9ac2dnbG1ZTThEazhCVlRiakQ5bkxtWTBxZVg4ZGpZczBIU0k3UGwwNWlsTFpTVzdIZjM2S1ppQQ?oc=5\" target=\"_blank\" rel=\"nofollow noopener\">Curro V\u00e1zquez: \u00abVolver a Las Ventas me da p\u00e1nico, pero ten\u00eda que estar\u00bb<\/a>&nbsp;&nbsp;La Raz\u00f3n<\/li>\n<\/ol>\n","protected":false},"excerpt":{"rendered":"Curro V\u00e1zquez, el regreso del maestro a los 74 a\u00f1os: \u00abDud\u00e9 mucho. Me daba verg\u00fcenza pisar el ruedo&hellip;\n","protected":false},"author":2,"featured_media":168284,"comment_status":"","ping_status":"","sticky":false,"template":"","format":"standard","meta":{"footnotes":""},"categories":[277],"tags":[373,168,25,24,44827,49181,23,167,374],"class_list":{"0":"post-168283","1":"post","2":"type-post","3":"status-publish","4":"format-standard","5":"has-post-thumbnail","7":"category-toreo","8":"tag-bullfighting","9":"tag-deportes","10":"tag-es","11":"tag-espana","12":"tag-nlpremium","13":"tag-papel-lideres","14":"tag-spain","15":"tag-sports","16":"tag-toreo"},"share_on_mastodon":{"url":"","error":""},"_links":{"self":[{"href":"https:\/\/www.europesays.com\/es\/wp-json\/wp\/v2\/posts\/168283","targetHints":{"allow":["GET"]}}],"collection":[{"href":"https:\/\/www.europesays.com\/es\/wp-json\/wp\/v2\/posts"}],"about":[{"href":"https:\/\/www.europesays.com\/es\/wp-json\/wp\/v2\/types\/post"}],"author":[{"embeddable":true,"href":"https:\/\/www.europesays.com\/es\/wp-json\/wp\/v2\/users\/2"}],"replies":[{"embeddable":true,"href":"https:\/\/www.europesays.com\/es\/wp-json\/wp\/v2\/comments?post=168283"}],"version-history":[{"count":0,"href":"https:\/\/www.europesays.com\/es\/wp-json\/wp\/v2\/posts\/168283\/revisions"}],"wp:featuredmedia":[{"embeddable":true,"href":"https:\/\/www.europesays.com\/es\/wp-json\/wp\/v2\/media\/168284"}],"wp:attachment":[{"href":"https:\/\/www.europesays.com\/es\/wp-json\/wp\/v2\/media?parent=168283"}],"wp:term":[{"taxonomy":"category","embeddable":true,"href":"https:\/\/www.europesays.com\/es\/wp-json\/wp\/v2\/categories?post=168283"},{"taxonomy":"post_tag","embeddable":true,"href":"https:\/\/www.europesays.com\/es\/wp-json\/wp\/v2\/tags?post=168283"}],"curies":[{"name":"wp","href":"https:\/\/api.w.org\/{rel}","templated":true}]}}