{"id":168295,"date":"2025-10-10T21:08:17","date_gmt":"2025-10-10T21:08:17","guid":{"rendered":"https:\/\/www.europesays.com\/es\/168295\/"},"modified":"2025-10-10T21:08:17","modified_gmt":"2025-10-10T21:08:17","slug":"el-inusual-posado-de-jennifer-lopez-con-sus-mellizos-de-17-anos-por-que-esta-vez-ha-sido-diferente","status":"publish","type":"post","link":"https:\/\/www.europesays.com\/es\/168295\/","title":{"rendered":"El inusual posado de Jennifer Lopez con sus mellizos de 17 a\u00f1os, \u00bfpor qu\u00e9 esta vez ha sido diferente?"},"content":{"rendered":"<p> <img src=\"https:\/\/www.europesays.com\/es\/wp-content\/uploads\/2025\/10\/83dca667fd68-gettyimages-2239239787.jpg\"   width=\"1080\" height=\"1800\" loading=\"lazy\" decoding=\"async\" alt=\"Jennifer Lopez posa con sus hijos en el estreno de Kiss of the Spider Woman en Nueva York el 6 de octubre de 2025\" fetchpriority=\"auto\" class=\"image ho-image\"\/>\u00a9 Getty Images<\/p>\n<p id=\"eQ75s5_cUJ\" data-wc=\"150\">Los mellizos de Jennifer Lopez y Marc Anthony, que ya tienen 17 a\u00f1os, sab\u00edan que <a class=\"hm-link ho-link\" href=\"https:\/\/www.hola.com\/actualidad\/20251007860065\/jennifer-lopez-y-ben-affleck-reaparecen-juntos-tras-divorcio\/\" data-mrf-recirculation=\"article-body-link\" rel=\"nofollow noopener\" target=\"_blank\">el estreno de su nueva pel\u00edcula<\/a> era importante para la artista. Por eso, no se lo pensaron dos veces y rompieron su &#8216;regla&#8217; de no pisar el photocall. Desde luego, la ocasi\u00f3n lo merec\u00eda. El beso de la mujer ara\u00f1a es uno de los proyectos m\u00e1s ambiciosos de JLO y de los que m\u00e1s orgullosa est\u00e1. De hecho, su exmarido, Ben Affleck, asegur\u00f3 que es un papel con el que \u00abllevaba so\u00f1ando toda su vida\u00bb. Incluso, algunos creen que gracias a esta pel\u00edcula podr\u00eda recibir su primera nominaci\u00f3n al Oscar. \u00ab<strong>Han tardado mucho, \u00bfno?<\/strong>\u00ab, dijo Guadalupe Rodr\u00edguez, madre de la actriz, en la alfombra roja. \u00ab<strong>Todo lo estamos deseando<\/strong>. Ella se lo ha merecido tantas veces&#8230; pero yo creo que esta es la pel\u00edcula con la que lo va a conseguir\u00bb, dijo a Despierta Am\u00e9rica.<\/p>\n<p> <img src=\"https:\/\/www.europesays.com\/es\/wp-content\/uploads\/2025\/10\/40ca79ca20f5-gettyimages-2239665653.jpg\"   width=\"682\" height=\"1024\" loading=\"lazy\" decoding=\"async\" alt=\"Jennifer Lopez posa con sus hijos en el estreno de Kiss of the Spider Woman en Nueva York el 6 de octubre de 2025\" fetchpriority=\"auto\" class=\"image ho-image\"\/>\u00a9 Getty Images<\/p>\n<p id=\"esGKwpuECX\" data-wc=\"71\">La cantante, actriz, productora y empresaria est\u00e1 emocionad\u00edsima y <a class=\"hm-link ho-link\" href=\"https:\/\/www.hola.com\/belleza\/20250606836499\/jennifer-lopez-pelo-rubio-cejas-kiss-spider-woman\/\" data-mrf-recirculation=\"article-body-link\" rel=\"nofollow noopener\" target=\"_blank\">tan orgullosa de esta pel\u00edcula<\/a> que sus hijos no pod\u00edan faltar en su puesta de largo. Jennifer eligi\u00f3 un look que dej\u00f3 a m\u00e1s de uno sin habla e impact\u00f3 con su original vestido de Harris Reed Demi-Couture con un cors\u00e9 con forma de ara\u00f1a. A su lado, Max y Emme, que se colocaron junto a ella para posar ante las c\u00e1maras.<\/p>\n<p> <img src=\"https:\/\/www.europesays.com\/es\/wp-content\/uploads\/2025\/10\/64864b01fb50-gettyimages-2239665643.jpg\"   width=\"1080\" height=\"1080\" loading=\"lazy\" decoding=\"async\" alt=\"Jennifer Lopez posa con sus hijos en el estreno de Kiss of the Spider Woman en Nueva York el 6 de octubre de 2025\" fetchpriority=\"auto\" class=\"image ho-image\"\/>\u00a9 Getty Images<\/p>\n<p id=\"eIKIGJ3XaqD\" data-wc=\"53\">Hac\u00eda m\u00e1s de 10 a\u00f1os que no ve\u00edamos al hijo de la actriz en un photocall. Max, que <a class=\"hm-link ho-link\" href=\"https:\/\/www.hola.com\/actualidad\/20221101220105\/marc-anthony-parecido-hijo-max\/\" data-mrf-recirculation=\"article-body-link\" rel=\"nofollow noopener\" target=\"_blank\">f\u00edsicamente es una copia de su padre<\/a>, siempre ha preferido mantenerse en un segundo plano y se ha dejado ver en p\u00fablico en contadas ocasiones, casi siempre dando paseos con su madre o de shopping.\u00a0<\/p>\n<p> <img src=\"https:\/\/www.europesays.com\/es\/wp-content\/uploads\/2025\/10\/4adc8c0c990c-image-995-1.jpg\"   width=\"1080\" height=\"1080\" loading=\"lazy\" decoding=\"async\" alt=\"Jennfer Lopez con Max Mu\u00f1iz\" fetchpriority=\"auto\" class=\"image ho-image\"\/>\u00a9 jlo<\/p>\n<p id=\"eqSCkjhthsr\" data-wc=\"94\">Diferente es el caso de Emme, que s\u00ed que ha acudido a m\u00e1s eventos para acompa\u00f1ar a JLO. El \u00faltimo fue el pasado mes de marzo, cuando <a class=\"hm-link ho-link\" href=\"https:\/\/www.hola.com\/actualidad\/20250324821887\/emme-eclipsa-madre-jennifer-lopez-espectacular-cambio\/\" data-mrf-recirculation=\"article-body-link\" rel=\"nofollow noopener\" target=\"_blank\">consigui\u00f3 eclipsar a su madre<\/a> en el estreno en Broadway de la obra Otelo, protagonizada por Denzel Washington y Jake Gyllenhaal. Ya en ese momento mostr\u00f3 <a class=\"hm-link ho-link\" href=\"https:\/\/www.hola.com\/actualidad\/20250324821887\/emme-eclipsa-madre-jennifer-lopez-espectacular-cambio\/\" data-mrf-recirculation=\"article-body-link\" rel=\"nofollow noopener\" target=\"_blank\">su sorprendente cambio f\u00edsico<\/a> y, sobre todo, su nuevo estilo, que nada tiene que ver con el que llevaba hace a\u00f1os. En esta ocasi\u00f3n, Emme luci\u00f3 un traje de terciopelo de color burdeos y un original collar con forma de coraz\u00f3n.<\/p>\n<p> <img src=\"https:\/\/www.europesays.com\/es\/wp-content\/uploads\/2025\/10\/729fa13b436c-gettyimages-2206572856.jpg\"   width=\"682\" height=\"1024\" loading=\"lazy\" decoding=\"async\" alt=\"Jennifer Lopez y Emme en el estreno de Othello en el Barrymore Theater de Nueva York, el 23 de marzo de 2025\" fetchpriority=\"auto\" class=\"image ho-image\"\/>\u00a9 Getty Images<\/p>\n<p> <img src=\"https:\/\/www.europesays.com\/es\/wp-content\/uploads\/2025\/10\/131e6baa51e7-gettyimages-2208380091.jpg\"   width=\"682\" height=\"1024\" loading=\"lazy\" decoding=\"async\" alt=\"Jennifer Lopez y Emme en el estreno de Good Night And Good Luck en Broadway el 3 de abril de 2025\" fetchpriority=\"auto\" class=\"image ho-image\"\/>\u00a9 Getty Images<\/p>\n<p id=\"e_Dv7FGmqM\" data-wc=\"76\">La actitud de Emme ante las c\u00e1maras no tiene nada que ver con la de su hermano, quien <strong>se muestra mucho m\u00e1s t\u00edmido y reservado<\/strong>. Como dec\u00edamos, hace m\u00e1s de una d\u00e9cada que no asist\u00eda junto a la diva del Bronx a ning\u00fan evento. En cambio, s\u00ed que ha contado con el apoyo de Emme, lo que hace que muchos se pregunten si se va a animar a seguir sus pasos en el mundo del espect\u00e1culo.\u00a0<\/p>\n<p id=\"eCrZq0pMEp0\" data-wc=\"89\">Aunque ya hab\u00edan cantado juntas en el inicio de la gira &#8216;Its My Party&#8217; en Los \u00c1ngeles en junio de 2019, <a class=\"hm-link ho-link\" href=\"https:\/\/www.hola.com\/actualidad\/20200203159576\/jennifer-lopez-emme-super-bowl-gt\/\" data-mrf-recirculation=\"article-body-link\" rel=\"nofollow noopener\" target=\"_blank\">su gran debut fue en la Super Bowl<\/a> de 2020, donde Emme sorprendi\u00f3 a los millones de espectadores que estaban siguiendo el show en directo y apareci\u00f3 en el escenario junto a su madre. En ese momento ya demostr\u00f3 lo bien que canta y durante estos a\u00f1os ha seguido prepar\u00e1ndose. En 2022 volvi\u00f3 a hacer un dueto con JLO, esta vez en el Dodgers Stadium de Los \u00c1ngeles.\u00a0<\/p>\n<p> <img src=\"https:\/\/www.europesays.com\/es\/wp-content\/uploads\/2025\/10\/7ddfcc45792b-screenshot7.jpg\"   width=\"991\" height=\"1024\" loading=\"lazy\" decoding=\"async\" alt=\"Jennifer Lopez cantando con Emme\" fetchpriority=\"auto\" class=\"image ho-image\"\/>\u00a9 jlo<br \/>\n<strong data-gid=\"e2jt-1Z3pF\">\u00abEse fue mi objetivo desde que nacieron\u00bb<\/strong><\/p>\n<p class=\"\" id=\"edz_I5uwqY\" data-wc=\"79\">La estrella del cine y la m\u00fasica sigue en plena promoci\u00f3n de El beso de la mujer\u00a0su y durante estos d\u00edas ha concedido diferentes entrevistas tanto en medios audiovisuales como escritos. En el programa Live with Kelly and Mark habl\u00f3 de la etapa decisiva en la que se encuentran sus hijos, que el a\u00f1o que viene cumplir\u00e1n 18 a\u00f1os. \u00abEs una locura&#8230; <strong>Ya hemos estado viendo algunas universidades<\/strong>\u00ab, confes\u00f3 sin poder evitar emocionarse: \u00abEsto est\u00e1 pasando&#8230; se van\u00bb.\u00a0<\/p>\n<p> <img src=\"https:\/\/www.europesays.com\/es\/wp-content\/uploads\/2025\/10\/d521988e5cb6-jlo-mellizos1.jpg\"   width=\"1024\" height=\"768\" loading=\"lazy\" decoding=\"async\" alt=\"Jennifer Lopez con sus hijos Max y Emme\" fetchpriority=\"auto\" class=\"image ho-image\"\/>\u00a9 jlo<\/p>\n<p>  <img src=\"https:\/\/www.europesays.com\/es\/wp-content\/uploads\/2025\/10\/1c6ef8bda715-jlo-mellizos4.jpg\"   width=\"1080\" height=\"1080\" loading=\"lazy\" decoding=\"async\" alt=\"Jennifer Lopez con sus hijos Max y Emme\" fetchpriority=\"auto\" class=\"image ho-image\"\/>\u00a9 jlo<\/p>\n<p>  <img src=\"https:\/\/www.europesays.com\/es\/wp-content\/uploads\/2025\/10\/f6e1116787b0-jlo-mellizos3.jpg\"   width=\"1080\" height=\"1080\" loading=\"lazy\" decoding=\"async\" alt=\"Jennifer Lopez con sus hijos Max y Emme\" fetchpriority=\"auto\" class=\"image ho-image\"\/>\u00a9 jlo<\/p>\n<p class=\"\" id=\"ej71FjxQUPE\" data-wc=\"60\">Invadida por la nostalgia, Jennifer reconoci\u00f3 que est\u00e1 feliz por ellos y porque recuerda \u00ablo emocionante que fue esa \u00e9poca para m\u00ed\u00bb. Sin embargo, para ella se presenta tambi\u00e9n un panorama totalmente distinto: \u00abEstoy decidiendo qu\u00e9 quiero hacer con mi vida. Es una aventura emocionante, y eso es lo que quiero para ellos, pero <strong>tambi\u00e9n pienso: &#8216;\u00a1Voy a estar sola!'\u00bb<\/strong>.<\/p>\n<p> <img src=\"https:\/\/www.europesays.com\/es\/wp-content\/uploads\/2025\/10\/1f7059ce9658-jlo-mellizos2.jpg\"   width=\"1024\" height=\"759\" loading=\"lazy\" decoding=\"async\" alt=\"Jennifer Lopez con sus hijos Max y Emme\" fetchpriority=\"auto\" class=\"image ho-image\"\/>\u00a9 jlo<\/p>\n<p class=\"\" id=\"eREOvPy4Nt\" data-wc=\"103\">JLO afirm\u00f3 que lo importante es la relaci\u00f3n tan bonita que tiene con Max y Emme y que, pase lo que pase, siempre encontrar\u00e1n la manera de pasar tiempo juntos. \u00ab<strong>Crear un hogar al que quieran volver, \u00bfsabes? Ese fue mi objetivo desde que nacieron<\/strong>\u00ab, dijo la int\u00e9rprete de \u00e9xitos como On the Floor, Let&#8217;s get loud o Dance again. \u00abQue lo que hemos creado los tres juntos sea algo que siempre les haga pensar: &#8216;Cuando vuelvo a casa, me siento bien. Huele a casa, sabe a casa&#8217;. Todo&#8217;. Y siempre me enfoqu\u00e9 en eso con ellos, y siento que lo hemos creado\u00bb.<\/p>\n","protected":false},"excerpt":{"rendered":"\u00a9 Getty Images Los mellizos de Jennifer Lopez y Marc Anthony, que ya tienen 17 a\u00f1os, sab\u00edan que&hellip;\n","protected":false},"author":2,"featured_media":168296,"comment_status":"","ping_status":"","sticky":false,"template":"","format":"standard","meta":{"footnotes":""},"categories":[174],"tags":[517,255,49185,146,147,25,24,256,427,23],"class_list":{"0":"post-168295","1":"post","2":"type-post","3":"status-publish","4":"format-standard","5":"has-post-thumbnail","7":"category-famosos","8":"tag-actualidad","9":"tag-celebrities","10":"tag-emme-muniz","11":"tag-entertainment","12":"tag-entretenimiento","13":"tag-es","14":"tag-espana","15":"tag-famosos","16":"tag-jennifer-lopez","17":"tag-spain"},"share_on_mastodon":{"url":"","error":""},"_links":{"self":[{"href":"https:\/\/www.europesays.com\/es\/wp-json\/wp\/v2\/posts\/168295","targetHints":{"allow":["GET"]}}],"collection":[{"href":"https:\/\/www.europesays.com\/es\/wp-json\/wp\/v2\/posts"}],"about":[{"href":"https:\/\/www.europesays.com\/es\/wp-json\/wp\/v2\/types\/post"}],"author":[{"embeddable":true,"href":"https:\/\/www.europesays.com\/es\/wp-json\/wp\/v2\/users\/2"}],"replies":[{"embeddable":true,"href":"https:\/\/www.europesays.com\/es\/wp-json\/wp\/v2\/comments?post=168295"}],"version-history":[{"count":0,"href":"https:\/\/www.europesays.com\/es\/wp-json\/wp\/v2\/posts\/168295\/revisions"}],"wp:featuredmedia":[{"embeddable":true,"href":"https:\/\/www.europesays.com\/es\/wp-json\/wp\/v2\/media\/168296"}],"wp:attachment":[{"href":"https:\/\/www.europesays.com\/es\/wp-json\/wp\/v2\/media?parent=168295"}],"wp:term":[{"taxonomy":"category","embeddable":true,"href":"https:\/\/www.europesays.com\/es\/wp-json\/wp\/v2\/categories?post=168295"},{"taxonomy":"post_tag","embeddable":true,"href":"https:\/\/www.europesays.com\/es\/wp-json\/wp\/v2\/tags?post=168295"}],"curies":[{"name":"wp","href":"https:\/\/api.w.org\/{rel}","templated":true}]}}