{"id":168297,"date":"2025-10-10T21:09:10","date_gmt":"2025-10-10T21:09:10","guid":{"rendered":"https:\/\/www.europesays.com\/es\/168297\/"},"modified":"2025-10-10T21:09:10","modified_gmt":"2025-10-10T21:09:10","slug":"el-incierto-futuro-de-la-milagrosa-y-la-arquitectura-urbana-de-leon","status":"publish","type":"post","link":"https:\/\/www.europesays.com\/es\/168297\/","title":{"rendered":"El incierto futuro de La Milagrosa y la arquitectura urbana de Le\u00f3n"},"content":{"rendered":"<p>La Fundaci\u00f3n Obra Social de Castilla y Le\u00f3n (Fundos), antes denominada Fundaci\u00f3n Espa\u00f1a-Duero y heredera de la extinta Caja Espa\u00f1a, se enfrenta a una de sus grandes decisiones estrat\u00e9gicas: qu\u00e9 hacer con uno de los mayores complejos urbanos de la capital leonesa, un espacio que ocupa un lugar privilegiado en pleno coraz\u00f3n de la ciudad.<\/p>\n<p>La salida del Colegio Leon\u00e9s del complejo de La Milagrosa, situado a escasos tres minutos de la Plaza de Santo Domingo, deja en el aire un interrogante urbano de primer orden. Con m\u00e1s de 11.000 metros cuadrados de superficie construida y cinco edificios en uso, se trata de una de las pocas estructuras de gran escala pendientes de desarrollo en el centro de Le\u00f3n.<\/p>\n<p>\u201cTenemos tiempo para pensar en el futuro, pero no debemos demorarnos\u201d, aseguraron fuentes de Fundos a Heraldo de Le\u00f3n, subrayando que el periodo de transici\u00f3n ser\u00e1 clave para definir el destino del inmueble.<\/p>\n<p>Menos de 15.000 euros\u00a0 mensuales<\/p>\n<p>El Colegio Leon\u00e9s abonaba por el uso del complejo \u2014que incluye aulas, residencia de estudiantes con 70 plazas, zonas deportivas y amplios espacios verdes\u2014 menos de 15.000 euros mensuales, una cifra que algunos expertos del sector inmobiliario califican como \u201cuna oportunidad casi irrepetible en el mercado actual\u201d.<\/p>\n<p>La progresiva desescalada del centro educativo abre ahora la puerta a nuevos proyectos que podr\u00edan transformar el entorno urbano. Entre las alternativas que estudia Fundos figuran un centro sociosanitario o geri\u00e1trico, instalaciones docentes de nueva generaci\u00f3n o un gran desarrollo residencial que reconfigure la zona.<\/p>\n<p>El final de una etapa educativa<\/p>\n<p>El Colegio Leon\u00e9s confirm\u00f3 oficialmente este jueves su salida del edificio de La Milagrosa, en la calle Corredera, donde ha mantenido su actividad durante casi tres d\u00e9cadas. La decisi\u00f3n pone fin a una etapa iniciada en 1995, cuando la instituci\u00f3n firm\u00f3 un contrato de arrendamiento con la entonces Obra Social de Caja Espa\u00f1a, propietaria del inmueble.<\/p>\n<p>Seg\u00fan su director, Manuel Belinch\u00f3n, la salida ser\u00e1 ordenada y progresiva, culminando en 2030, cuando expira el contrato vigente con Fundos.<\/p>\n<p>\u201cSer\u00e1 una marcha planificada; comenz\u00f3 este curso con la supresi\u00f3n del primer a\u00f1o de Infantil y continuar\u00e1 hasta completar el traslado total del alumnado\u201d, explic\u00f3 Belinch\u00f3n.<\/p>\n<p>Los estudiantes se ir\u00e1n reubicando entre los otros dos centros del grupo educativo, San Isidoro y Jes\u00fas Maestro, donde ya han comenzado las obras de adaptaci\u00f3n. \u201cNo va a afectar a la estructura del Colegio Leon\u00e9s; pasamos de tener tres edificios mal utilizados a dos bien aprovechados\u201d, a\u00f1adi\u00f3 el director.<\/p>\n<p>Fundos: \u201cNos sorprendi\u00f3 la decisi\u00f3n del colegio\u201d<\/p>\n<p>Desde Fundos reconocen que la marcha del centro educativo no estaba prevista.<\/p>\n<p>\u201cNos sorprendi\u00f3 la decisi\u00f3n del Colegio Leon\u00e9s; nunca nos comunicaron que la causa fuera el precio del alquiler\u201d, indicaron fuentes de la fundaci\u00f3n.<\/p>\n<p>Seg\u00fan explican, fue el propio colegio quien hace tres a\u00f1os notific\u00f3 su intenci\u00f3n de cerrar progresivamente algunas unidades debido a la ca\u00edda de la natalidad y a la necesidad de reordenar sus infraestructuras.<\/p>\n<p>\u201cPara nosotros era m\u00e1s conveniente que continuaran, pero nos lo presentaron como una decisi\u00f3n irrevocable, sin margen de negociaci\u00f3n\u201d, precisaron.<\/p>\n<p>Fundos subraya que el precio del arrendamiento no ha sufrido incrementos relevantes m\u00e1s all\u00e1 de la actualizaci\u00f3n por el IPC, y que el contrato actual sigue \u201cmuy por debajo del precio de mercado\u201d. \u201cEl acuerdo inicial fue casi simb\u00f3lico, a cambio de que el colegio invirtiera en mantenimiento e instalaciones\u201d, recuerdan.<\/p>\n<p>Un activo clave para el futuro urbano de Le\u00f3n<\/p>\n<p>El complejo de La Milagrosa representa una pieza estrat\u00e9gica dentro del entramado urbano leon\u00e9s. Su ubicaci\u00f3n, dimensiones y dotaciones lo convierten en un espacio con alto potencial de transformaci\u00f3n.<\/p>\n<p>Fuentes del Ayuntamiento de Le\u00f3n reconocen que la evoluci\u00f3n del proyecto \u201cpodr\u00eda marcar el futuro del eje entre la Corredera y la Inmaculada\u201d, una zona que concentra servicios educativos, sanitarios y residenciales.<\/p>\n<p>El mercado inmobiliario local tambi\u00e9n observa con atenci\u00f3n los pr\u00f3ximos movimientos de Fundos. \u201cEl terreno tiene capacidad para albergar un desarrollo mixto que combine vivienda, espacios asistenciales y zonas verdes, algo muy demandado en la ciudad\u201d, apunta el arquitecto leon\u00e9s Jos\u00e9 Antonio \u00c1lvarez, experto en rehabilitaci\u00f3n urbana.<\/p>\n<p>Entre la memoria y la oportunidad<\/p>\n<p>Mientras Fundos analiza los posibles usos del complejo, La Milagrosa se despide de una etapa marcada por su papel educativo y su integraci\u00f3n en la vida cotidiana de miles de familias leonesas.<\/p>\n<p>\u201cLa salida del colegio abre una nueva oportunidad para la ciudad\u201d, concluyen desde la fundaci\u00f3n, que mantiene su compromiso de \u201cpreservar el valor arquitect\u00f3nico y social del conjunto\u201d.<\/p>\n<p>El futuro de La Milagrosa \u2014entre la nostalgia del pasado y las promesas de un nuevo desarrollo urbano\u2014 ser\u00e1 una de las grandes decisiones que definan la arquitectura y el crecimiento de Le\u00f3n en la pr\u00f3xima d\u00e9cada.<\/p>\n","protected":false},"excerpt":{"rendered":"La Fundaci\u00f3n Obra Social de Castilla y Le\u00f3n (Fundos), antes denominada Fundaci\u00f3n Espa\u00f1a-Duero y heredera de la extinta&hellip;\n","protected":false},"author":2,"featured_media":168298,"comment_status":"","ping_status":"","sticky":false,"template":"","format":"standard","meta":{"footnotes":""},"categories":[173],"tags":[229,233,231,230,232,234,146,147,25,24,4108,23],"class_list":{"0":"post-168297","1":"post","2":"type-post","3":"status-publish","4":"format-standard","5":"has-post-thumbnail","7":"category-arte-y-diseno","8":"tag-arte","9":"tag-arte-y-diseno","10":"tag-arts","11":"tag-arts-and-design","12":"tag-design","13":"tag-diseno","14":"tag-entertainment","15":"tag-entretenimiento","16":"tag-es","17":"tag-espana","18":"tag-leon","19":"tag-spain"},"share_on_mastodon":{"url":"","error":""},"_links":{"self":[{"href":"https:\/\/www.europesays.com\/es\/wp-json\/wp\/v2\/posts\/168297","targetHints":{"allow":["GET"]}}],"collection":[{"href":"https:\/\/www.europesays.com\/es\/wp-json\/wp\/v2\/posts"}],"about":[{"href":"https:\/\/www.europesays.com\/es\/wp-json\/wp\/v2\/types\/post"}],"author":[{"embeddable":true,"href":"https:\/\/www.europesays.com\/es\/wp-json\/wp\/v2\/users\/2"}],"replies":[{"embeddable":true,"href":"https:\/\/www.europesays.com\/es\/wp-json\/wp\/v2\/comments?post=168297"}],"version-history":[{"count":0,"href":"https:\/\/www.europesays.com\/es\/wp-json\/wp\/v2\/posts\/168297\/revisions"}],"wp:featuredmedia":[{"embeddable":true,"href":"https:\/\/www.europesays.com\/es\/wp-json\/wp\/v2\/media\/168298"}],"wp:attachment":[{"href":"https:\/\/www.europesays.com\/es\/wp-json\/wp\/v2\/media?parent=168297"}],"wp:term":[{"taxonomy":"category","embeddable":true,"href":"https:\/\/www.europesays.com\/es\/wp-json\/wp\/v2\/categories?post=168297"},{"taxonomy":"post_tag","embeddable":true,"href":"https:\/\/www.europesays.com\/es\/wp-json\/wp\/v2\/tags?post=168297"}],"curies":[{"name":"wp","href":"https:\/\/api.w.org\/{rel}","templated":true}]}}