{"id":168303,"date":"2025-10-10T21:12:14","date_gmt":"2025-10-10T21:12:14","guid":{"rendered":"https:\/\/www.europesays.com\/es\/168303\/"},"modified":"2025-10-10T21:12:14","modified_gmt":"2025-10-10T21:12:14","slug":"escucha-la-cancion-de-charly-garcia-junto-a-sting-in-the-city","status":"publish","type":"post","link":"https:\/\/www.europesays.com\/es\/168303\/","title":{"rendered":"Escuch\u00e1 la canci\u00f3n de Charly Garc\u00eda junto a Sting: \u201cIn the City\u201d"},"content":{"rendered":"<p>Siempre junto al maestro.<\/p>\n<p>Este jueves a las 21hs se estren\u00f3 la colaboraci\u00f3n entre <strong>Charly Garc\u00eda<\/strong> y el l\u00edder de <strong>The Police<\/strong>.\u00a0<\/p>\n<p>El tema es una versi\u00f3n \u201cIn the City That Never Sleep\u201d, incluida en el disco Kill Gill del artista argentino y que ahora toma una sonoridad distinta con el aporte de <strong>Sting<\/strong>.<\/p>\n<p>La grabaci\u00f3n se hizo entre Buenos Aires y Miami. <strong>Dominic Miller<\/strong>, guitarrista habitual de <strong>Sting<\/strong> y nacido en Argentina, aport\u00f3 las cuerdas, mientras que <strong>Diego L\u00f3pez de Arcaute<\/strong>, baterista de <strong>Juana Molina<\/strong>, sum\u00f3 la percusi\u00f3n. El toque final lo dio <strong>Ted Jensen<\/strong>, ingeniero que trabaj\u00f3 en gran parte de la discograf\u00eda solista de <strong>Charly<\/strong>.<\/p>\n<p>\u00a1Dale play!\u00a0<\/p>\n<blockquote class=\"instagram-media\" style=\"background: #FFF; border: 0; border-radius: 3px; box-shadow: 0 0 1px 0 rgba(0,0,0,0.5),0 1px 10px 0 rgba(0,0,0,0.15); margin: 1px; max-width: 540px; min-width: 326px; padding: 0; width: calc(100% - 2px);\" data-instgrm-captioned=\"\" data-instgrm-permalink=\"https:\/\/www.instagram.com\/p\/DPm4yBIDoL9\/?utm_source=ig_embed&amp;utm_campaign=loading\" data-instgrm-version=\"14\"\/><p>  <script async src=\"\/\/www.instagram.com\/embed.js\"><\/script><\/p>\n","protected":false},"excerpt":{"rendered":"Siempre junto al maestro. Este jueves a las 21hs se estren\u00f3 la colaboraci\u00f3n entre Charly Garc\u00eda y el&hellip;\n","protected":false},"author":2,"featured_media":168304,"comment_status":"","ping_status":"","sticky":false,"template":"","format":"standard","meta":{"footnotes":""},"categories":[170],"tags":[32283,49188,49187,146,147,25,24,43027,49186,49189,184,185,23,32284,49190,48843],"class_list":{"0":"post-168303","1":"post","2":"type-post","3":"status-publish","4":"format-standard","5":"has-post-thumbnail","7":"category-musica","8":"tag-charly-garcia","9":"tag-diego-lopez-de-arcaute","10":"tag-dominic-miller","11":"tag-entertainment","12":"tag-entretenimiento","13":"tag-es","14":"tag-espana","15":"tag-in-the-city","16":"tag-in-the-city-that-never-sleep","17":"tag-juana-molina","18":"tag-music","19":"tag-musica","20":"tag-spain","21":"tag-sting","22":"tag-ted-jensen","23":"tag-the-police"},"share_on_mastodon":{"url":"","error":""},"_links":{"self":[{"href":"https:\/\/www.europesays.com\/es\/wp-json\/wp\/v2\/posts\/168303","targetHints":{"allow":["GET"]}}],"collection":[{"href":"https:\/\/www.europesays.com\/es\/wp-json\/wp\/v2\/posts"}],"about":[{"href":"https:\/\/www.europesays.com\/es\/wp-json\/wp\/v2\/types\/post"}],"author":[{"embeddable":true,"href":"https:\/\/www.europesays.com\/es\/wp-json\/wp\/v2\/users\/2"}],"replies":[{"embeddable":true,"href":"https:\/\/www.europesays.com\/es\/wp-json\/wp\/v2\/comments?post=168303"}],"version-history":[{"count":0,"href":"https:\/\/www.europesays.com\/es\/wp-json\/wp\/v2\/posts\/168303\/revisions"}],"wp:featuredmedia":[{"embeddable":true,"href":"https:\/\/www.europesays.com\/es\/wp-json\/wp\/v2\/media\/168304"}],"wp:attachment":[{"href":"https:\/\/www.europesays.com\/es\/wp-json\/wp\/v2\/media?parent=168303"}],"wp:term":[{"taxonomy":"category","embeddable":true,"href":"https:\/\/www.europesays.com\/es\/wp-json\/wp\/v2\/categories?post=168303"},{"taxonomy":"post_tag","embeddable":true,"href":"https:\/\/www.europesays.com\/es\/wp-json\/wp\/v2\/tags?post=168303"}],"curies":[{"name":"wp","href":"https:\/\/api.w.org\/{rel}","templated":true}]}}