{"id":16831,"date":"2025-07-31T17:48:14","date_gmt":"2025-07-31T17:48:14","guid":{"rendered":"https:\/\/www.europesays.com\/es\/16831\/"},"modified":"2025-07-31T17:48:14","modified_gmt":"2025-07-31T17:48:14","slug":"la-copa-del-rey-mapfre-recibe-a-noemi-de-miguel-eli-pinedo-y-marta-hazas","status":"publish","type":"post","link":"https:\/\/www.europesays.com\/es\/16831\/","title":{"rendered":"La Copa del Rey MAPFRE recibe a Noem\u00ed de Miguel, Eli Pinedo y Marta Hazas"},"content":{"rendered":"<p class=\"ft-text ft-helper-closenews\">La<strong> tercera jornada<\/strong> de la <a href=\"https:\/\/www.diariodemallorca.es\/tags\/copa-del-rey-mafpre-de-vela\/\" class=\"ft-link ft-link--decoration\" rel=\"nofollow noopener\" target=\"_blank\"><strong>Copa del Rey MAPFRE de vela<\/strong><\/a>, celebrada este jueves en el <strong>Real Club N\u00e1utico de Palma<\/strong>, ha recibido nuevas figuras del panorama nacional. La periodista <strong>Noem\u00ed de Miguel<\/strong>, la medallista ol\u00edmpica y exjugadora de balonmano <strong>Eli Pinedo,<\/strong> y la actriz <strong>Marta Hazas<\/strong> han disfrutado una experiencia \u00fanica del torneo. Desde un <strong>brunch<\/strong><strong> <\/strong>en la zona VIP del club n\u00e1utico, hasta una <strong>embarcaci\u00f3n exclusiva <\/strong>para ver la regata en directo.<\/p>\n<p class=\"ft-text\"><strong>Noem\u00ed de Miguel<\/strong> es una destacada <a href=\"https:\/\/www.diariodemallorca.es\/tags\/periodismo\/\" class=\"ft-link ft-link--decoration\" rel=\"nofollow noopener\" target=\"_blank\">periodista<\/a> deportiva que ha pasado por <a href=\"https:\/\/www.diariodemallorca.es\/tags\/rne\/\" class=\"ft-link ft-link--decoration\" rel=\"nofollow noopener\" target=\"_blank\"><strong>RNE<\/strong><\/a><strong> <\/strong>y <strong>Canal+<\/strong> cubriendo <a href=\"https:\/\/www.diariodemallorca.es\/tags\/futbol\/\" class=\"ft-link ft-link--decoration\" rel=\"nofollow noopener\" target=\"_blank\"><strong>f\u00fatbol<\/strong><\/a>, y por <a href=\"https:\/\/www.diariodemallorca.es\/tags\/movistar-plus\/\" class=\"ft-link ft-link--decoration\" rel=\"nofollow noopener\" target=\"_blank\"><strong>Movistar+<\/strong><\/a> y <a href=\"https:\/\/www.diariodemallorca.es\/tags\/dazn\/\" class=\"ft-link ft-link--decoration\" rel=\"nofollow noopener\" target=\"_blank\"><strong>DAZN<\/strong><\/a><strong> <\/strong>como cara de la <a href=\"https:\/\/www.diariodemallorca.es\/tags\/formula-1\/\" class=\"ft-link ft-link--decoration\" rel=\"nofollow noopener\" target=\"_blank\"><strong>F\u00f3rmula\u202f1<\/strong><\/a> en Espa\u00f1a. \u201cMe hace much\u00edsima ilusi\u00f3n, sobre todo porque es una regata que he seguido a trav\u00e9s de televisi\u00f3n [&#8230;] \u00a1Tengo unas ganas terribles, estoy encantada!\u201d, declara la periodista acerca de su presencia en la competici\u00f3n.<\/p>\n<p class=\"ft-text\">De Miguel tambi\u00e9n se ha pasado por el <a href=\"https:\/\/www.diariodemallorca.es\/tags\/aifos\/\" class=\"ft-link ft-link--decoration\" rel=\"nofollow noopener\" target=\"_blank\"><strong>Aifos<\/strong><\/a>, mostr\u00e1ndose interesada en c\u00f3mo funciona este tipo de embarcaciones. \u00abTengo muchas ganas tras ese primer conocimiento y primer contacto t\u00e9cnico que he tenido, ver si soy consciente y lo puedo aplicar a la hora de seguir la regata hoy\u00bb, afirma la periodista riojana haciendo alusi\u00f3n a su paso por la F\u00f3rmula 1.<\/p>\n<p><img decoding=\"async\" src=\"https:\/\/www.europesays.com\/es\/wp-content\/uploads\/2025\/07\/d117ccfc-107f-4bd8-8437-31639bb3dc6e_alta-libre-aspect-ratio_default_0.jpg\" width=\"1200\" height=\"800\" alt=\"Noem\u00ed de Miguel en el RCNP\" class=\"ft-helper-img-rd\" loading=\"lazy\" hasdataaida=\"true\"\/><\/p>\n<p class=\"ft-helper-fontColor-quaternary ft-helper-fontSize-body-S ft-helper-spacer-t-xxs\">Noem\u00ed de Miguel en el RCNP  \/ Laura G. Guerra<\/p>\n<p class=\"ft-text\"><strong>Eli Pinedo<\/strong>, hist\u00f3rica jugadora internacional de balonmano, tambi\u00e9n acude por primera vez a la Copa. \u00abEstoy expectante, todo es nuevo, me encanta porque adem\u00e1s la vela es un <strong>deporte <\/strong><a href=\"https:\/\/www.diariodemallorca.es\/tags\/olimpiadas\/\" class=\"ft-link ft-link--decoration\" rel=\"nofollow noopener\" target=\"_blank\"><strong>ol\u00edmpico<\/strong><\/a>\u00ab, comenta la internacional espa\u00f1ola.<\/p>\n<p class=\"ft-text\">Adem\u00e1s, Pinedo ha querido destacar las <strong>similitudes entre la vela y el balonmano<\/strong>. \u00abYo creo que los <strong>valores del <\/strong><a href=\"https:\/\/www.diariodemallorca.es\/deportes\/\" class=\"ft-link ft-link--decoration\" rel=\"nofollow noopener\" target=\"_blank\"><strong>deporte<\/strong><\/a><strong> <\/strong>los compartimos absolutamente todos los deportes [&#8230;] Valores como el compa\u00f1erismo, disciplina, trabajo, sacrificio\u2026 El deporte al final nos une a todos y, por supuesto, la vela no iba a ser menos\u00bb, declara la exbalonmanista, quien tambi\u00e9n ha manifestado estar \u00ab<strong>enamorada<\/strong>\u00bb <strong>de Palma<\/strong>.<\/p>\n<p><img decoding=\"async\" src=\"https:\/\/www.europesays.com\/es\/wp-content\/uploads\/2025\/07\/33f09b21-e12b-4a60-a202-28c434d20ff4_alta-libre-aspect-ratio_default_0.jpg\" width=\"1200\" height=\"800\" alt=\"Eli Pinedo en el RCNP\" class=\"ft-helper-img-rd\" loading=\"lazy\" hasdataaida=\"true\"\/><\/p>\n<p class=\"ft-helper-fontColor-quaternary ft-helper-fontSize-body-S ft-helper-spacer-t-xxs\">Eli Pinedo en el RCNP  \/ Laura G. Guerra<\/p>\n<p class=\"ft-text\">Por otro lado, <strong>Marta Hazas<\/strong>, actriz conocida por su papel en<strong> <\/strong><strong>El Internado<\/strong> y <strong>Peque\u00f1as Coincidencias<\/strong>, \u00abalucina\u00bb con las maniobras de los veleros. \u00abCada barco puede tomar un camino muy diferente, luego viran a la vez, que se parece que van a chocar, \u00a1<strong>alucino<\/strong>! Las decisiones que tienen que tomar en equipos tan grandes, 14 personas\u00a0van en el Aifos, que hemos visitado ahora y alucinas la coordinaci\u00f3n que tienen, c\u00f3mo suben al m\u00e1stil, c\u00f3mo se compensan los tiempos en funci\u00f3n del tama\u00f1o del barco\u2026\u00a0Es muy chulo\u00bb, expresa Hazas.<\/p>\n<p class=\"ft-text\">Respecto a su oficio, la actriz c\u00e1ntabra repasa algunas de sus pr\u00f3ximas participaciones. \u00ab\u00a1Yo espero que no os cans\u00e9is de verme! Estreno en <a href=\"https:\/\/www.diariodemallorca.es\/tags\/telecinco\/\" class=\"ft-link ft-link--decoration\" rel=\"nofollow noopener\" target=\"_blank\"><strong>Telecinco<\/strong><\/a><strong> <\/strong>la serie <strong>La Agencia<\/strong> con <strong>Javier Guti\u00e9rrez<\/strong>, <strong>Manuela Velasco<\/strong>, <strong>Carlos Bardem<\/strong>\u2026 Acabo de rodar una pel\u00edcula con <strong>Alex de la Iglesia<\/strong> para el a\u00f1o que viene que se llama <strong>La Cuidadora<\/strong> con <strong>Carmen Maura<\/strong>, <strong>Blanca Su\u00e1rez<\/strong>, <strong>Asier Etxeandia<\/strong>&#8230; Y estoy rodando ahora para <a href=\"https:\/\/www.diariodemallorca.es\/tags\/atresmedia\/\" class=\"ft-link ft-link--decoration\" rel=\"nofollow noopener\" target=\"_blank\"><strong>Atresmedia<\/strong><\/a>\u00ab, record\u00f3 Hazas.<\/p>\n<p><img decoding=\"async\" src=\"https:\/\/www.europesays.com\/es\/wp-content\/uploads\/2025\/07\/34fd03b3-f839-4d0f-91a2-e2e05c091bd5_alta-libre-aspect-ratio_default_0.jpg\" width=\"1200\" height=\"800\" alt=\"Marta Hazos y Javier Veiga en el RCNP\" class=\"ft-helper-img-rd\" loading=\"lazy\" hasdataaida=\"true\"\/><\/p>\n<p class=\"ft-helper-fontColor-quaternary ft-helper-fontSize-body-S ft-helper-spacer-t-xxs\">Marta Hazos y Javier Veiga en el RCNP  \/ Laura G. Guerra<\/p>\n<p class=\"ft-text\">La Copa del Rey MAPFRE es cada a\u00f1o m\u00e1s relevante a todos los niveles. Parte de este crecimiento se ve reflejado en las figuras que se ve en cada edici\u00f3n, como ha sido en esta ocasi\u00f3n con Noem\u00ed de Miguel, Eli Pinedo, Marta Hazas, <strong>Javier Veiga<\/strong>, <a href=\"https:\/\/www.diariodemallorca.es\/cultura\/2025\/07\/30\/cristina-cubero-copa-rey-gran-120203689.html\" class=\"ft-link ft-link--decoration\" rel=\"nofollow noopener\" target=\"_blank\"><strong>Cristina Cubero<\/strong><\/a><strong> <\/strong>o <a href=\"https:\/\/www.diariodemallorca.es\/cultura\/2025\/07\/30\/mario-alonso-puig-persona-comparte-120200286.html\" class=\"ft-link ft-link--decoration\" rel=\"nofollow noopener\" target=\"_blank\"><strong>Mario Alonso Puig<\/strong><\/a>.<\/p>\n<p data-close=\"closedContent\" class=\"subscribeHideForDisplay\">Suscr\u00edbete para seguir leyendo<\/p>\n","protected":false},"excerpt":{"rendered":"La tercera jornada de la Copa del Rey MAPFRE de vela, celebrada este jueves en el Real Club&hellip;\n","protected":false},"author":2,"featured_media":16832,"comment_status":"","ping_status":"","sticky":false,"template":"","format":"standard","meta":{"footnotes":""},"categories":[278],"tags":[6456,376,2493,1941,209,168,25,24,375,10866,10867,5398,10868,3684,5330,23,167,1794],"class_list":{"0":"post-16831","1":"post","2":"type-post","3":"status-publish","4":"format-standard","5":"has-post-thumbnail","7":"category-balonmano","8":"tag-actriz","9":"tag-balonmano","10":"tag-copa","11":"tag-copa-del-rey","12":"tag-cultura","13":"tag-deportes","14":"tag-es","15":"tag-espana","16":"tag-handball","17":"tag-mapfre","18":"tag-noemi","19":"tag-periodista","20":"tag-pinedo","21":"tag-recibe","22":"tag-rey","23":"tag-spain","24":"tag-sports","25":"tag-vela"},"share_on_mastodon":{"url":"","error":""},"_links":{"self":[{"href":"https:\/\/www.europesays.com\/es\/wp-json\/wp\/v2\/posts\/16831","targetHints":{"allow":["GET"]}}],"collection":[{"href":"https:\/\/www.europesays.com\/es\/wp-json\/wp\/v2\/posts"}],"about":[{"href":"https:\/\/www.europesays.com\/es\/wp-json\/wp\/v2\/types\/post"}],"author":[{"embeddable":true,"href":"https:\/\/www.europesays.com\/es\/wp-json\/wp\/v2\/users\/2"}],"replies":[{"embeddable":true,"href":"https:\/\/www.europesays.com\/es\/wp-json\/wp\/v2\/comments?post=16831"}],"version-history":[{"count":0,"href":"https:\/\/www.europesays.com\/es\/wp-json\/wp\/v2\/posts\/16831\/revisions"}],"wp:featuredmedia":[{"embeddable":true,"href":"https:\/\/www.europesays.com\/es\/wp-json\/wp\/v2\/media\/16832"}],"wp:attachment":[{"href":"https:\/\/www.europesays.com\/es\/wp-json\/wp\/v2\/media?parent=16831"}],"wp:term":[{"taxonomy":"category","embeddable":true,"href":"https:\/\/www.europesays.com\/es\/wp-json\/wp\/v2\/categories?post=16831"},{"taxonomy":"post_tag","embeddable":true,"href":"https:\/\/www.europesays.com\/es\/wp-json\/wp\/v2\/tags?post=16831"}],"curies":[{"name":"wp","href":"https:\/\/api.w.org\/{rel}","templated":true}]}}