{"id":168332,"date":"2025-10-10T21:32:11","date_gmt":"2025-10-10T21:32:11","guid":{"rendered":"https:\/\/www.europesays.com\/es\/168332\/"},"modified":"2025-10-10T21:32:11","modified_gmt":"2025-10-10T21:32:11","slug":"la-casa-de-pueblo-de-un-icono-de-la-comunicacion-de-la-alta-costura-me-gusta-volver-aqui-para-reencontrarme-con-el-origen-de-mi-historia","status":"publish","type":"post","link":"https:\/\/www.europesays.com\/es\/168332\/","title":{"rendered":"La casa de pueblo de un icono de la comunicaci\u00f3n de la alta costura: \u201cMe gusta volver aqu\u00ed para reencontrarme con el origen de mi historia\u201d"},"content":{"rendered":"<p><strong>Una casa de pueblo de 1645 a los pies de las monta\u00f1as es el lugar donde Lucien Pag\u00e8s se reencuentra con su historia<\/strong><\/p>\n<p>Junto con la iglesia protestante, esta casa de pueblo de 1645 es una de las construcciones m\u00e1s antiguas de Vialas (Francia), una aldea de las C\u00e9vennes con menos de 300 habitantes que se multiplican con la llegada del buen tiempo. <strong>\u201cMe recuerda a las pel\u00edculas <a href=\"https:\/\/www.revistaad.es\/decoracion\/articulos\/exposicion-transatlanticos-victoria-and-albert\/19991\" rel=\"nofollow noopener\" target=\"_blank\">Titanic<\/a> y El resplandor al mismo tiempo\u201d, bromea Lucien Pag\u00e8s, cuya agencia de comunicaci\u00f3n y relaciones p\u00fablicas gestiona cuentas de grandes firmas de la alta costura<\/strong> (Jacquemus o Schiaparelli, entre otras).<\/p>\n<p>La actividad fren\u00e9tica de su <a data-offer-url=\"https:\/\/www.lucienpages.com\/\" class=\"external-link\" data-event-click=\"{&quot;element&quot;:&quot;ExternalLink&quot;,&quot;outgoingURL&quot;:&quot;https:\/\/www.lucienpages.com\/&quot;}\" href=\"https:\/\/www.lucienpages.com\/\" rel=\"nofollow noopener\" target=\"_blank\">empresa<\/a>, una colmena compuesta por 70 personas que ahora forma parte del colectivo creativo The Independents, contrasta con la calma de <strong>Chantoiseau, el antiguo <a href=\"https:\/\/www.revistaad.es\/articulos\/hoteles-encanto-diseno-buenos-2025-recomendaciones\" rel=\"nofollow noopener\" target=\"_blank\">hotel<\/a> de 20 habitaciones perteneciente a su familia que vive suspendido en el tiempo desde su cierre en 2004.<\/strong> Las llaves con forma de seta siguen colgadas detr\u00e1s de la recepci\u00f3n de madera maciza de casta\u00f1o, la gran cocina tambi\u00e9n permanece en su sitio, en un silencio solo interrumpido en verano por el chapoteo de la piscina turquesa y el canto de las cigarras.<\/p>\n<p><img decoding=\"async\" alt=\"Mesa de madera con libro de dibujos\" loading=\"lazy\" class=\"ResponsiveImageContainer-eNxvmU cfBbTk responsive-image__image\"   src=\"https:\/\/www.europesays.com\/es\/wp-content\/uploads\/2025\/10\/jukka%20(8).jpeg\"\/><\/p>\n<p>Detalle de la mesa del restaurante, con una campana de plata de Chantoiseau (la colecci\u00f3n creada para el establecimiento), un \u00e1lbum de recuerdos y el jarr\u00f3n Citrouille, de Astier de Villatte.<\/p>\n<p>\u00a9 Jukka Ovaskainen<strong>Donde empez\u00f3 todo<\/strong><\/p>\n<p>En invierno, en la ladera sur del monte, el mistral sopla con fuerza. En la <a href=\"https:\/\/www.revistaad.es\/articulos\/foster-partners-legado-bodegas-faustino-premio-architizer-a-awards\" rel=\"nofollow noopener\" target=\"_blank\">bodega<\/a>, miles de revistas de moda que Pag\u00e8s colecciona (junto con frascos de perfumes gigantes) han sustituido a los grandes vinos. Self Service, The Face, GARAGE, Love y muchas m\u00e1s descansan entre fotos familiares, litograf\u00edas de Pierre Comba y Herv\u00e9 Di Rosa y otros adornos desordenados, como el caballo de tiovivo bajo la enorme chimenea. <strong>\u201cMuchos de los que viven aqu\u00ed quer\u00edan escapar de la ciudad y de la vida. Las monta\u00f1as los protegen\u201d, confiesa nuestro anfitri\u00f3n, tan apegado a esta tierra con olor a casta\u00f1as, miel y queso p\u00e9lardon.<\/strong> Con bermudas vaqueras y una camisa vintage para hombre de Saint Laurent, Christiane, su madre, se ha mantenido fiel a sus pasiones: la recolecci\u00f3n de hongos, con los que llena los tarros de Le Parfait para hacer estofados y tortillas contundentes, y la elaboraci\u00f3n de mermeladas de fresa y albaricoques y sorbetes de verbena. \u201cSi me gusta volver aqu\u00ed no es por nostalgia, sino precisamente para reencontrarme con el origen de mi historia. <strong>Crec\u00ed entre estos <a href=\"https:\/\/www.revistaad.es\/articulos\/muros-biodiversos-solucion-islas-de-calor-que-mejora-el-ecosistema\" rel=\"nofollow noopener\" target=\"_blank\">muros<\/a> de piedra hasta los 15 a\u00f1os. Un lugar perdido y, al mismo tiempo, con un acceso incre\u00edble al mundo gracias a mi padre, un hombre curioso y emprendedor,<\/strong> un chef creativo admirador de Rabelais [humanista franc\u00e9s del siglo XV] que abri\u00f3 el primer bar de vinos de Mosc\u00fa\u201d.<\/p>\n","protected":false},"excerpt":{"rendered":"Una casa de pueblo de 1645 a los pies de las monta\u00f1as es el lugar donde Lucien Pag\u00e8s&hellip;\n","protected":false},"author":2,"featured_media":168333,"comment_status":"","ping_status":"","sticky":false,"template":"","format":"standard","meta":{"footnotes":""},"categories":[173],"tags":[229,233,231,230,1530,8372,232,234,146,147,25,24,12444,23,13721],"class_list":{"0":"post-168332","1":"post","2":"type-post","3":"status-publish","4":"format-standard","5":"has-post-thumbnail","7":"category-arte-y-diseno","8":"tag-arte","9":"tag-arte-y-diseno","10":"tag-arts","11":"tag-arts-and-design","12":"tag-casas-ad","13":"tag-decoracion","14":"tag-design","15":"tag-diseno","16":"tag-entertainment","17":"tag-entretenimiento","18":"tag-es","19":"tag-espana","20":"tag-magazine","21":"tag-spain","22":"tag-textabovecentergridwidth"},"share_on_mastodon":{"url":"","error":""},"_links":{"self":[{"href":"https:\/\/www.europesays.com\/es\/wp-json\/wp\/v2\/posts\/168332","targetHints":{"allow":["GET"]}}],"collection":[{"href":"https:\/\/www.europesays.com\/es\/wp-json\/wp\/v2\/posts"}],"about":[{"href":"https:\/\/www.europesays.com\/es\/wp-json\/wp\/v2\/types\/post"}],"author":[{"embeddable":true,"href":"https:\/\/www.europesays.com\/es\/wp-json\/wp\/v2\/users\/2"}],"replies":[{"embeddable":true,"href":"https:\/\/www.europesays.com\/es\/wp-json\/wp\/v2\/comments?post=168332"}],"version-history":[{"count":0,"href":"https:\/\/www.europesays.com\/es\/wp-json\/wp\/v2\/posts\/168332\/revisions"}],"wp:featuredmedia":[{"embeddable":true,"href":"https:\/\/www.europesays.com\/es\/wp-json\/wp\/v2\/media\/168333"}],"wp:attachment":[{"href":"https:\/\/www.europesays.com\/es\/wp-json\/wp\/v2\/media?parent=168332"}],"wp:term":[{"taxonomy":"category","embeddable":true,"href":"https:\/\/www.europesays.com\/es\/wp-json\/wp\/v2\/categories?post=168332"},{"taxonomy":"post_tag","embeddable":true,"href":"https:\/\/www.europesays.com\/es\/wp-json\/wp\/v2\/tags?post=168332"}],"curies":[{"name":"wp","href":"https:\/\/api.w.org\/{rel}","templated":true}]}}