{"id":168338,"date":"2025-10-10T21:35:13","date_gmt":"2025-10-10T21:35:13","guid":{"rendered":"https:\/\/www.europesays.com\/es\/168338\/"},"modified":"2025-10-10T21:35:13","modified_gmt":"2025-10-10T21:35:13","slug":"desestiman-la-demanda-de-drake-contra-universal-por-la-cancion-not-like-us-de-kendrick-lamar","status":"publish","type":"post","link":"https:\/\/www.europesays.com\/es\/168338\/","title":{"rendered":"Desestiman la demanda de Drake contra Universal por la canci\u00f3n &#8216;Not Like Us&#8217; de Kendrick Lamar"},"content":{"rendered":"<p class=\"article-text\">\n        Una jueza estadounidense desestim\u00f3 este jueves la demanda por difamaci\u00f3n del rapero <a href=\"https:\/\/www.eldiario.es\/cultura\/musica\/rechazo-drake-grammy-apunta-desprecio-musica-urbana_1_8559311.html\" data-mrf-recirculation=\"links-noticia\" class=\"link\" rel=\"nofollow noopener\" target=\"_blank\">Drake<\/a> contra el sello discogr\u00e1fico Universal Music Group por promocionar el popular tema de <a href=\"https:\/\/www.eldiario.es\/cultura\/musica\/kendrick-lamar-sza-desatan-rabia-politica-llevan-barcelona-compromiso-antirracismo_129_12504711.html\" data-mrf-recirculation=\"links-noticia\" class=\"link\" rel=\"nofollow noopener\" target=\"_blank\">Kendrick Lamar<\/a> Not Like Us, que lo tacha de ped\u00f3filo. La jueza Jeanette Vargas consider\u00f3 que Lamar, estadounidense e inusual ganador del premio Pulitzer por su l\u00edrica, expuso una \u201copini\u00f3n\u201d que no constituye difamaci\u00f3n, recoge Variety, poniendo punto final a una disputa del mundo del rap que salt\u00f3 a la cultura pop general este a\u00f1o.\n    <\/p>\n<p>    <a href=\"https:\/\/www.eldiario.es\/cultura\/libros\/suzanne-et-louise-libro-herve-guibert-interpelo-mirada-vejez-cuerpo-memoria_1_12669195.html\" data-mrf-recirculation=\"saber-mas\" data-dl-event=\"saber-mas\" rel=\"nofollow noopener\" target=\"_blank\"><\/p>\n<p class=\"know-more__title\">\u2018Suzanne et Louise\u2019, el libro con el que Herv\u00e9 Guibert interpel\u00f3 nuestra mirada sobre la vejez, el cuerpo y la memoria<\/p>\n<p>            <img decoding=\"async\" class=\"lazy\" loading=\"lazy\" data-src=\"https:\/\/static.eldiario.es\/clip\/5a6a0893-bc5d-45c3-bb50-21cc73b1f360_16-9-aspect-ratio_default_0.jpg\" src=\"data:image\/svg+xml,%3Csvg xmlns=\" http:=\"\" viewbox=\"0 0 880 495\" alt=\"\u2018Suzanne et Louise\u2019, el libro con el que Herv\u00e9 Guibert interpel\u00f3 nuestra mirada sobre la vejez, el cuerpo y la memoria\"\/><\/p>\n<p>                        <\/a><\/p>\n<p class=\"article-text\">\n        Lamar protagoniz\u00f3 el concierto de medio tiempo del <a href=\"https:\/\/www.eldiario.es\/cultura\/musica\/trump-critica-actuacion-bad-bunny-descanso-super-bowl-parece-absolutamente-ridiculo_1_12665874.html\" data-mrf-recirculation=\"links-noticia\" class=\"link\" rel=\"nofollow noopener\" target=\"_blank\">Super Bowl<\/a>, el mayor acontecimiento deportivo y medi\u00e1tico en EEUU, con tantos espectadores que sus anuncios publicitarios son los m\u00e1s caros, e interpret\u00f3 Not Like Us, que fue coreada por el estadio. La jueza dijo que \u201cel hecho de que la grabaci\u00f3n se hiciera en medio de una batalla de rap es esencial para valorar su impacto en un oyente razonable\u201d, y se\u00f1al\u00f3 que en ese contexto las declaraciones de Lamar en la letra de la canci\u00f3n toman un car\u00e1cter de opini\u00f3n.\n    <\/p>\n<p class=\"article-text\">\n        \u201cHasta las aparentes exposiciones de hechos asumen un car\u00e1cter de exposici\u00f3n de opini\u00f3n (&#8230;) cuando se hacen en el debate p\u00fablico, una disputa acalorada de trabajo u otras circunstancias en las que una audiencia puede anticipar el uso de ep\u00edtetos, ret\u00f3rica feroz o hip\u00e9rboles\u201d, dice. El 4 de mayo de 2024, Lamar dio a conocer Not Like Us, <a href=\"https:\/\/www.eldiario.es\/cultura\/musica\/beyonce-triunfa-grammy-disco-country-reivindica-artistas-negros_1_12014231.html\" data-mrf-recirculation=\"links-noticia\" class=\"link\" rel=\"nofollow noopener\" target=\"_blank\">ganadora a los Grammy<\/a> a mejor grabaci\u00f3n y canci\u00f3n del a\u00f1o, en la que repite unas acusaciones de hace una d\u00e9cada de que Drake es un ped\u00f3filo y tiene una hija secreta a la que se niega a reconocer.\n    <\/p>\n<p>    <a href=\"https:\/\/www.eldiario.es\/cultura\/rae-expresa-absoluta-repulsa-agresion-garcia-montero-declaraciones-son-lamentables_1_12672750.html\" data-mrf-recirculation=\"saber-mas-abajo\" data-dl-event=\"saber-mas-abajo\" rel=\"nofollow noopener\" target=\"_blank\"><\/p>\n<p class=\"know-more__title\">La RAE expresa su \u201cabsoluta repulsa\u201d ante la \u201cagresi\u00f3n\u201d de Garc\u00eda Montero: \u201cLas declaraciones son lamentables\u201d<\/p>\n<p>            <img decoding=\"async\" class=\"lazy\" loading=\"lazy\" data-src=\"https:\/\/static.eldiario.es\/clip\/f00e2c02-4e84-4cc7-a979-0338d9f11fa5_16-9-aspect-ratio_default_0.jpg\" src=\"data:image\/svg+xml,%3Csvg xmlns=\" http:=\"\" viewbox=\"0 0 880 495\" alt=\"La RAE expresa su &quot;absoluta repulsa&quot; ante la &quot;agresi\u00f3n&quot; de Garc\u00eda Montero: &quot;Las declaraciones son lamentables&quot;\"\/><\/p>\n<p>                        <\/a><\/p>\n<p class=\"article-text\">\n        Drake demand\u00f3 el pasado enero a Universal en un documento en el que no hizo menci\u00f3n a Lamar y en el que aleg\u00f3 que con Not Like Us, la discogr\u00e1fica \u201cdecidi\u00f3 publicar, promover, explotar y monetizar acusaciones que sab\u00eda no solo que eran falsas, sino tambi\u00e9n peligrosas\u201d. Este rapero, que es conocido por aplastar a sus rivales con sus canciones y que fue una de las primeras celebridades en apoyar a Lamar, respondi\u00f3 a ese tema tipo &#8216;diss&#8217; (de menosprecio) con otra canci\u00f3n, The Heart Part 6, en la que niega ser un pederasta.\n    <\/p>\n","protected":false},"excerpt":{"rendered":"Una jueza estadounidense desestim\u00f3 este jueves la demanda por difamaci\u00f3n del rapero Drake contra el sello discogr\u00e1fico Universal&hellip;\n","protected":false},"author":2,"featured_media":168339,"comment_status":"","ping_status":"","sticky":false,"template":"","format":"standard","meta":{"footnotes":""},"categories":[170],"tags":[6386,49195,33129,146,147,25,24,10388,10389,12600,184,185,49196,23,9732,6113,1559],"class_list":{"0":"post-168338","1":"post","2":"type-post","3":"status-publish","4":"format-standard","5":"has-post-thumbnail","7":"category-musica","8":"tag-demanda","9":"tag-desestiman","10":"tag-drake","11":"tag-entertainment","12":"tag-entretenimiento","13":"tag-es","14":"tag-espana","15":"tag-kendrick","16":"tag-lamar","17":"tag-like","18":"tag-music","19":"tag-musica","20":"tag-not","21":"tag-spain","22":"tag-tema","23":"tag-universal","24":"tag-us"},"share_on_mastodon":{"url":"","error":""},"_links":{"self":[{"href":"https:\/\/www.europesays.com\/es\/wp-json\/wp\/v2\/posts\/168338","targetHints":{"allow":["GET"]}}],"collection":[{"href":"https:\/\/www.europesays.com\/es\/wp-json\/wp\/v2\/posts"}],"about":[{"href":"https:\/\/www.europesays.com\/es\/wp-json\/wp\/v2\/types\/post"}],"author":[{"embeddable":true,"href":"https:\/\/www.europesays.com\/es\/wp-json\/wp\/v2\/users\/2"}],"replies":[{"embeddable":true,"href":"https:\/\/www.europesays.com\/es\/wp-json\/wp\/v2\/comments?post=168338"}],"version-history":[{"count":0,"href":"https:\/\/www.europesays.com\/es\/wp-json\/wp\/v2\/posts\/168338\/revisions"}],"wp:featuredmedia":[{"embeddable":true,"href":"https:\/\/www.europesays.com\/es\/wp-json\/wp\/v2\/media\/168339"}],"wp:attachment":[{"href":"https:\/\/www.europesays.com\/es\/wp-json\/wp\/v2\/media?parent=168338"}],"wp:term":[{"taxonomy":"category","embeddable":true,"href":"https:\/\/www.europesays.com\/es\/wp-json\/wp\/v2\/categories?post=168338"},{"taxonomy":"post_tag","embeddable":true,"href":"https:\/\/www.europesays.com\/es\/wp-json\/wp\/v2\/tags?post=168338"}],"curies":[{"name":"wp","href":"https:\/\/api.w.org\/{rel}","templated":true}]}}