{"id":168346,"date":"2025-10-10T21:39:22","date_gmt":"2025-10-10T21:39:22","guid":{"rendered":"https:\/\/www.europesays.com\/es\/168346\/"},"modified":"2025-10-10T21:39:22","modified_gmt":"2025-10-10T21:39:22","slug":"la-reaccion-de-jorge-javier-vazquez-a-las-lagrimas-de-jessica-bueno-en-supervivientes-all-stars-por-luitingo","status":"publish","type":"post","link":"https:\/\/www.europesays.com\/es\/168346\/","title":{"rendered":"La reacci\u00f3n de Jorge Javier V\u00e1zquez a las l\u00e1grimas de Jessica Bueno en &#8216;Supervivientes All Stars&#8217; por Luitingo"},"content":{"rendered":"<p data-journey-content=\"true\" data-node-id=\"3\" class=\"css-6wxqfj emevuu60\"><strong data-node-id=\"3.0\"><a href=\"https:\/\/www.diezminutos.es\/jorge-javier\/\" target=\"_blank\" data-vars-ga-outbound-link=\"https:\/\/www.diezminutos.es\/jorge-javier\/\" data-vars-ga-ux-element=\"Hyperlink\" data-vars-ga-call-to-action=\"Jorge Javier V\u00e1zquez\" data-node-id=\"3.0.0\" class=\"body-link css-177bzfx emevuu60\" rel=\"nofollow noopener\">Jorge Javier V\u00e1zquez<\/a> reacciona a las l\u00e1grimas de Jessica Bueno en <a href=\"https:\/\/diezminutos.es\/supervivientes-television\" target=\"_blank\" data-vars-ga-outbound-link=\"https:\/\/diezminutos.es\/supervivientes-television\" data-vars-ga-ux-element=\"Hyperlink\" data-vars-ga-call-to-action=\"&#039;Supervivientes All Stars&#039;\" data-node-id=\"3.0.2\" class=\"body-link css-177bzfx emevuu60\" rel=\"nofollow noopener\">&#8216;Supervivientes All Stars&#8217;<\/a> al recordar su relaci\u00f3n con Luitingo. <\/strong>Tras haber cumplido un mes de reality en Honduras, el reality nos ha dejado momentos emotivos pero inesperados; y es que despu\u00e9s de cuatro semanas comparti\u00e9ndolo todo, es evidente que <strong data-node-id=\"3.2\">los sentimientos est\u00e1n a flor de piel.<\/strong> En la <a href=\"https:\/\/www.diezminutos.es\/teleprograma\/programas-tv\/a68992511\/asi-fue-la-gala-6-de-supervivientes-all-stars\/\" target=\"_blank\" data-vars-ga-outbound-link=\"https:\/\/www.diezminutos.es\/teleprograma\/programas-tv\/a68992511\/asi-fue-la-gala-6-de-supervivientes-all-stars\/\" data-vars-ga-ux-element=\"Hyperlink\" data-vars-ga-call-to-action=\"\u00faltima gala\" data-node-id=\"3.4\" class=\"body-link css-177bzfx emevuu60\" rel=\"nofollow noopener\">\u00faltima gala<\/a> del concurso pudimos ver desde juegos in\u00e9ditos hasta una gran bronca contra Noel, todo ello a la espera de saber cu\u00e1l ser\u00eda el expulsado entre <a href=\"https:\/\/www.diezminutos.es\/famosos-corazon\/famosos-espanoles\/g60262588\/miri-perez-cabrero-vida-masterchef-supervivientes\/\" target=\"_blank\" data-vars-ga-outbound-link=\"https:\/\/www.diezminutos.es\/famosos-corazon\/famosos-espanoles\/g60262588\/miri-perez-cabrero-vida-masterchef-supervivientes\/\" data-vars-ga-ux-element=\"Hyperlink\" data-vars-ga-call-to-action=\"Miri P\u00e9rez\" data-node-id=\"3.6\" class=\"body-link css-177bzfx emevuu60\" rel=\"nofollow noopener\">Miri P\u00e9rez<\/a> y Alejandro Albal\u00e1, tras ser <a href=\"https:\/\/www.diezminutos.es\/gloria-camila\/\" target=\"_blank\" data-vars-ga-outbound-link=\"https:\/\/www.diezminutos.es\/gloria-camila\/\" data-vars-ga-ux-element=\"Hyperlink\" data-vars-ga-call-to-action=\"Gloria Camila\" data-node-id=\"3.8\" class=\"body-link css-177bzfx emevuu60\" rel=\"nofollow noopener\">Gloria Camila<\/a> y Tony Spina salvados por el p\u00fablico.<\/p>\n<p data-journey-content=\"true\" data-node-id=\"6\" class=\"css-6wxqfj emevuu60\">Miri y Alejandro, que han demostrado tener <a href=\"https:\/\/www.diezminutos.es\/teleprograma\/programas-tv\/a68838580\/miri-perez-cabrera-alejandro-albala-primera-noche-juntos-supervivientes-all-stars\/\" target=\"_blank\" data-vars-ga-outbound-link=\"https:\/\/www.diezminutos.es\/teleprograma\/programas-tv\/a68838580\/miri-perez-cabrera-alejandro-albala-primera-noche-juntos-supervivientes-all-stars\/\" data-vars-ga-ux-element=\"Hyperlink\" data-vars-ga-call-to-action=\"mucha qu\u00edmica\" data-node-id=\"6.1\" class=\"body-link css-177bzfx emevuu60\" rel=\"nofollow noopener\">mucha qu\u00edmica<\/a>, se bat\u00edan en un duelo por continuar en el concurso. \u00ab<strong data-node-id=\"6.3\">Es una persona que a m\u00ed aqu\u00ed me ha robado el alma, y estar nominado con ella es lo peor que me ha pasado<\/strong> en el concurso\u00bb, afirm\u00f3 Albal\u00e1, que confirm\u00f3 que le gustar\u00eda seguir conociendo a la exconcursante de <a href=\"https:\/\/www.diezminutos.es\/masterchef\/\" target=\"_blank\" data-vars-ga-outbound-link=\"https:\/\/www.diezminutos.es\/masterchef\/\" data-vars-ga-ux-element=\"Hyperlink\" data-vars-ga-call-to-action=\"&#039;Masterchef&#039;\" data-node-id=\"6.5\" class=\"body-link css-177bzfx emevuu60\" rel=\"nofollow noopener\">&#8216;Masterchef&#8217;<\/a> en Espa\u00f1a. \u00ab<strong data-node-id=\"6.7\">Esto ha fluido de la manera m\u00e1s natural y real que puede fluir algo<\/strong>\u00ab, aseguraba Miri. Sin embargo, sus bonitas palabras no impidieron su separaci\u00f3n ya que finalmente fue <a href=\"https:\/\/www.diezminutos.es\/teleprograma\/programas-tv\/a68992130\/supervivientes-all-stars-2025-miri-perez-cabrero-alejandro-albala-expulsion\/\" target=\"_blank\" data-vars-ga-outbound-link=\"https:\/\/www.diezminutos.es\/teleprograma\/programas-tv\/a68992130\/supervivientes-all-stars-2025-miri-perez-cabrero-alejandro-albala-expulsion\/\" data-vars-ga-ux-element=\"Hyperlink\" data-vars-ga-call-to-action=\"Alejandro Albal\u00e1 el expulsado\" data-node-id=\"6.9\" class=\"body-link css-177bzfx emevuu60\" rel=\"nofollow noopener\">Alejandro Albal\u00e1 el expulsado<\/a> por la audiencia.<\/p>\n<p><img draggable=\"true\" alt=\"despedida miri perez y alejandro albala en 'supervivientes all stars'\" title=\"despedida miri perez y alejandro albala\" loading=\"lazy\" width=\"2081\" height=\"1136\" decoding=\"async\" data-nimg=\"1\" style=\"color:transparent;width:100%;height:auto;\"   src=\"https:\/\/www.europesays.com\/es\/wp-content\/uploads\/2025\/10\/miri-perez-y-alejandro-albala-jpg-68e8b2e3c5c26.jpg\" class=\"css-0 e1g79fud0\"\/><\/p>\n<p>Telecinco<\/p>\n<p data-journey-content=\"true\" data-node-id=\"10\" class=\"css-6wxqfj emevuu60\">Con un porcentaje muy ajustado, <strong data-node-id=\"10.1\">Alejandro Albal\u00e1 tuvo que decir adi\u00f3s a &#8216;Supervivientes All Stars&#8217;<\/strong> ante la sorpresa de sus compa\u00f1eros, que no se movieron para dar a la parejita de Honduras un momento para despedirse. \u00ab<strong data-node-id=\"10.3\">Lo vas a hacer muy bien seguro<\/strong>\u00ab, le dec\u00eda a Miri P\u00e9rez, que se abrazaba al joven y le daba un beso en la mejilla. La situaci\u00f3n tambi\u00e9n <strong data-node-id=\"10.5\">emocion\u00f3 al resto de supervivientes<\/strong>, especialmente a <a href=\"https:\/\/www.diezminutos.es\/famosos-corazon\/famosos-espanoles\/a65526958\/jessica-bueno-vida\/\" target=\"_blank\" data-vars-ga-outbound-link=\"https:\/\/www.diezminutos.es\/famosos-corazon\/famosos-espanoles\/a65526958\/jessica-bueno-vida\/\" data-vars-ga-ux-element=\"Hyperlink\" data-vars-ga-call-to-action=\"Jessica Bueno\" data-node-id=\"10.7\" class=\"body-link css-177bzfx emevuu60\" rel=\"nofollow noopener\"><strong data-node-id=\"10.7.0\">Jessica Bueno<\/strong><\/a>, que romp\u00eda a llorar ante la despedida de la pareja.<\/p>\n<p>Jessica Bueno se emociona en la despedida de Miri y Albal\u00e1: \u00abMe recuerda a una historia que yo viv\u00ed\u00bb<\/p>\n<p data-journey-content=\"true\" data-node-id=\"15\" class=\"css-6wxqfj emevuu60\"><strong data-node-id=\"15.0\">Al ver sus l\u00e1grimas, Jorge Javier V\u00e1zquez reaccionada sorprendido y le preguntaba por el motivo de su emoci\u00f3n.<\/strong> \u00abMe recuerda a una historia que yo viv\u00ed hace muy poco\u00bb, se sinceraba Jessica, rememorando su relaci\u00f3n con Luitingo, que <a href=\"https:\/\/www.diezminutos.es\/famosos-corazon\/famosos-espanoles\/a63891804\/jessica-bueno-luitingo-rompen-confirmacion\/\" target=\"_blank\" data-vars-ga-outbound-link=\"https:\/\/www.diezminutos.es\/famosos-corazon\/famosos-espanoles\/a63891804\/jessica-bueno-luitingo-rompen-confirmacion\/\" data-vars-ga-ux-element=\"Hyperlink\" data-vars-ga-call-to-action=\"acab\u00f3 en febrero\" data-node-id=\"15.2\" class=\"body-link css-177bzfx emevuu60\" rel=\"nofollow noopener\">acab\u00f3 en febrero<\/a>. \u00ab<strong data-node-id=\"15.4\">Fue tan bonito&#8230;<\/strong> No s\u00e9, estoy muy sensible\u00bb. A pesar de estos recuerdos bonitos y de admitir que lleg\u00f3 a enamorarse, la ex de <a href=\"https:\/\/www.diezminutos.es\/kiko-rivera\/\" target=\"_blank\" data-vars-ga-outbound-link=\"https:\/\/www.diezminutos.es\/kiko-rivera\/\" data-vars-ga-ux-element=\"Hyperlink\" data-vars-ga-call-to-action=\"Kiko Rivera\" data-node-id=\"15.6\" class=\"body-link css-177bzfx emevuu60\" rel=\"nofollow noopener\">Kiko Rivera<\/a> a\u00f1adi\u00f3 que \u00ab<strong data-node-id=\"15.8\">acab\u00f3 fatal<\/strong>\u00bb y que espera que \u00ab<strong data-node-id=\"15.10\">no les pase a ellos lo mismo<\/strong>\u00ab.<\/p>\n<p><img draggable=\"true\" alt=\"jessica bueno recuerda entre lagrimas a luitingo en 'supervivientes'\" title=\"Jessica bueno recuerda a luitingo en 'supervivientes'\" loading=\"lazy\" width=\"2017\" height=\"1117\" decoding=\"async\" data-nimg=\"1\" style=\"color:transparent;width:100%;height:auto;\"   src=\"https:\/\/www.europesays.com\/es\/wp-content\/uploads\/2025\/10\/jessica-bueno-recuerda-a-luitingo-jpg-68e8b433aad7b.jpg\" class=\"css-0 e1g79fud0\"\/><\/p>\n<p>Telecinco<\/p>\n<p data-journey-content=\"true\" data-node-id=\"18\" class=\"css-6wxqfj emevuu60\">\u00abCada uno lleva su vida y <strong data-node-id=\"18.1\">creo que la decisi\u00f3n que tomamos fue lo m\u00e1s maduro para los dos<\/strong>\u00bb explicaba Jessica Bueno sobre su <a href=\"https:\/\/www.diezminutos.es\/famosos-corazon\/famosos-espanoles\/a63891804\/jessica-bueno-luitingo-rompen-confirmacion\/\" target=\"_blank\" data-vars-ga-outbound-link=\"https:\/\/www.diezminutos.es\/famosos-corazon\/famosos-espanoles\/a63891804\/jessica-bueno-luitingo-rompen-confirmacion\/\" data-vars-ga-ux-element=\"Hyperlink\" data-vars-ga-call-to-action=\"ruptura con Luitingo\" data-node-id=\"18.3\" class=\"body-link css-177bzfx emevuu60\" rel=\"nofollow noopener\">ruptura con Luitingo<\/a>. \u00ab<strong data-node-id=\"18.5\"><strong data-node-id=\"18.5.0\"\/>Est\u00e1bamos en momentos vitales diferentes<\/strong> y lleg\u00f3 un momento que nos superaron muchas cosas de nuestra vida, sobre todo de la m\u00eda. <strong data-node-id=\"18.7\">\u00c9l quer\u00eda unas cosas para su vida y yo no pod\u00eda darle lo que \u00e9l quer\u00eda<\/strong>\u00ab. Con el recuerdo de su bonita historia de amor, Jessica Bueno termin\u00f3 con un mensaje sincero hacia el que fue su pareja: \u00ab<strong data-node-id=\"18.9\">Espero que sea muy feliz<\/strong>\u00ab. <\/p>\n","protected":false},"excerpt":{"rendered":"Jorge Javier V\u00e1zquez reacciona a las l\u00e1grimas de Jessica Bueno en &#8216;Supervivientes All Stars&#8217; al recordar su relaci\u00f3n&hellip;\n","protected":false},"author":2,"featured_media":168347,"comment_status":"","ping_status":"","sticky":false,"template":"","format":"standard","meta":{"footnotes":""},"categories":[91],"tags":[253,146,147,25,24,23],"class_list":{"0":"post-168346","1":"post","2":"type-post","3":"status-publish","4":"format-standard","5":"has-post-thumbnail","7":"category-entretenimiento","8":"tag-discover","9":"tag-entertainment","10":"tag-entretenimiento","11":"tag-es","12":"tag-espana","13":"tag-spain"},"share_on_mastodon":{"url":"","error":""},"_links":{"self":[{"href":"https:\/\/www.europesays.com\/es\/wp-json\/wp\/v2\/posts\/168346","targetHints":{"allow":["GET"]}}],"collection":[{"href":"https:\/\/www.europesays.com\/es\/wp-json\/wp\/v2\/posts"}],"about":[{"href":"https:\/\/www.europesays.com\/es\/wp-json\/wp\/v2\/types\/post"}],"author":[{"embeddable":true,"href":"https:\/\/www.europesays.com\/es\/wp-json\/wp\/v2\/users\/2"}],"replies":[{"embeddable":true,"href":"https:\/\/www.europesays.com\/es\/wp-json\/wp\/v2\/comments?post=168346"}],"version-history":[{"count":0,"href":"https:\/\/www.europesays.com\/es\/wp-json\/wp\/v2\/posts\/168346\/revisions"}],"wp:featuredmedia":[{"embeddable":true,"href":"https:\/\/www.europesays.com\/es\/wp-json\/wp\/v2\/media\/168347"}],"wp:attachment":[{"href":"https:\/\/www.europesays.com\/es\/wp-json\/wp\/v2\/media?parent=168346"}],"wp:term":[{"taxonomy":"category","embeddable":true,"href":"https:\/\/www.europesays.com\/es\/wp-json\/wp\/v2\/categories?post=168346"},{"taxonomy":"post_tag","embeddable":true,"href":"https:\/\/www.europesays.com\/es\/wp-json\/wp\/v2\/tags?post=168346"}],"curies":[{"name":"wp","href":"https:\/\/api.w.org\/{rel}","templated":true}]}}