{"id":168354,"date":"2025-10-10T21:44:15","date_gmt":"2025-10-10T21:44:15","guid":{"rendered":"https:\/\/www.europesays.com\/es\/168354\/"},"modified":"2025-10-10T21:44:15","modified_gmt":"2025-10-10T21:44:15","slug":"mazon-justifica-su-ausencia-en-las-horas-criticas-de-la-dana-con-bulos-sobre-la-actuacion-del-socialista-garcia-page","status":"publish","type":"post","link":"https:\/\/www.europesays.com\/es\/168354\/","title":{"rendered":"Maz\u00f3n justifica su ausencia en las horas cr\u00edticas de la dana con bulos sobre la actuaci\u00f3n del socialista Garc\u00eda-Page"},"content":{"rendered":"<p class=\"article-text\">\n        El presidente del Gobierno valenciano, Carlos Maz\u00f3n,.no escatim\u00f3 en la difusi\u00f3n de mentiras en la <a href=\"https:\/\/www.apuntmedia.es\/noticies\/politica\/mazon-impossible-avisar-barranc-poio-l-horteta-saleta-hi-va-haver-informacio-agencies-estatals_1_1820776.html\" data-mrf-recirculation=\"links-noticia\" class=\"link\" target=\"_blank\" rel=\"nofollow noopener\">entrevista que emiti\u00f3 la televisi\u00f3n p\u00fablica valenciana \u00c0 Punt<\/a> este jueves por la noche con el objetivo de eludir cualquier responsabilidad de la tr\u00e1gica dana que cost\u00f3 229 vidas en la provincia de Valencia.\n    <\/p>\n<p>    <a href=\"https:\/\/www.eldiario.es\/castilla-la-mancha\/politica\/indignacion-castilla-mancha-mazon-comparar-ocurrido-valencia-letur-dana_1_12674207.html\" data-mrf-recirculation=\"saber-mas\" data-dl-event=\"saber-mas\" rel=\"nofollow noopener\" target=\"_blank\"><\/p>\n<p class=\"know-more__title\">\u00abIndignaci\u00f3n\u00bb en Castilla-La Mancha tras el intento de Maz\u00f3n de comparar lo ocurrido en Valencia y Letur por la dana<\/p>\n<p>            <img decoding=\"async\" class=\"lazy\" loading=\"lazy\" data-src=\"https:\/\/static.eldiario.es\/clip\/bd29589a-014b-4cf0-8398-d27d7a226a30_16-9-aspect-ratio_default_0.jpg\" src=\"data:image\/svg+xml,%3Csvg xmlns=\" http:=\"\" viewbox=\"0 0 880 495\" alt=\"&quot;Indignaci\u00f3n&quot; en Castilla-La Mancha tras el intento de Maz\u00f3n de comparar lo ocurrido en Valencia y Letur por la dana\"\/><\/p>\n<p>                        <\/a><\/p>\n<p class=\"article-text\">\n        A los bulos ya cl\u00e1sicos y desmontados incluso por la jueza de Catarroja que investiga la gesti\u00f3n de la cat\u00e1strofe, tales como la supuesta falta de informaci\u00f3n por parte tanto de la Agencia Estatal de Meteorolog\u00eda (Aemet) o de la Confederaci\u00f3n Hidrogr\u00e1fica del J\u00facar (CHJ), a\u00f1adi\u00f3 otro con el que trat\u00f3 de justificar su ausencia en las horas m\u00e1s cr\u00edticas.\n    <\/p>\n<p class=\"article-text\">\n        Maz\u00f3n asegur\u00f3 que el presidente socialista de Castilla-La Mancha, Emiliano Garc\u00eda-Page, tampoco estuvo en el Centro de Coordinaci\u00f3n Operativa Integrado (Cecopi) teniendo aviso rojo por lluvias y de no haber detallado su agenda de quel d\u00eda 29 de octubre. El jefe del Consell lament\u00f3 una supuesta vara de medir diferente para ambos presidentes, teniendo en cuenta en la comunidad vecina hubo seis fallecidos, en concreto en Letur.\n    <\/p>\n<p class=\"article-text\">\n        En concreto, el presidente valenciano dijo. \u201cEse d\u00eda en Letur, en Albacete, hubo alerta roja. Ese d\u00eda hubo un Cecopi en Letur, ese d\u00eda hubo fallecidos. El presidente de Castilla-La Mancha no fue a ese Cecopi. Nadie le pregunt\u00f3 a las 18.14 d\u00f3nde estaba, ni a las 18.45, con un debate de un minutaje y un horario absolutamente fuera de rango y de lugar con el que la izquierda pol\u00edtica exclusivamente aqu\u00ed, en la Comunidad Valenciana, ha querido hacer bandera, como si eso hubiera tenido alguna incidencia en la toma de decisiones operativas. Ni una sola decisi\u00f3n operativa puede ni debe pasar ni ha pasado jam\u00e1s por ning\u00fan presidente de la Generalitat\u201d.\n    <\/p>\n<p class=\"article-text\">\n        Sin embargo, fuentes de presidencia de Castilla-La Mancha aseguran a elDiario.es que \u201clas dos cosas que dice Maz\u00f3n son falsas\u201d, en referencia al aviso rojo y a la no asistencia de Garc\u00eda-Page al centro operativo de la emergencia. Adem\u00e1s, al contrario de lo que hizo Maz\u00f3n aquel d\u00eda, Garc\u00eda-Page suspendi\u00f3 toda su agenda.\n    <\/p>\n<blockquote class=\"twitter-tweet\" data-lang=\"es\"><p><a href=\"https:\/\/twitter.com\/X\/status\/1976582877979832382?ref_src=twsrc%5Etfw\" rel=\"nofollow noopener\" target=\"_blank\"><\/p><\/blockquote>\n<p class=\"article-text\">\n        Como detall\u00f3 el propio Garc\u00eda-Page en una entrevista con Risto Mejide que ha circulado como la p\u00f3lvora por las redes sociales tras emitirse la de Maz\u00f3n, en Castilla-La Mancha \u201cnunca\u201d llegaron a tener nivel rojo, aunque montaron el mismo dispositivo que si lo hubieran tenido: \u201cPara entendernos, se mont\u00f3 un mando avanzado aqu\u00ed [en Letur], que a m\u00ed donde me interesa realmente estar m\u00e1s que en los servicios del 112, es en el mando avanzado porque est\u00e1s con el alcalde. Ser\u00eda sobre las 14.00 o las 15.00 horas, no mir\u00e9 exactamente la hora. S\u00e9 que estaba empezando a ver algo del Telediario y ten\u00edamos agenda por la tarde y al d\u00eda siguiente, pero la suspend\u00ed toda porque preve\u00edamos que esto nos ten\u00edamos que centrar\u201d, dijo Page.\n    <\/p>\n<p class=\"article-text\">\n        Fuentes de la Presidencia de Castilla-La Mancha han reaccionado con indignaci\u00f3n a las palabras del president valenciano y aseguran que \u201clas dos cosas que dice Maz\u00f3n son falsas\u201d. En este sentido, seg\u00fan abundan, \u201ces falso que hubiera alerta roja y es falso que, por tanto, se montara ning\u00fan Cecopi\u201d, en la localidad de Letur.\n    <\/p>\n<p class=\"article-text\">\n        En realidad, lo que se habilit\u00f3 en la tarde-noche del martes 29 de octubre fue el colegio tanto para albergar a unas 40 personas y tambi\u00e9n a los miembros del puesto de mando avanzado (PMA), tras la riada de agua que, en dos olas, y durante unos diez minutos, atraves\u00f3 la rambla del arroyo de Letur que discurre por el casco antiguo, habitualmente seca, aunque canalizada. El agua proced\u00eda de una zona elevada, ya en la provincia de Murcia. Ni siquiera llov\u00eda, seg\u00fan los testimonios de aquellos momentos que hablan de una especie de lengua \u201cmarr\u00f3n\u201d que arras\u00f3 una parte del pueblo. El 29 de octubre el presidente castellanomanchego hab\u00eda suspendido su agenda.\n    <\/p>\n<p class=\"article-text\">\n        De hecho, un teletipo de Europa Press del 29 de octubre del a\u00f1o pasado, d\u00eda de la dana, informaba de que \u201cel presidente de Castilla-La Mancha, Emiliano Garc\u00eda-Page, ha cancelado su agenda institucional de este mi\u00e9rcoles en la ciudad de Cuenca para dirigirse desde Toledo y a primera hora de la ma\u00f1ana al puesto de mando que coordina las actuaciones en la localidad albacete\u00f1a de Letur, donde el temporal deja por el momento un saldo de seis desaparecidos\u201d.\n    <\/p>\n<p>    <a href=\"https:\/\/www.eldiario.es\/comunitat-valenciana\/mentiras-mazon-primera-entrevista-11-meses-30-gotas-frias-multas-limpiar-barrancos_1_12666847.html\" data-mrf-recirculation=\"saber-mas-abajo\" data-dl-event=\"saber-mas-abajo\" rel=\"nofollow noopener\" target=\"_blank\"><\/p>\n<p class=\"know-more__title\">Las mentiras de Maz\u00f3n en su primera entrevista en 11 meses: de las 30 gotas fr\u00edas a las multas por limpiar barrancos<\/p>\n<p>            <img decoding=\"async\" class=\"lazy\" loading=\"lazy\" data-src=\"https:\/\/static.eldiario.es\/clip\/1b6802e2-91e6-4bf0-a403-7b66157815ea_16-9-aspect-ratio_default_0.jpg\" src=\"data:image\/svg+xml,%3Csvg xmlns=\" http:=\"\" viewbox=\"0 0 880 495\" alt=\"Las mentiras de Maz\u00f3n en su primera entrevista en 11 meses: de las 30 gotas fr\u00edas a las multas por limpiar barrancos\"\/><\/p>\n<p>                        <\/a><\/p>\n<p class=\"article-text\">\n        Seg\u00fan precisaron desde el gabinete del presidente a Europa Press, la convocatoria de ese martes en la que el presidente ten\u00eda previsto acompa\u00f1ar a la empresa Sumitomo en su presentaci\u00f3n en la capital conquense fue asumida por el vicepresidente primero, Jos\u00e9 Luis Mart\u00ednez Guijarro.\n    <\/p>\n<p>                                    <script async src=\"https:\/\/platform.twitter.com\/widgets.js\" charset=\"utf-8\"><\/script><\/p>\n","protected":false},"excerpt":{"rendered":"El presidente del Gobierno valenciano, Carlos Maz\u00f3n,.no escatim\u00f3 en la difusi\u00f3n de mentiras en la entrevista que emiti\u00f3&hellip;\n","protected":false},"author":2,"featured_media":168355,"comment_status":"","ping_status":"","sticky":false,"template":"","format":"standard","meta":{"footnotes":""},"categories":[5],"tags":[517,2206,1705,17,18,3965,242,25,24,13,14,11,1667,19,20,9,10,15,16,1925,23,12,21,22,235],"class_list":{"0":"post-168354","1":"post","2":"type-post","3":"status-publish","4":"format-standard","5":"has-post-thumbnail","7":"category-titulares","8":"tag-actualidad","9":"tag-alicante","10":"tag-analisis","11":"tag-breaking-news","12":"tag-breakingnews","13":"tag-castellon","14":"tag-comunidad-valenciana","15":"tag-es","16":"tag-espana","17":"tag-featured-news","18":"tag-featurednews","19":"tag-headlines","20":"tag-informacion","21":"tag-latest-news","22":"tag-latestnews","23":"tag-news","24":"tag-noticias","25":"tag-noticias-destacadas","26":"tag-noticiasdestacadas","27":"tag-opinion","28":"tag-spain","29":"tag-titulares","30":"tag-ultimas-noticias","31":"tag-ultimasnoticias","32":"tag-valencia"},"share_on_mastodon":{"url":"","error":""},"_links":{"self":[{"href":"https:\/\/www.europesays.com\/es\/wp-json\/wp\/v2\/posts\/168354","targetHints":{"allow":["GET"]}}],"collection":[{"href":"https:\/\/www.europesays.com\/es\/wp-json\/wp\/v2\/posts"}],"about":[{"href":"https:\/\/www.europesays.com\/es\/wp-json\/wp\/v2\/types\/post"}],"author":[{"embeddable":true,"href":"https:\/\/www.europesays.com\/es\/wp-json\/wp\/v2\/users\/2"}],"replies":[{"embeddable":true,"href":"https:\/\/www.europesays.com\/es\/wp-json\/wp\/v2\/comments?post=168354"}],"version-history":[{"count":0,"href":"https:\/\/www.europesays.com\/es\/wp-json\/wp\/v2\/posts\/168354\/revisions"}],"wp:featuredmedia":[{"embeddable":true,"href":"https:\/\/www.europesays.com\/es\/wp-json\/wp\/v2\/media\/168355"}],"wp:attachment":[{"href":"https:\/\/www.europesays.com\/es\/wp-json\/wp\/v2\/media?parent=168354"}],"wp:term":[{"taxonomy":"category","embeddable":true,"href":"https:\/\/www.europesays.com\/es\/wp-json\/wp\/v2\/categories?post=168354"},{"taxonomy":"post_tag","embeddable":true,"href":"https:\/\/www.europesays.com\/es\/wp-json\/wp\/v2\/tags?post=168354"}],"curies":[{"name":"wp","href":"https:\/\/api.w.org\/{rel}","templated":true}]}}