{"id":168357,"date":"2025-10-10T21:49:13","date_gmt":"2025-10-10T21:49:13","guid":{"rendered":"https:\/\/www.europesays.com\/es\/168357\/"},"modified":"2025-10-10T21:49:13","modified_gmt":"2025-10-10T21:49:13","slug":"entrevista-con-carlos-lopez-montagud-el-tenista-que-supero-una-dana","status":"publish","type":"post","link":"https:\/\/www.europesays.com\/es\/168357\/","title":{"rendered":"Entrevista con Carlos L\u00f3pez Montagud, el tenista que super\u00f3 una DANA"},"content":{"rendered":"<p class=\"quota-display text-align-center\">\n        <a href=\"https:\/\/www.puntodebreak.com\/MDBA-B3-PDB-QUOTA-25\" rel=\"sponsored nofollow noopener\" title=\"Apuesta en bet365\" target=\"_blank\"><\/p>\n<p>            <img decoding=\"async\" alt=\"Bet365\" class=\"bet-logo lazyload\" loading=\"lazy\" src=\"https:\/\/www.europesays.com\/es\/wp-content\/uploads\/2025\/09\/1759049599_514_b365.jpg\"\/>Streaming ATP Stockholm en directo<\/p>\n<p> \ud83c\udfbe Rei Sakamoto vs Mark Lajal<\/p>\n<ol class=\"stream-card__steps\">\n<li>Entra aqu\u00ed y reg\u00edstrate en Bet365<\/li>\n<li>Haz tu primer dep\u00f3sito de m\u00ednimo 5\u00a0\u20ac<\/li>\n<li>Entra en la secci\u00f3n \u00abDirecto\u00bb y ve todos los partidos<\/li>\n<\/ol>\n<p>\n                                Ver partido en Bet365\n                            <\/p>\n<p>        <\/a>\n      <\/p>\n<p class=\"text-align-justify\">Aqu\u00ed solemos hablar de tenis como si no hubiera nada m\u00e1s importante, pero somos conscientes de que no es as\u00ed. Esta realidad le toc\u00f3 vivirla a <b>Carlos L\u00f3pez Montagud<\/b> hace justo un a\u00f1o, cuando la <b>DANA<\/b> de Valencia amenaz\u00f3 con destruir todos los bienes familiares.<\/p>\n<p class=\"text-align-justify\">Un 29 de octubre de 2024, esa es la fecha que <a href=\"https:\/\/www.puntodebreak.com\/2023\/11\/27\/he-aprendido-no-acaba-mundo-pierdes-partido\" rel=\"nofollow noopener\" target=\"_blank\"><b>Carlos L\u00f3pez Montagud<\/b><\/a> (Algemes\u00ed, 2000) jam\u00e1s podr\u00e1 olvidar. La tarde donde el cielo se cay\u00f3 en gran parte de la Comunidad Valenciana para dejar unas lluvias torrenciales de m\u00e1s de 700l\/m2 en algunas de sus localidades. M\u00e1s de 200 v\u00edctimas, pueblos arrasados y familias completamente empobrecidas. Hablamos de una de las cat\u00e1strofes naturales m\u00e1s graves que hemos vivido en la historia de nuestro pa\u00eds, all\u00ed donde el tenista de 25 a\u00f1os descubri\u00f3 lo que era el miedo de verdad.<\/p>\n<p><b>-Carlos L\u00f3pez Montagud, el tenista que super\u00f3 una\u00a0DANA<\/b><\/p>\n<p class=\"text-align-justify\">El valenciano aparec\u00eda esta semana en el cuadro principal de la <a href=\"https:\/\/www.puntodebreak.com\/tenis\/atp-challenger-valencia-2025\" rel=\"nofollow noopener\" target=\"_blank\"><strong>Copa Faulcombridge<\/strong><\/a>, en el Club de Tenis Valencia, donde pertenece. La organizaci\u00f3n le tuvo en cuenta a la hora de repartir las wildcards y el espa\u00f1ol respondi\u00f3 con creces: ganando en primera ronda a <a href=\"https:\/\/www.puntodebreak.com\/2025\/04\/25\/elmer-moller-camaleon-espera-marbella\" rel=\"nofollow noopener\" target=\"_blank\"><strong>Elmer Moller<\/strong><\/a>, n\u00famero 122 del ranking y quinto cabeza de serie del torneo. Solo por este triunfo ya merec\u00eda la pena sentarse con Carlos para hablar de su carrera, aunque la <a href=\"https:\/\/www.puntodebreak.com\/tag\/entrevista\" rel=\"nofollow noopener\" target=\"_blank\"><strong>entrevista<\/strong><\/a> r\u00e1pidamente girar\u00e1 hacia una direcci\u00f3n diferente. Su terror\u00edfica experiencia hace un a\u00f1o con una <strong>DANA<\/strong> que cambi\u00f3 su mentalidad para siempre.<\/p>\n<p class=\"text-align-justify\"><b>Te vas del torneo con tu mejor victoria del curso, \u00bfpuede ser?<\/b><\/p>\n<p class=\"text-align-justify\">Sin duda, es la mejor. Ese d\u00eda sal\u00ed muy satisfecho por el partido pero tambi\u00e9n muy satisfecho por el trabajo que vengo haciendo en los \u00faltimos meses. Contento de ver que todo lo que hay detr\u00e1s va poco a poco dando sus frutos, aunque todav\u00eda queda mucho camino por recorrer.<\/p>\n<p class=\"text-align-justify\"><b>Fue tu mejor victoria, \u00bftambi\u00e9n tu mejor partido?<\/b><\/p>\n<p class=\"text-align-justify\">Para m\u00ed no, pero en estas condiciones y jugando en casa s\u00e9 que puedo hacerlo bien. Si estoy concentrado y metido en el partido, s\u00e9 que puedo competir ante esta gente. Ni mucho menos hice el partido de mi vida, pero s\u00ed hice lo que ten\u00eda que hacer, aunque \u00e9l tambi\u00e9n estuvo un poco m\u00e1s irregular.<\/p>\n<p><img decoding=\"async\" alt=\"Carlos L\u00f3pez Montagud logra en Valencia su mejor victoria.\" data-entity-type=\"file\" data-entity-uuid=\"f6b8d3b1-617f-46e1-9a3f-c1945802d04d\" class=\"align-center lazyload\" width=\"764\" height=\"568\" loading=\"lazy\" src=\"https:\/\/www.europesays.com\/es\/wp-content\/uploads\/2025\/10\/Entrevista-Carlos-Lopez-Montagud-Valencia-2025-Celebraci\u00f3n.png\"\/><\/p>\n<p class=\"text-align-justify\">\u00a0<\/p>\n<p class=\"text-align-justify\"><b>\u00bfLa mejor victoria de tu carrera?<\/b><\/p>\n<p class=\"text-align-justify\">Pues no lo s\u00e9\u2026 el a\u00f1o pasado le gan\u00e9 a Albert Ramos en San Marino, quiz\u00e1 sea esa [\u2026] Ahora me viene a la cabeza otra, en este mismo torneo, hace unos a\u00f1os, contra Blancaneux, que estaba #130 del ranking.<\/p>\n<p class=\"text-align-justify\"><b>\u00bfC\u00f3mo valoras tu 2025?<\/b><\/p>\n<p class=\"text-align-justify\">Este a\u00f1o ha sido malo, cambi\u00e9 de raqueta y tuve muchas dudas. Ahora estoy en un proceso de reencontrarme conmigo mismo, recuperar mi sistema de juego y cerrar muchos detalles a nivel t\u00e9cnico y psicol\u00f3gico. Estoy en el camino, pero es complicado saber en qu\u00e9 punto del mismo. Lo que s\u00ed me veo es m\u00e1s maduro, un poco m\u00e1s s\u00f3lido, pero tampoco es que sea un jugador diferente al de hace dos a\u00f1os.<\/p>\n<p class=\"text-align-justify\"><b>Con 25 a\u00f1os sigues peleando por traspasar la barrera del top300, \u00bfqu\u00e9 tal vas de paciencia?<\/b><\/p>\n<p class=\"text-align-justify\">Desde que empec\u00e9 a trabajar en G Tennis he recuperado esa paciencia en grandes cantidades, pero en el pasado s\u00ed tuve momento de no saber cu\u00e1nto tiempo me quedaba. \u00bfCu\u00e1nto m\u00e1s estoy dispuesto a sufrir e invertir en esto? Al final me di una nueva oportunidad y ahora tengo la barra de paciencia a tope, me quedan muchos a\u00f1os de trabajo. No quiero encasillarme con ninguna edad ni con ning\u00fan ranking, hay gente que se mete con 18 y otros lo hacen con 30. No te puedes comparar con nadie, cada jugador tiene su camino y sus circunstancias. Por ejemplo, a m\u00ed el a\u00f1o pasado me toc\u00f3 vivir la DANA\u2026<\/p>\n<p class=\"text-align-justify\"><b>\u00bfC\u00f3mo fue aquello?<\/b><\/p>\n<p class=\"text-align-justify\">Fue muy heavy, momentos muy duros [\u2026] Mi padre, que le quedan seis a\u00f1os para jubilarse, lo perdi\u00f3 absolutamente todo porque el agua entr\u00f3 1\u201950m en su nave. Ha tenido que reconstruirlo todo a su edad, eso te ense\u00f1a a valorar lo que tenemos, la perspectiva te cambia por completo. Hoy veo la vida de otra manera.<\/p>\n<p class=\"text-align-justify\"><b>\u00bfD\u00f3nde te pill\u00f3 aquel 29 de octubre?<\/b><\/p>\n<p class=\"text-align-justify\">Estaba en casa, en Algemes\u00ed. Recuerdo ver la calle c\u00f3mo iba llen\u00e1ndose de agua. Primero agua limpia, pero luego ya marroncita. Mi madre ten\u00eda aparcado el coche en la calle y fuimos viendo c\u00f3mo se lo iba llevando el agua. Se fue la luz, se fue la cobertura, quedamos incomunicados. A la ma\u00f1ana siguiente me cruc\u00e9 el pueblo andando para ir a casa de mi novia, ah\u00ed fue cuando me encontr\u00e9 con la realidad, en la calle, ese fue el momento que m\u00e1s me impact\u00f3. Estaba todo el mundo en silencio, barriendo, llorando, sacando cosas a la calle. Ese silencio es indescriptible, se me pone la piel de gallina solo de pensarlo.<\/p>\n<p><img decoding=\"async\" alt=\"As\u00ed qued\u00f3 el pueblo de Algemes\u00ed tras la DANA de 2024.\" data-entity-type=\"file\" data-entity-uuid=\"b2b8072c-9a84-4189-98a4-1fc17a12dd81\" class=\"align-center lazyload\" width=\"391\" height=\"583\" loading=\"lazy\" src=\"https:\/\/www.europesays.com\/es\/wp-content\/uploads\/2025\/10\/Entrevista-Carlos-Lopez-Montagud-Valencia-2025-DANA-Algemesi_0.png\"\/><\/p>\n<p class=\"text-align-justify\">\u00a0<\/p>\n<p class=\"text-align-justify\"><b>\u00bfQui\u00e9nes fueron los m\u00e1s perjudicados?<\/b><\/p>\n<p class=\"text-align-justify\">Sobre todo la gente mayor, los que ya vivieron la riada anterior del 82. Para esa gente, volver a empezar de cero\u2026 les ha hecho mucho da\u00f1o, yo lo he vivido con mis abuelos. Hasta que no han vuelto a tener la casa arreglada, casi un a\u00f1o despu\u00e9s, no han vuelto a estar bien.<\/p>\n<p class=\"text-align-justify\"><b>Esos d\u00edas te olvidaste del tenis.<\/b><\/p>\n<p class=\"text-align-justify\">Pues mira, justo el d\u00eda despu\u00e9s me tuve que ir al Campeonato por equipos que se jugaba en Murcia, necesitaba el dinero m\u00e1s que nunca para ayudar a mi gente. Lleno de barro \u2013porque en ese momento nadie ten\u00eda botas\u2013 me fui andando media hora hasta un puente para moverme hasta Sueca, donde me recogi\u00f3 otro chico para irnos a Murcia. Jugu\u00e9 dos partidos, el primero asequible, pero el segundo no pod\u00eda jugar. Estaba jugando y llorando en los cambios, no paraba de pensar: \u2018\u00bfQu\u00e9 hago aqu\u00ed?\u2019.<\/p>\n<p class=\"text-align-justify\"><b>La cabeza te ir\u00eda a mil.<\/b><\/p>\n<p class=\"text-align-justify\">Pensaba mucho en mi familia, en no poder estar all\u00ed, era como que nada ten\u00eda sentido. Recuerdo la gente en Murcia celebrando Halloween, era 31 de octubre, as\u00ed que todos estaban de risas como si nada\u2026 pero yo estaba en mi burbuja, frustrado por no poder hacer nada. Estuve un d\u00eda y medio all\u00ed, necesitaba irme a mi casa. Cuando volv\u00ed estuve tres semanas ayudando, limpiando de 08:00 a 20:00, sin coger la raqueta ni entrenar. Era lo que tocaba, moralmente no era capaz de continuar con la vida. Por lo menos estuvimos todos juntos, ni siquiera cog\u00edamos el m\u00f3vil, solo par\u00e1bamos para comer.<\/p>\n<p class=\"text-align-justify\"><b>Qu\u00e9 pena que los pol\u00edticos no dieran la talla.<\/b><\/p>\n<p class=\"text-align-justify\">No me gusta quedar de v\u00edctima, pero es la realidad. Menos mal que la gente se volc\u00f3, eso fue lo mejor, la ayuda del pueblo. El d\u00eda de Navidad me acuerdo que la gente de la UME estaban todav\u00eda en nuestro garaje, mi padre les baj\u00f3 dos platos de pulpo y de gambas, intentando poner un poco de normalidad.<\/p>\n<p class=\"text-align-justify\"><b>Ahora que has abierto el garaje, \u00bfperdisteis alg\u00fan coche?<\/b><\/p>\n<p class=\"text-align-justify\">De cuatro coches que ten\u00edamos, perdimos tres. El que salvamos fue porque lo ten\u00eda mi hermano en Pirineos, si no tambi\u00e9n. Gracias a Dios solo fueron p\u00e9rdidas materiales, as\u00ed que me quejo pero al mismo tiempo doy gracias por ello. En Algemes\u00ed lo que pas\u00f3 es que llovi\u00f3 mucho, entonces la gente estaba en casa en esos momentos. El problema fue mayor en Paiporta y Catarroja, sitios donde no llovi\u00f3, simplemente vino el agua y se lo llev\u00f3 todo por delante. En Algemes\u00ed, el alcalde hab\u00eda cancelado los colegios hac\u00eda ya muchas horas, as\u00ed que apenas hubo fallecidos. Soy un afortunado por no conocer a ning\u00fan familiar ni amigo que perdiera la vida ese d\u00eda.<\/p>\n<p><img decoding=\"async\" alt=\"Carlos L\u00f3pez Montagud junto a su pareja en la DANA.\" data-entity-type=\"file\" data-entity-uuid=\"1b8d59e9-2f32-46cb-a553-d4c363655f96\" class=\"align-center lazyload\" width=\"577\" height=\"556\" loading=\"lazy\" src=\"https:\/\/www.europesays.com\/es\/wp-content\/uploads\/2025\/10\/Entrevista-Carlos-Lopez-Montagud-Valencia-2025-DANA-Barro.png\"\/><\/p>\n<p class=\"text-align-justify\">\u00a0<\/p>\n<p class=\"text-align-justify\"><b>Ha pasado casi un a\u00f1o de la DANA, \u00bfc\u00f3mo est\u00e1 Algemes\u00ed a d\u00eda de hoy?<\/b><\/p>\n<p class=\"text-align-justify\">Si t\u00fa vas ahora, pr\u00e1cticamente est\u00e1 ya todo normal. El tema de los coches lo han pagado muy bien y las ayudas generales han sido una cosa normal. A mi padre, que tiene una empresa de toldos, el consorcio le ayud\u00f3 con una cierta cantidad de dinero, pero ahora le piden de vuelta un porcentaje, esa era la letra peque\u00f1a que no pon\u00edan. Por ejemplo, en casa de mis padres, que viven en un 4\u00ba, sigue sin haber ascensor un a\u00f1o despu\u00e9s. No es lo normal, pero hay muchas casas en esta situaci\u00f3n. Mis padres no han cumplido todav\u00eda los sesenta, pero arriba en el 5\u00ba viven dos personas mayores, creo que estuvieron dos meses sin salir a la calle.<\/p>\n<p class=\"text-align-justify\"><b>\u00bfY la empresa de tu padre?<\/b><\/p>\n<p class=\"text-align-justify\">Los primeros d\u00edas fueron muy duros, si para limpiar una casa hace falta gente, imag\u00ednate para limpiar una nave industrial, hab\u00eda d\u00edas que \u00e9ramos 25 personas ah\u00ed limpiando. Los amigos de mi padre se volcaron, algunos se dejaron el trabajo y estuvieron un mes ayud\u00e1ndole, mi padre todav\u00eda se emociona cuando habla de esto. Si no fuera por toda esa gente, habr\u00eda sido imposible salir adelante, imposible.<\/p>\n<p class=\"text-align-justify\"><b>\u00bfSe puede llegar a olvidar algo as\u00ed?<\/b><\/p>\n<p class=\"text-align-justify\">Nunca, no se puede olvidar. Mis abuelos siempre me hab\u00edan hablado de la riada del 82, as\u00ed que esta experiencia ser\u00e1 la que mi generaci\u00f3n contar\u00e1 a sus nietos. Hablando con mi padre por tel\u00e9fono cuando estaba en Murcia, recuerdo que no pod\u00edamos ni hablar, era todo un desastre, solo hac\u00edamos que llorar. Hemos tenido que empezar de cero, pero hay muchos negocios que no han podido, negocios que han cerrado y se han buscado la vida en otro lado.<\/p>\n<p class=\"text-align-justify\"><b>\u00bfC\u00f3mo fue volver a competir? \u00bfSe repiti\u00f3 aquella sensaci\u00f3n de Murcia?<\/b><\/p>\n<p class=\"text-align-justify\">No, la verdad que no. Primero intent\u00e9 jugar un 15K que hab\u00eda en Valencia pero fui sin entrenar, as\u00ed que perd\u00ed 6-0 y 6-1, estaba reventado. Luego jugu\u00e9 el Challenger de Alicante y ah\u00ed ya se hab\u00eda recuperado algo de normalidad. Ese sentimiento que tuve en Murcia no volvi\u00f3 a aparecer.<\/p>\n<p class=\"text-align-justify\"><b>\u00bfQu\u00e9 aspecto positivo se puede extraer de una tragedia as\u00ed?<\/b><\/p>\n<p class=\"text-align-justify\">Me quedar\u00e9 para siempre con la resiliencia de la gente, con la ayuda que nos brindamos los unos a los otros, la humanidad del pueblo. Me ayud\u00f3 a saber qui\u00e9n est\u00e1 ah\u00ed de verdad, aunque tambi\u00e9n me ayud\u00f3 a conocer a gente nueva de fuera, es lo que tienen las situaciones extremas. Hoy valoro mucho m\u00e1s las amistades, conocer de verdad a las personas, la capacidad de sobreponerse a una desgracia.<\/p>\n<p><img decoding=\"async\" alt=\"Carlos L\u00f3pez Montagud en la cat\u00e1strofe de la DANA. \" data-entity-type=\"file\" data-entity-uuid=\"d1f2a442-6183-4837-b0a3-6d9a10b54d7d\" class=\"align-center lazyload\" width=\"583\" height=\"577\" loading=\"lazy\" src=\"https:\/\/www.europesays.com\/es\/wp-content\/uploads\/2025\/10\/Entrevista-Carlos-Lopez-Montagud-Valencia-2025-DANA-Desastre.png\"\/><\/p>\n<p class=\"text-align-justify\">\u00a0<\/p>\n<p class=\"text-align-justify\"><b>A nivel familiar, seguro que est\u00e1is m\u00e1s unidos que nunca.<\/b><\/p>\n<p class=\"text-align-justify\">S\u00ed, pero ha sido duro, recuerdo a mi abuela diciendo: \u2018Para lo que me queda, yo no quiero hacerlo todo de nuevo. Igual hago toda la planta nueva y luego me muero\u2019 [\u2026] Ah\u00ed tuvimos que hacer pi\u00f1a entre toda la familia para valorar lo que tenemos, aunque mira, reconozco que al hacer limpieza nos sirvi\u00f3 para encontrar un mont\u00f3n de trastos que ten\u00edamos que no serv\u00edan de nada (risas).<\/p>\n<p class=\"text-align-justify\"><b>\u00bfLlegaste a temer por tu carrera profesional?<\/b><\/p>\n<p class=\"text-align-justify\">Hasta ese punto no, lo \u00fanico que hice fue dejar de entrenar durante tres semanas, simplemente no pod\u00eda coger una raqueta, no me sal\u00eda. En mi cabeza sab\u00eda que aquello era cuesti\u00f3n de quedarme un mes ayudando y luego retomar el tenis, peor nunca tem\u00ed por mi carrera. En aquellos d\u00edas tuve miedo de muchas cosas, pero lo \u00faltimo en lo que pens\u00e9 fue en volver a entrenar o jugar.<\/p>\n","protected":false},"excerpt":{"rendered":"Streaming ATP Stockholm en directo \ud83c\udfbe Rei Sakamoto vs Mark Lajal Entra aqu\u00ed y reg\u00edstrate en Bet365 Haz&hellip;\n","protected":false},"author":2,"featured_media":168358,"comment_status":"","ping_status":"","sticky":false,"template":"","format":"standard","meta":{"footnotes":""},"categories":[274],"tags":[168,25,24,23,167,327,326],"class_list":{"0":"post-168357","1":"post","2":"type-post","3":"status-publish","4":"format-standard","5":"has-post-thumbnail","7":"category-tenis","8":"tag-deportes","9":"tag-es","10":"tag-espana","11":"tag-spain","12":"tag-sports","13":"tag-tenis","14":"tag-tennis"},"share_on_mastodon":{"url":"","error":""},"_links":{"self":[{"href":"https:\/\/www.europesays.com\/es\/wp-json\/wp\/v2\/posts\/168357","targetHints":{"allow":["GET"]}}],"collection":[{"href":"https:\/\/www.europesays.com\/es\/wp-json\/wp\/v2\/posts"}],"about":[{"href":"https:\/\/www.europesays.com\/es\/wp-json\/wp\/v2\/types\/post"}],"author":[{"embeddable":true,"href":"https:\/\/www.europesays.com\/es\/wp-json\/wp\/v2\/users\/2"}],"replies":[{"embeddable":true,"href":"https:\/\/www.europesays.com\/es\/wp-json\/wp\/v2\/comments?post=168357"}],"version-history":[{"count":0,"href":"https:\/\/www.europesays.com\/es\/wp-json\/wp\/v2\/posts\/168357\/revisions"}],"wp:featuredmedia":[{"embeddable":true,"href":"https:\/\/www.europesays.com\/es\/wp-json\/wp\/v2\/media\/168358"}],"wp:attachment":[{"href":"https:\/\/www.europesays.com\/es\/wp-json\/wp\/v2\/media?parent=168357"}],"wp:term":[{"taxonomy":"category","embeddable":true,"href":"https:\/\/www.europesays.com\/es\/wp-json\/wp\/v2\/categories?post=168357"},{"taxonomy":"post_tag","embeddable":true,"href":"https:\/\/www.europesays.com\/es\/wp-json\/wp\/v2\/tags?post=168357"}],"curies":[{"name":"wp","href":"https:\/\/api.w.org\/{rel}","templated":true}]}}