{"id":168363,"date":"2025-10-10T21:53:07","date_gmt":"2025-10-10T21:53:07","guid":{"rendered":"https:\/\/www.europesays.com\/es\/168363\/"},"modified":"2025-10-10T21:53:07","modified_gmt":"2025-10-10T21:53:07","slug":"akor-adams-se-desata-y-marca-tambien-un-golazo-en-su-debut-con-nigeria","status":"publish","type":"post","link":"https:\/\/www.europesays.com\/es\/168363\/","title":{"rendered":"Akor Adams se desata y marca tambi\u00e9n un golazo en su debut con Nigeria"},"content":{"rendered":"<p>10\/10\/2025<br \/>\n<br \/><strong><br \/>\nActualizado a las 21:03h.<br \/>\n<\/strong><\/p>\n<p class=\"voc-p\" style=\"\"><strong>Akor Adams<\/strong>. Otro que ha &#8216;enchufado&#8217;, y de qu\u00e9 manera, el profesor Almeyda. El punta nigeriano, que ha visto puerta en los dos \u00faltimos partidos del Sevilla FC, ha hecho las maletas en este par\u00f3n para debutar con su selecci\u00f3n y no lo ha  &#8230; podido celebrar de mejor manera. Akor ha marcado este viernes el segundo tanto de<strong> Nigeria, un golazo<\/strong>, en la importante victoria de las S\u00faper \u00c1guilas sobre <strong>Lesoto (1-2)<\/strong> en el estadio Peter Mokaba de Sud\u00e1frica, en partido correspondiente a las eliminatorias para el Mundial 2026.<\/p>\n<p class=\"voc-p\" style=\"\">El brillante inicio del mes de octubre para Akor Adams ha tenido continuidad en su puesta de largo con el combinado nacional de Nigeria cumpliendo un sue\u00f1o. El delantero del Sevilla FC salt\u00f3 al terreno de juego en el minuto 65, sustituyendo al atacante del Wolverhampton Tolu Arokodare, y marc\u00f3 <strong>en el 80 tras una excelente jugada personal,<\/strong> sorteando al defensa con una bicicleta y fusilando desde la frontal al meta de Lesoto Sekhoane Moerane. Antes, hab\u00eda marcado de penalti para los nigerianos William Troost-Ekong. Hlompho Kalake s\u00f3lo pudo acortar distancias para Lesoto en el tramo final.<\/p>\n<p class=\"voc-p\" style=\"\">Un d\u00eda inolvidable para Akor Adams, que se suma a sus buenas nuevas con el equipo sevillista, con el que ha marcado en las \u00faltimas dos jornadas, ante el <strong>Rayo Vallecano y frente al FC Barcelona<\/strong>. Con esta victoria de Nigeria, las Super \u00c1guilas mantienen sus opciones de estar en la fase final el pr\u00f3ximo verano.<\/p>\n<p class=\"voc-p\" style=\"\">Akor empieza a explotar gracias a la apuesta de <strong>Mat\u00edas Almeyda<\/strong>. Su diana en su estreno con Nigeria prolonga la buena racha del atacante fichado procedente del Montpellier por algo m\u00e1s de 5 millones de euros en enero. El martes 14, Nigeria -Benin.<\/p>\n<p>\nArt\u00edculo solo para suscriptores\n<\/p>\n<p>Reportar un error<\/p>\n","protected":false},"excerpt":{"rendered":"10\/10\/2025 Actualizado a las 21:03h. Akor Adams. Otro que ha &#8216;enchufado&#8217;, y de qu\u00e9 manera, el profesor Almeyda.&hellip;\n","protected":false},"author":2,"featured_media":168364,"comment_status":"","ping_status":"","sticky":false,"template":"","format":"standard","meta":{"footnotes":""},"categories":[268],"tags":[22791,4850,5437,168,3006,25,24,280,282,19211,3841,25639,281,23,167],"class_list":{"0":"post-168363","1":"post","2":"type-post","3":"status-publish","4":"format-standard","5":"has-post-thumbnail","7":"category-futbol","8":"tag-adams","9":"tag-akor","10":"tag-debut","11":"tag-deportes","12":"tag-desata","13":"tag-es","14":"tag-espana","15":"tag-football","16":"tag-futbol","17":"tag-golazo","18":"tag-marca","19":"tag-nigeria","20":"tag-soccer","21":"tag-spain","22":"tag-sports"},"share_on_mastodon":{"url":"","error":""},"_links":{"self":[{"href":"https:\/\/www.europesays.com\/es\/wp-json\/wp\/v2\/posts\/168363","targetHints":{"allow":["GET"]}}],"collection":[{"href":"https:\/\/www.europesays.com\/es\/wp-json\/wp\/v2\/posts"}],"about":[{"href":"https:\/\/www.europesays.com\/es\/wp-json\/wp\/v2\/types\/post"}],"author":[{"embeddable":true,"href":"https:\/\/www.europesays.com\/es\/wp-json\/wp\/v2\/users\/2"}],"replies":[{"embeddable":true,"href":"https:\/\/www.europesays.com\/es\/wp-json\/wp\/v2\/comments?post=168363"}],"version-history":[{"count":0,"href":"https:\/\/www.europesays.com\/es\/wp-json\/wp\/v2\/posts\/168363\/revisions"}],"wp:featuredmedia":[{"embeddable":true,"href":"https:\/\/www.europesays.com\/es\/wp-json\/wp\/v2\/media\/168364"}],"wp:attachment":[{"href":"https:\/\/www.europesays.com\/es\/wp-json\/wp\/v2\/media?parent=168363"}],"wp:term":[{"taxonomy":"category","embeddable":true,"href":"https:\/\/www.europesays.com\/es\/wp-json\/wp\/v2\/categories?post=168363"},{"taxonomy":"post_tag","embeddable":true,"href":"https:\/\/www.europesays.com\/es\/wp-json\/wp\/v2\/tags?post=168363"}],"curies":[{"name":"wp","href":"https:\/\/api.w.org\/{rel}","templated":true}]}}