{"id":168365,"date":"2025-10-10T21:54:09","date_gmt":"2025-10-10T21:54:09","guid":{"rendered":"https:\/\/www.europesays.com\/es\/168365\/"},"modified":"2025-10-10T21:54:09","modified_gmt":"2025-10-10T21:54:09","slug":"los-herederos-de-la-musica-espanola-llegan-al-benidorm-fest-2026","status":"publish","type":"post","link":"https:\/\/www.europesays.com\/es\/168365\/","title":{"rendered":"los herederos de la m\u00fasica espa\u00f1ola llegan al Benidorm Fest 2026"},"content":{"rendered":"<p id=\"ejkaCjvg3M\" data-wc=\"103\">Cinco ediciones despu\u00e9s, <a class=\"hm-link ho-link\" href=\"https:\/\/www.hola.com\/actualidad\/20251009860768\/benidorm-fest-2026-concursantes\/\" data-mrf-recirculation=\"article-body-link\" rel=\"nofollow noopener\" target=\"_blank\">el Benidorm Fest 2026<\/a> se prepara para volver con m\u00e1s propuestas musicales y el foco puesto en el escenario europeo. Entre los concursantes que se subir\u00e1n al escenario del certamen alicantino, encontramos figuras emergentes y nuevos talentos tales como Asha, Greg Taro, MAYO, la coplera Rosalinda o el bachatero Dani J. No obstante, tambi\u00e9n est\u00e1n presentes apellidos m\u00e1s que familiares de la escena musical espa\u00f1ola, y es que al menos tres concursantes llegan con una herencia art\u00edstica que no pasa desapercibida. Se trata de Dora Postigo, Mikel Herzog Jr. e Izan Llunas, todos ellos hijos o descendientes de sagas art\u00edsticas.<\/p>\n<p> <img src=\"https:\/\/www.europesays.com\/es\/wp-content\/uploads\/2025\/10\/53124332975a-01-grupo-artistas.jpg\"   width=\"1024\" height=\"576\" loading=\"lazy\" decoding=\"async\" alt=\"Media Image\" fetchpriority=\"auto\" class=\"image ho-image\"\/>\u00a9 RTVE<\/p>\n<p> <img src=\"https:\/\/www.europesays.com\/es\/wp-content\/uploads\/2025\/10\/884206e7ee84-dora-marlon-collins.jpg\"   width=\"1024\" height=\"682\" loading=\"lazy\" decoding=\"async\" alt=\"Media Image\" fetchpriority=\"auto\" class=\"image ho-image\"\/>\u00a9 RTVE<br \/>\nDora Postigo. Hija de la modelo Bimba Bos\u00e9 y el m\u00fasico Diego Postigo<\/p>\n<p id=\"e7MQr3Pu69\" data-wc=\"77\">Dora proviene de una familia con <a class=\"hm-link ho-link\" href=\"https:\/\/www.hola.com\/actualidad\/20250427828798\/dora-postigo-hija-bimba-bose-revela-trabaja-camarera-pagarse-estudios\/\" data-mrf-recirculation=\"article-body-link\" rel=\"nofollow noopener\" target=\"_blank\">una fuerte tradici\u00f3n en el mundo del arte <\/a>y el espect\u00e1culo. Su madre Bimba Bos\u00e9 fue una figura muy influyente en la cultura pop espa\u00f1ola; en su carrera musical pudimos verla colaborar con artistas como David Delf\u00edn y Miguel Bos\u00e9, hermano de Bimba y tambi\u00e9n cantante, y a su vez form\u00f3 parte del grupo The Cabriolets, en el que el padre de Dora, Diego Postigo, era compositor y tocaba el bajo.\u00a0<\/p>\n<p id=\"e4s5XZKnMO\" data-wc=\"135\">Por su parte, Dora se inici\u00f3 en el mundo de la m\u00fasica con tan solo cinco a\u00f1os, cuando empez\u00f3 a tocar el piano y a grabar sus propias versiones de temas de artistas como Ella Fitzgerald o Kendrick Lamar. A los 15 a\u00f1os lanz\u00f3 su primer single llamado Saving star, que le gan\u00f3 alrededor de dos millones de visualizaciones en Spotify. Acudi\u00f3 en 2020 en calidad de artista invitada a Operaci\u00f3n Triunfo para estrenar \u201cOjos de serpiente\u201d, una canci\u00f3n compuesta por ella misma y con un videoclip dirigido por Paco Le\u00f3n. Con un talento que desaf\u00eda la fusi\u00f3n de g\u00e9neros como el pop, el soul y la electr\u00f3nica, Dora se presenta en Benidorm Fest con la intenci\u00f3n de romper moldes y, esperemos, revivir el esp\u00edritu rebelde de Bimba y la sensibilidad art\u00edstica de su familia.<\/p>\n<p> <img src=\"https:\/\/www.europesays.com\/es\/wp-content\/uploads\/2025\/10\/fcd0ea5afd3a-izan-llunas.jpg\"   width=\"1024\" height=\"682\" loading=\"lazy\" decoding=\"async\" alt=\"Media Image\" fetchpriority=\"auto\" class=\"image ho-image\"\/>\u00a9 RTVE<br \/>\nIzan Llunas<\/p>\n<p id=\"eUI3PPOmrg1\" data-wc=\"124\">El cantante ibicenco, al que todos recordamos por interpretar al joven Luis Miguel en la serie hom\u00f3nima de Netflix sobre la biograf\u00eda del cantante mexicano, tambi\u00e9n proviene de una extensa generaci\u00f3n de artistas<strong>. Su abuelo, Dyango, uno de los cantantes rom\u00e1nticos m\u00e1s reconocidos en el mundo de habla hispana<\/strong>, gan\u00f3 el Festival de Benidorm en 1976 (donde fue doblemente galardonado como mejor int\u00e9rprete y como mejor canci\u00f3n), y su padre, Marcos Llunas, logr\u00f3 el sexto puesto en el Festival de Eurovisi\u00f3n de 1997 con la canci\u00f3n \u00abSin rencor\u00bb. Tras algunos sencillos en solitario como \u00abLa Malague\u00f1a\u00bb o \u00abEn mi coraz\u00f3n\u00bb, Izan busca consolidarse como artista urbano con un tema de pop latino moderno con el que dar\u00e1 un paso firme en su carrera musical.\u00a0<\/p>\n<p> <img src=\"https:\/\/www.europesays.com\/es\/wp-content\/uploads\/2025\/10\/c54ecaed3d37-mikel-herzog-jr.jpg\"   width=\"1024\" height=\"682\" loading=\"lazy\" decoding=\"async\" alt=\"Media Image\" fetchpriority=\"auto\" class=\"image ho-image\"\/>\u00a9 RTVE<br \/>\nMikel Herzog Jr.<\/p>\n<p id=\"e8AELgLOa2\" data-wc=\"122\">Mikel Herzog Jr. tambi\u00e9n puede presumir de contar con <a class=\"hm-link ho-link\" href=\"https:\/\/www.hola.com\/actualidad\/20251009860762\/mikel-herzog-jr-benidorm-fest-2026\/\" data-mrf-recirculation=\"article-body-link\" rel=\"nofollow noopener\" target=\"_blank\">una historia eurovisiva a sus espaldas<\/a>. Su v\u00ednculo con el festival europeo proviene de su padre, que se convirti\u00f3 representante de Espa\u00f1a en el Festival Europeo de la Canci\u00f3n, en la ciudad inglesa de Birmingham, donde interpret\u00f3 su canci\u00f3n\u00a0\u00bfQu\u00e9 voy a hacer sin ti?, que le condujo al decimosexto puesto. Asimismo, Anna Mar\u00eda Agust\u00ed Flores, popularmente conocida como Nina, madrina de bautizo de Mikel, tambi\u00e9n represent\u00f3 a nuestro pa\u00eds en 1989 en Eurovisi\u00f3n con el tema \u201cNacida para amar\u201d, con el que qued\u00f3 en sexta posici\u00f3n. En esta misma l\u00ednea, la madre de Mikel, Mavi, cuanta igualmente con un pasado art\u00edstico en el que fue corista de Isabel Pantoja durante varios a\u00f1os.<\/p>\n<p id=\"e3__zuolAK\" data-wc=\"73\">A\u00f1os despu\u00e9s, los ecos de Eurovisi\u00f3n siguen resonando con fuerza en El Benidorm Fest 2026, que promete ser el escenario donde una nueva generaci\u00f3n de artistas converja. \u00bfEs posible que nos encontremos ante una nueva era de \u201cnepo-babies\u201d musicales? Quiz\u00e1s. Pero lo que est\u00e1 claro es que este tr\u00edo de herederos artistas han llegado pisando fuerte para demostrar c\u00f3mo el legado puede reinventarse, y c\u00f3mo el apellido es \u00fanicamente un punto de partida.<\/p>\n","protected":false},"excerpt":{"rendered":"Cinco ediciones despu\u00e9s, el Benidorm Fest 2026 se prepara para volver con m\u00e1s propuestas musicales y el foco&hellip;\n","protected":false},"author":2,"featured_media":168366,"comment_status":"","ping_status":"","sticky":false,"template":"","format":"standard","meta":{"footnotes":""},"categories":[174],"tags":[517,36235,255,146,147,25,24,256,23],"class_list":{"0":"post-168365","1":"post","2":"type-post","3":"status-publish","4":"format-standard","5":"has-post-thumbnail","7":"category-famosos","8":"tag-actualidad","9":"tag-benidorm-fest","10":"tag-celebrities","11":"tag-entertainment","12":"tag-entretenimiento","13":"tag-es","14":"tag-espana","15":"tag-famosos","16":"tag-spain"},"share_on_mastodon":{"url":"","error":""},"_links":{"self":[{"href":"https:\/\/www.europesays.com\/es\/wp-json\/wp\/v2\/posts\/168365","targetHints":{"allow":["GET"]}}],"collection":[{"href":"https:\/\/www.europesays.com\/es\/wp-json\/wp\/v2\/posts"}],"about":[{"href":"https:\/\/www.europesays.com\/es\/wp-json\/wp\/v2\/types\/post"}],"author":[{"embeddable":true,"href":"https:\/\/www.europesays.com\/es\/wp-json\/wp\/v2\/users\/2"}],"replies":[{"embeddable":true,"href":"https:\/\/www.europesays.com\/es\/wp-json\/wp\/v2\/comments?post=168365"}],"version-history":[{"count":0,"href":"https:\/\/www.europesays.com\/es\/wp-json\/wp\/v2\/posts\/168365\/revisions"}],"wp:featuredmedia":[{"embeddable":true,"href":"https:\/\/www.europesays.com\/es\/wp-json\/wp\/v2\/media\/168366"}],"wp:attachment":[{"href":"https:\/\/www.europesays.com\/es\/wp-json\/wp\/v2\/media?parent=168365"}],"wp:term":[{"taxonomy":"category","embeddable":true,"href":"https:\/\/www.europesays.com\/es\/wp-json\/wp\/v2\/categories?post=168365"},{"taxonomy":"post_tag","embeddable":true,"href":"https:\/\/www.europesays.com\/es\/wp-json\/wp\/v2\/tags?post=168365"}],"curies":[{"name":"wp","href":"https:\/\/api.w.org\/{rel}","templated":true}]}}