{"id":168378,"date":"2025-10-10T22:01:19","date_gmt":"2025-10-10T22:01:19","guid":{"rendered":"https:\/\/www.europesays.com\/es\/168378\/"},"modified":"2025-10-10T22:01:19","modified_gmt":"2025-10-10T22:01:19","slug":"mas-de-40-medicos-centinela-vigilaran-infecciones-respiratorias-agudas-con-un-nuevo-protocolo-en-castilla-la-mancha","status":"publish","type":"post","link":"https:\/\/www.europesays.com\/es\/168378\/","title":{"rendered":"M\u00e1s de 40 m\u00e9dicos centinela vigilar\u00e1n infecciones respiratorias agudas con un nuevo protocolo en Castilla-La Mancha"},"content":{"rendered":"<p>09\/10\/2025<br \/>\n<br \/><strong><br \/>\nActualizado a las 12:50h.<br \/>\n<\/strong><\/p>\n<p class=\"voc-p\" style=\"\"><strong>La Direcci\u00f3n General de Salud P\u00fablica<\/strong> de Castilla-La Mancha, a trav\u00e9s del Servicio de Epidemiolog\u00eda, ha presentado un <strong>nuevo protocolo operativo para m\u00e9dicos centinela<\/strong> en el marco del Sistema Nacional de Vigilancia de Infecci\u00f3n Respiratoria Aguda (SiVIRA).<\/p>\n<p class=\"voc-p\" style=\"\">Este sistema, consolidado tras la  &#8230; pandemia de COVID-19, tiene como objetivo vigilar de forma integrada <a href=\"https:\/\/www.abc.es\/espana\/castilla-la-mancha\/toledo\/repuntan-verano-toledo-casos-variantes-covid-leves-20250805083000-nt.html\" target=\"_self\" data-voc-vtm-id=\"in-text-traffic\" title=\"las infecciones respiratorias agudas leves (IRAs) y graves (IRAG), incluyendo gripe, COVID-19 y virus respiratorio sincitial (VRS).\" data-mrf-link=\"www.abc.es\" rel=\"nofollow noopener\">las infecciones respiratorias agudas leves (IRAs) y graves (IRAG), incluyendo gripe, COVID-19 y virus respiratorio sincitial (VRS).<\/a><\/p>\n<p class=\"voc-p\" style=\"\">Durante la reuni\u00f3n mantenida en la Consejer\u00eda de Sanidad se ha destacado la importancia de la red de m\u00e9dicos centinela, compuesta por <strong>44 profesionales (33 de medicina de familia y 11 pediatras)<\/strong>, que vigilan una poblaci\u00f3n de m\u00e1s de 51.000 personas.<\/p>\n<p class=\"voc-p\" style=\"\">La temporada de vigilancia <strong>se extiende desde la semana 40 de un a\u00f1o hasta la semana 39 del siguiente<\/strong>, manteni\u00e9ndose activa durante todo el a\u00f1o, ha informado el Gobierno regional en nota de prensa.<\/p>\n<p class=\"voc-p\" style=\"\">El protocolo establece un procedimiento claro en <strong>tres pasos<\/strong>. Selecci\u00f3n de casos, registro de datos en el formulario centinela (Turriano) y <strong>toma de muestras respiratorias para an\u00e1lisis mediante RT-PCR<\/strong>. Las muestras positivas son enviadas a laboratorios de referencia para su caracterizaci\u00f3n gen\u00e9tica, contribuyendo a la detecci\u00f3n de variantes y al dise\u00f1o de futuras vacunas.<\/p>\n<p class=\"voc-p\" style=\"\">Entre los indicadores generados por el sistema se encuentran<strong> la tasa de incidencia semanal por edad y sexo, la positividad por virus<\/strong>, y la caracterizaci\u00f3n cl\u00ednica y gen\u00e9tica de los casos. <strong>Estos datos permiten anticipar presi\u00f3n hospitalaria<\/strong>, generar alertas tempranas y tomar decisiones clave en salud p\u00fablica.<\/p>\n<p class=\"voc-p\" style=\"\">La directora general de Salud P\u00fablica, <strong>Laura Ruiz<\/strong>, ha agradecido el compromiso de los profesionales participantes, cuya labor representa la primera l\u00ednea de defensa frente a las amenazas respiratorias emergentes.<\/p>\n<p>\nArt\u00edculo solo para suscriptores\n<\/p>\n<p>Reportar un error<\/p>\n","protected":false},"excerpt":{"rendered":"09\/10\/2025 Actualizado a las 12:50h. La Direcci\u00f3n General de Salud P\u00fablica de Castilla-La Mancha, a trav\u00e9s del Servicio&hellip;\n","protected":false},"author":2,"featured_media":168379,"comment_status":"","ping_status":"","sticky":false,"template":"","format":"standard","meta":{"footnotes":""},"categories":[92],"tags":[49199,26156,49198,25,24,165,2218,9508,6016,524,28545,44298,166,23,17744],"class_list":{"0":"post-168378","1":"post","2":"type-post","3":"status-publish","4":"format-standard","5":"has-post-thumbnail","7":"category-salud","8":"tag-agudas","9":"tag-castillala","10":"tag-centinela","11":"tag-es","12":"tag-espana","13":"tag-health","14":"tag-infecciones","15":"tag-mancha","16":"tag-medicos","17":"tag-nuevo","18":"tag-protocolo","19":"tag-respiratorias","20":"tag-salud","21":"tag-spain","22":"tag-vigilaran"},"share_on_mastodon":{"url":"","error":""},"_links":{"self":[{"href":"https:\/\/www.europesays.com\/es\/wp-json\/wp\/v2\/posts\/168378","targetHints":{"allow":["GET"]}}],"collection":[{"href":"https:\/\/www.europesays.com\/es\/wp-json\/wp\/v2\/posts"}],"about":[{"href":"https:\/\/www.europesays.com\/es\/wp-json\/wp\/v2\/types\/post"}],"author":[{"embeddable":true,"href":"https:\/\/www.europesays.com\/es\/wp-json\/wp\/v2\/users\/2"}],"replies":[{"embeddable":true,"href":"https:\/\/www.europesays.com\/es\/wp-json\/wp\/v2\/comments?post=168378"}],"version-history":[{"count":0,"href":"https:\/\/www.europesays.com\/es\/wp-json\/wp\/v2\/posts\/168378\/revisions"}],"wp:featuredmedia":[{"embeddable":true,"href":"https:\/\/www.europesays.com\/es\/wp-json\/wp\/v2\/media\/168379"}],"wp:attachment":[{"href":"https:\/\/www.europesays.com\/es\/wp-json\/wp\/v2\/media?parent=168378"}],"wp:term":[{"taxonomy":"category","embeddable":true,"href":"https:\/\/www.europesays.com\/es\/wp-json\/wp\/v2\/categories?post=168378"},{"taxonomy":"post_tag","embeddable":true,"href":"https:\/\/www.europesays.com\/es\/wp-json\/wp\/v2\/tags?post=168378"}],"curies":[{"name":"wp","href":"https:\/\/api.w.org\/{rel}","templated":true}]}}