{"id":168383,"date":"2025-10-10T22:06:14","date_gmt":"2025-10-10T22:06:14","guid":{"rendered":"https:\/\/www.europesays.com\/es\/168383\/"},"modified":"2025-10-10T22:06:14","modified_gmt":"2025-10-10T22:06:14","slug":"intersindical-valenciana-pide-a-la-jueza-de-la-dana-que-reclame-las-entrevistas-de-carlos-mazon-trufadas-de-falsedades","status":"publish","type":"post","link":"https:\/\/www.europesays.com\/es\/168383\/","title":{"rendered":"Intersindical Valenciana pide a la jueza de la dana que reclame las entrevistas de Carlos Maz\u00f3n \u00abtrufadas de falsedades\u00bb"},"content":{"rendered":"<p class=\"ft-text ft-helper-closenews\"><a class=\"ft-link ft-link--decoration\" href=\"https:\/\/intersindical.org\/\" target=\"_blank\" rel=\"nofollow noopener\">Intersindical Valenciana<\/a>, que ejerce la <strong>acusaci\u00f3n popular en la <\/strong><a class=\"ft-link ft-link--decoration\" href=\"https:\/\/www.levante-emv.com\/tags\/causa-dana\/\" target=\"_blank\" rel=\"nofollow noopener\"><strong>causa de la dana<\/strong><\/a>, ha presentado un escrito para solicitar a la <a class=\"ft-link ft-link--decoration\" href=\"https:\/\/www.levante-emv.com\/tags\/jueza-dana\/\" target=\"_blank\" rel=\"nofollow noopener\">j<\/a><a class=\"ft-link ft-link--decoration\" href=\"https:\/\/www.levante-emv.com\/tags\/jueza-dana\/\" target=\"_blank\" rel=\"nofollow noopener\"><strong>ueza Nuria Ruiz Tobarra<\/strong><\/a> que incorpore al sumario las tres entrevistas concedidas por el presidente de la <a class=\"ft-link ft-link--decoration\" href=\"https:\/\/www.levante-emv.com\/tags\/generalitat-valenciana\/\" target=\"_blank\" rel=\"nofollow noopener\">Generalitat<\/a>, <a class=\"ft-link ft-link--decoration\" href=\"https:\/\/www.levante-emv.com\/tags\/carlos-mazon\/\" target=\"_blank\" rel=\"nofollow noopener\">Carlos Maz\u00f3n<\/a>, \u00ab<strong>trufadas de falsedades y contradicciones<\/strong>\u00ab.<\/p>\n<p class=\"ft-text\">En el escrito presentado ante el juzgado, al que ha tenido acceso <strong>Levante-EMV<\/strong>, <a class=\"ft-link ft-link--decoration\" href=\"https:\/\/intersindical.org\/\" target=\"_blank\" rel=\"nofollow noopener\">Intersindical Valenciana<\/a>, representada por la abogada Carmen Romero, tambi\u00e9n pide a la jueza que requiera a RTVE una copia del <a class=\"ft-link ft-link--decoration\" href=\"https:\/\/www.levante-emv.com\/comunitat-valenciana\/2025\/10\/09\/mazon-hablo-alerta-hidrologica-hora-antes-comida-ventorro-122453336.html\" target=\"_blank\" rel=\"nofollow noopener\">v\u00eddeo de 25 segundos emitido este jueves en el que se escucha a Maz\u00f3n informar a varias personas<\/a>, a las 13.45 horas, (dirigentes empresariales y de sindicatos y la vicepresidenta, <a class=\"ft-link ft-link--decoration\" href=\"https:\/\/www.levante-emv.com\/tags\/susana-camarero-benitez\/\" target=\"_blank\" rel=\"nofollow noopener\">Susana Camarero<\/a>) de que se hab\u00eda decretado una alerta hidrol\u00f3gica en el <a class=\"ft-link ft-link--decoration\" href=\"https:\/\/www.levante-emv.com\/tags\/rio-magro\/\" target=\"_blank\" rel=\"nofollow noopener\">Magro<\/a> y alguien, en ese mismo grupo, agrega \u00aby en el <a class=\"ft-link ft-link--decoration\" href=\"https:\/\/www.levante-emv.com\/tags\/barranco-del-poyo\/\" target=\"_blank\" rel=\"nofollow noopener\">Poyo<\/a>\u00ab.<\/p>\n<p class=\"ft-text\">Adem\u00e1s de incorporar las tres entrevistas, <a class=\"ft-link ft-link--decoration\" href=\"https:\/\/intersindical.org\/\" target=\"_blank\" rel=\"nofollow noopener\">Intersindical Valenciana<\/a> tambi\u00e9n solicita a la magistrada del Tribunal de Instancia 3 de Catarroja que requiera a las conselleries copia de los documentos sobre las actuaciones preventivas que adoptaron el 29 de octubre, tras decretarse una alerta roja por parte de Aemet, de las que informaron en el pleno del Consell, celebrado a las 9 horas del d\u00eda de la dana.<\/p>\n<p class=\"ft-text\">Igualmente, el sindicato tambi\u00e9n considera relevante recabar de la <a class=\"ft-link ft-link--decoration\" href=\"https:\/\/emergencias.gva.es\/es\/\" target=\"_blank\" rel=\"nofollow noopener\">Conselleria de Emergencias<\/a> (el 29-O bajo el nombre de Conselleria de Justicia e Interior) el informe que \u00abfue entregado a las 11.30 horas del pasado 29 de octubre a Presidencia de la Generalitat y que sirvi\u00f3 para que<a class=\"ft-link ft-link--decoration\" href=\"https:\/\/www.levante-emv.com\/tags\/carlos-mazon\/\" target=\"_blank\" rel=\"nofollow noopener\"> [Carlos] Maz\u00f3n<\/a> pudiese dar una rueda de prensa en la ma\u00f1ana de aquel d\u00eda\u00bb.<\/p>\n<p class=\"ft-text\">Por \u00faltimo, solicita a la jueza que requiera, de la <a class=\"ft-link ft-link--decoration\" href=\"https:\/\/emergencias.gva.es\/es\/\" target=\"_blank\" rel=\"nofollow noopener\">Conselleria de Emergencias<\/a>, copia de la solicitud para la activaci\u00f3n de la <a class=\"ft-link ft-link--decoration\" href=\"https:\/\/ume.defensa.gob.es\/\" target=\"_blank\" rel=\"nofollow noopener\">UME (Unidad militar de emergencias)<\/a> en toda la provincia de Valencia que fue <strong>firmada por el subdirector de Emergencias, Jorge Su\u00e1rez, el d\u00eda de la dana a las 20:30 horas<\/strong>.<\/p>\n<p class=\"ft-text\">La acusaci\u00f3n popular de <a class=\"ft-link ft-link--decoration\" href=\"https:\/\/intersindical.org\/\" target=\"_blank\" rel=\"nofollow noopener\">Intersindical Valenciana<\/a> recuerda que la magistrada del Tribunal de Instancia 3 de Catarroja ya ha realizado tres ofrecimientos al president para comparecer voluntariamente en el juzgado, como investigado o querellado, aunque formalmente no est\u00e1 obligado a hacerlo, por su condici\u00f3n de aforado. Ofrecimientos que Maz\u00f3n ha ignorado. Incluso en la entrevista en \u00c0 Punt evita contestar a la pregunta directa sobre si aceptar\u00e1 estos ofrecimientos.<\/p>\n<p class=\"ft-text\">El sindicato lamenta que el presidente de la Generalitat \u00abtrufa sus entrevistas p\u00fablicas con falsedades y contradicciones, con desprecio a los criterios internacionales de las agencias meteorol\u00f3gicas o frivolizando sobre los avisos rojos\u00bb, se\u00f1ala en referencia a los umbrales o los avisos de lluvias que ofrece la <a class=\"ft-link ft-link--decoration\" href=\"https:\/\/www.aemet.es\/es\/portada\" target=\"_blank\" rel=\"nofollow noopener\">Agencia estatal de meteorolog\u00eda<\/a>. Intersindical justifica el inter\u00e9s de su petici\u00f3n en la necesidad de contrastar las negaciones de Maz\u00f3n de que hubiese informaci\u00f3n sobre el \u00abcar\u00e1cter previsible de la barrancada y su afecci\u00f3n en l&#8217;Horta Sud\u00bb y recuerda que t\u00e9cnicos de Emergencias han declarado que \u00abinformaron de ello a la consellera Pradas antes de las 14 horas\u00bb y \u00absolicitaron vigilar Torrent, Picanya y Paiporta\u00bb, como se observa en los v\u00eddeos publicados hace una semana y que Emergencias ha mantenido ocultos durante once meses.<\/p>\n<p class=\"ft-text\">Respecto a aseveraciones del presidente de la Generalitat vertidas en las tres entrevistas, <a class=\"ft-link ft-link--decoration\" href=\"https:\/\/intersindical.org\/\" target=\"_blank\" rel=\"nofollow noopener\">Intersindical Valenciana<\/a> centra el foco en manifestaciones de \u00ab<strong>extraordinario inter\u00e9s para la investigaci\u00f3n<\/strong>\u00bb como que en la reuni\u00f3n del pleno del Consell (29-O), en presencia de la consellera Salom\u00e9 Pradas (ahora investigada), \u00ab<strong>el propio Maz\u00f3n pudo coordinar la prevenci\u00f3n y la preparaci\u00f3n de las distintas conselleries para cualquier eventualidad<\/strong>\u00ab. Y tambi\u00e9n cita otra afirmaci\u00f3n del president en la que asegura que \u00abj<strong>am\u00e1s dio una orden a Pradas, ni para convocar el Cecopi, ni para activar la UME, ni para mandar la alerta<\/strong>\u00ab.<\/p>\n<p data-close=\"closedContent\" class=\"subscribeHideForDisplay\">Suscr\u00edbete para seguir leyendo<\/p>\n","protected":false},"excerpt":{"rendered":"Intersindical Valenciana, que ejerce la acusaci\u00f3n popular en la causa de la dana, ha presentado un escrito para&hellip;\n","protected":false},"author":2,"featured_media":168384,"comment_status":"","ping_status":"","sticky":false,"template":"","format":"standard","meta":{"footnotes":""},"categories":[8],"tags":[17,18,2007,39026,1681,39023,49202,25,24,13,14,11,49200,49204,49201,49205,19,20,1439,9,10,15,16,34,23,12,49203,21,22,11004,39025],"class_list":{"0":"post-168383","1":"post","2":"type-post","3":"status-publish","4":"format-standard","5":"has-post-thumbnail","7":"category-espana","8":"tag-breaking-news","9":"tag-breakingnews","10":"tag-carlos-mazon","11":"tag-causa-dana","12":"tag-dana","13":"tag-dana-en-valencia","14":"tag-entrevistas-de-carlos-mazon","15":"tag-es","16":"tag-espana","17":"tag-featured-news","18":"tag-featurednews","19":"tag-headlines","20":"tag-intersindical","21":"tag-jueza-dana","22":"tag-jueza-de-la-dana","23":"tag-juicio-dana","24":"tag-latest-news","25":"tag-latestnews","26":"tag-mazon","27":"tag-news","28":"tag-noticias","29":"tag-noticias-destacadas","30":"tag-noticiasdestacadas","31":"tag-pide","32":"tag-spain","33":"tag-titulares","34":"tag-trufadas-de-falsedades-y-contradicciones","35":"tag-ultimas-noticias","36":"tag-ultimasnoticias","37":"tag-valenciana","38":"tag-victimas-dana"},"share_on_mastodon":{"url":"","error":""},"_links":{"self":[{"href":"https:\/\/www.europesays.com\/es\/wp-json\/wp\/v2\/posts\/168383","targetHints":{"allow":["GET"]}}],"collection":[{"href":"https:\/\/www.europesays.com\/es\/wp-json\/wp\/v2\/posts"}],"about":[{"href":"https:\/\/www.europesays.com\/es\/wp-json\/wp\/v2\/types\/post"}],"author":[{"embeddable":true,"href":"https:\/\/www.europesays.com\/es\/wp-json\/wp\/v2\/users\/2"}],"replies":[{"embeddable":true,"href":"https:\/\/www.europesays.com\/es\/wp-json\/wp\/v2\/comments?post=168383"}],"version-history":[{"count":0,"href":"https:\/\/www.europesays.com\/es\/wp-json\/wp\/v2\/posts\/168383\/revisions"}],"wp:featuredmedia":[{"embeddable":true,"href":"https:\/\/www.europesays.com\/es\/wp-json\/wp\/v2\/media\/168384"}],"wp:attachment":[{"href":"https:\/\/www.europesays.com\/es\/wp-json\/wp\/v2\/media?parent=168383"}],"wp:term":[{"taxonomy":"category","embeddable":true,"href":"https:\/\/www.europesays.com\/es\/wp-json\/wp\/v2\/categories?post=168383"},{"taxonomy":"post_tag","embeddable":true,"href":"https:\/\/www.europesays.com\/es\/wp-json\/wp\/v2\/tags?post=168383"}],"curies":[{"name":"wp","href":"https:\/\/api.w.org\/{rel}","templated":true}]}}